{"id":114687,"date":"2014-12-29T17:49:52","date_gmt":"2014-12-29T19:49:52","guid":{"rendered":"https:\/\/jundiai.sp.gov.br\/noticias\/?p=114687"},"modified":"2016-11-04T11:16:53","modified_gmt":"2016-11-04T13:16:53","slug":"parquimetros-nao-funcionarao-no-dia-31","status":"publish","type":"post","link":"https:\/\/jundiai.sp.gov.br\/noticias\/2014\/12\/29\/parquimetros-nao-funcionarao-no-dia-31\/","title":{"rendered":"Parqu\u00edmetros n\u00e3o funcionar\u00e3o no dia 31"},"content":{"rendered":"<p>A Secretaria de Transportes informa que, nesta quarta-feira (31 de dezembro), n\u00e3o haver\u00e1 cobran\u00e7a de estacionamento rotativo no munic\u00edpio.<\/p>\n<p>As m\u00e1quinas nas vias estar\u00e3o com o aviso de que os equipamentos est\u00e3o fora do hor\u00e1rio de opera\u00e7\u00e3o.<\/p>\n<p><em><strong>Assessoria de Imprensa<\/strong><\/em><\/p>\n","protected":false},"excerpt":{"rendered":"<p>A Secretaria de Transportes informa que, nesta quarta-feira (31 de dezembro), n\u00e3o haver\u00e1 cobran\u00e7a de estacionamento rotativo no munic\u00edpio. As m\u00e1quinas nas vias estar\u00e3o com o aviso de que os equipamentos est\u00e3o fora do hor\u00e1rio de opera\u00e7\u00e3o. Assessoria de Imprensa<\/p>\n","protected":false},"author":10,"featured_media":0,"comment_status":"closed","ping_status":"closed","sticky":false,"template":"","format":"standard","meta":{"footnotes":""},"categories":[2],"tags":[27,338],"ods":[],"class_list":["post-114687","post","type-post","status-publish","format-standard","hentry","category-noticias","tag-transito","tag-transportes"],"_links":{"self":[{"href":"https:\/\/jundiai.sp.gov.br\/noticias\/wp-json\/wp\/v2\/posts\/114687","targetHints":{"allow":["GET"]}}],"collection":[{"href":"https:\/\/jundiai.sp.gov.br\/noticias\/wp-json\/wp\/v2\/posts"}],"about":[{"href":"https:\/\/jundiai.sp.gov.br\/noticias\/wp-json\/wp\/v2\/types\/post"}],"author":[{"embeddable":true,"href":"https:\/\/jundiai.sp.gov.br\/noticias\/wp-json\/wp\/v2\/users\/10"}],"replies":[{"embeddable":true,"href":"https:\/\/jundiai.sp.gov.br\/noticias\/wp-json\/wp\/v2\/comments?post=114687"}],"version-history":[{"count":2,"href":"https:\/\/jundiai.sp.gov.br\/noticias\/wp-json\/wp\/v2\/posts\/114687\/revisions"}],"predecessor-version":[{"id":114689,"href":"https:\/\/jundiai.sp.gov.br\/noticias\/wp-json\/wp\/v2\/posts\/114687\/revisions\/114689"}],"wp:attachment":[{"href":"https:\/\/jundiai.sp.gov.br\/noticias\/wp-json\/wp\/v2\/media?parent=114687"}],"wp:term":[{"taxonomy":"category","embeddable":true,"href":"https:\/\/jundiai.sp.gov.br\/noticias\/wp-json\/wp\/v2\/categories?post=114687"},{"taxonomy":"post_tag","embeddable":true,"href":"https:\/\/jundiai.sp.gov.br\/noticias\/wp-json\/wp\/v2\/tags?post=114687"},{"taxonomy":"ods","embeddable":true,"href":"https:\/\/jundiai.sp.gov.br\/noticias\/wp-json\/wp\/v2\/ods?post=114687"}],"curies":[{"name":"wp","href":"https:\/\/api.w.org\/{rel}","templated":true}]}}