{"id":115102,"date":"2015-01-12T18:59:28","date_gmt":"2015-01-12T20:59:28","guid":{"rendered":"https:\/\/jundiai.sp.gov.br\/noticias\/?p=115102"},"modified":"2016-11-04T11:16:57","modified_gmt":"2016-11-04T13:16:57","slug":"festa-da-uva-preparativos-entram-na-reta-final","status":"publish","type":"post","link":"https:\/\/jundiai.sp.gov.br\/noticias\/2015\/01\/12\/festa-da-uva-preparativos-entram-na-reta-final\/","title":{"rendered":"Festa da Uva: preparativos entram na reta final"},"content":{"rendered":"<p><strong>Faltam apenas dez dias para o in\u00edcio da <a href=\"http:\/\/festadauva.jundiai.sp.gov.br\/\" target=\"_blank\">32\u00aa Festa da Uva e 3\u00aa Expo Vinhos de Jundia\u00ed<\/a>. E o trabalho n\u00e3o para no Parque Comendador Ant\u00f4nio Carbonari, o Parque da Uva, palco da tradicional festa. Nem o sol e o calor intenso dos \u00faltimos dias reduzem o ritmo das equipes de montagem e da Secretaria de Agricultura, Abastecimento e Turismo, respons\u00e1vel pela organiza\u00e7\u00e3o do evento.<\/strong><\/p>\n<p>\u201cEstamos h\u00e1 mais de um m\u00eas trabalhando nos preparativos de montagem. Agora entramos na reta final\u201d, destaca a diretora de Turismo, Marcela Moro, lembrando que desde 2013 a Festa da Uva passou a ser um evento anual. \u201cQuando termina uma festa j\u00e1 come\u00e7amos a pensar na pr\u00f3xima.\u201d<\/p>\n<p><strong>MAIS FESTA DA UVA<\/strong><br \/>\n<a href=\"https:\/\/jundiai.sp.gov.br\/noticias\/wp-content\/uploads\/sites\/32\/2015\/01\/fwdprogramao32festadauvaretificao.zip\"><strong>Confira a programa\u00e7\u00e3o completa da Festa da Uva <\/strong><\/a><br \/>\n<a href=\"https:\/\/jundiai.sp.gov.br\/noticias\/2015\/01\/12\/carreta-da-ponte-torta-vai-invadir-a-festa-da-uva\/\" target=\"_blank\"><strong>Carreta da Ponte Torta vai \u2018invadir\u2019 a Festa da Uva<\/strong><\/a><\/p>\n<div id=\"attachment_115103\" style=\"width: 730px\" class=\"wp-caption aligncenter\"><a href=\"https:\/\/jundiai.sp.gov.br\/noticias\/wp-content\/uploads\/sites\/32\/2015\/01\/montagem_festa_uva_D3g.jpg\"><img loading=\"lazy\" decoding=\"async\" aria-describedby=\"caption-attachment-115103\" src=\"https:\/\/jundiai.sp.gov.br\/noticias\/wp-content\/uploads\/sites\/32\/2015\/01\/montagem_festa_uva_D3g-720x491.jpg\" alt=\"Pra\u00e7a de alimenta\u00e7\u00e3o foi ampliada e contar\u00e1 com 4,2 mil m\u00b2\" width=\"720\" height=\"491\" class=\"size-large wp-image-115103\" srcset=\"https:\/\/jundiai.sp.gov.br\/noticias\/wp-content\/uploads\/sites\/32\/2015\/01\/montagem_festa_uva_D3g-720x491.jpg 720w, https:\/\/jundiai.sp.gov.br\/noticias\/wp-content\/uploads\/sites\/32\/2015\/01\/montagem_festa_uva_D3g-300x204.jpg 300w, https:\/\/jundiai.sp.gov.br\/noticias\/wp-content\/uploads\/sites\/32\/2015\/01\/montagem_festa_uva_D3g.jpg 1240w\" sizes=\"auto, (max-width: 720px) 100vw, 720px\" \/><\/a><p id=\"caption-attachment-115103\" class=\"wp-caption-text\">Pra\u00e7a de alimenta\u00e7\u00e3o foi ampliada e contar\u00e1 com 4,2 mil m\u00b2<\/p><\/div>\n<p>Este ano, os visitantes ter\u00e3o mais espa\u00e7o na pra\u00e7a de alimenta\u00e7\u00e3o, que ter\u00e1 4,2 mil m\u00b2 de \u00e1rea totalmente coberta. Ser\u00e3o 16 comunidades e festas de bairros tradicionais. Outra novidade ser\u00e1 o espa\u00e7o infantil coberto. <\/p>\n<p>A Festa da Uva deste ano tamb\u00e9m ter\u00e1 algumas atra\u00e7\u00f5es \u00e0 parte. No dia 24 (s\u00e1bado), ser\u00e1 realizada a \u201ctratorada\u201d; no dia 25 (domingo), o desfile e encontro de motociclistas; no dia 1\u00ba de fevereiro (domingo), a 3\u00aa Cavalgada da Uva; e no dia 8 (domingo), o desfile e exposi\u00e7\u00e3o de carros antigos.<\/p>\n<p>No primeiro pavilh\u00e3o, ficar\u00e3o as exposi\u00e7\u00f5es das fotos premiadas no <a href=\"https:\/\/jundiai.sp.gov.br\/noticias\/2015\/01\/05\/festa-da-uva-2015-prorrogado-prazo-para-concurso-de-fotografia\/\" target=\"_blank\">Concurso de Fotografia<\/a>, as frutas premiadas durante a festa e uma casa interativa, outra novidade neste ano, que vai simular uma casa de s\u00edtio.<\/p>\n<p>O segundo pavilh\u00e3o abrigar\u00e1 a Expo Vinhos, com degusta\u00e7\u00e3o e venda de vinhos, al\u00e9m da pisa da uva, atividades culturais, exposi\u00e7\u00e3o das 25 telas de <a href=\"https:\/\/jundiai.sp.gov.br\/noticias\/2014\/12\/18\/artistas-pintam-com-vinho-para-32a-festa-da-uva\/\" target=\"_blank\">pintura com vinho<\/a> e o palco interno, com shows musicais.<\/p>\n<p>J\u00e1 o terceiro pavilh\u00e3o receber\u00e1 os produtores de uva. Este ano, o espa\u00e7o ser\u00e1 dividido em nove bairros.<\/p>\n<p>Nas ruas externas ficar\u00e3o o espa\u00e7o do artesanato, que este ano contar\u00e1 com 40 artes\u00e3os do programa \u201cJundia\u00ed feito \u00e0 m\u00e3o\u201d, e o Espa\u00e7o Emp\u00f3rio, com 15 expositores. Al\u00e9m do palco externo e do coreto, onde tamb\u00e9m ser\u00e3o realizados shows musicais.<\/p>\n<div id=\"attachment_115104\" style=\"width: 730px\" class=\"wp-caption aligncenter\"><a href=\"https:\/\/jundiai.sp.gov.br\/noticias\/wp-content\/uploads\/sites\/32\/2015\/01\/montagem_festa_uva_D12g.jpg\"><img loading=\"lazy\" decoding=\"async\" aria-describedby=\"caption-attachment-115104\" src=\"https:\/\/jundiai.sp.gov.br\/noticias\/wp-content\/uploads\/sites\/32\/2015\/01\/montagem_festa_uva_D12g-720x480.jpg\" alt=\"Equipes trabalham na montagem da estrutura\" width=\"720\" height=\"480\" class=\"size-large wp-image-115104\" srcset=\"https:\/\/jundiai.sp.gov.br\/noticias\/wp-content\/uploads\/sites\/32\/2015\/01\/montagem_festa_uva_D12g-720x480.jpg 720w, https:\/\/jundiai.sp.gov.br\/noticias\/wp-content\/uploads\/sites\/32\/2015\/01\/montagem_festa_uva_D12g-300x200.jpg 300w, https:\/\/jundiai.sp.gov.br\/noticias\/wp-content\/uploads\/sites\/32\/2015\/01\/montagem_festa_uva_D12g.jpg 1240w\" sizes=\"auto, (max-width: 720px) 100vw, 720px\" \/><\/a><p id=\"caption-attachment-115104\" class=\"wp-caption-text\">Equipes trabalham na montagem da estrutura<\/p><\/div>\n<p><strong>Festa<\/strong><br \/>\n<strong>A 32\u00aa Festa da Uva e 3\u00aa Expo Vinhos ser\u00e1 realizada nos dias 22, 23, 24, 25, 30 e 31 de janeiro e 1, 6, 7 e 8 de fevereiro de 2015, no Parque Comendador Ant\u00f4nio Carbonari \u2013 Parque da Uva, com entrada gratuita.<\/strong><\/p>\n<p>O maior evento cultural e hist\u00f3rico da cidade retornou \u00e0s origens no Governo Pedro Bigardi com a participa\u00e7\u00e3o efetiva dos agricultores, shows regionais e entrada gratuita. Em 2014, a festa atraiu 127 mil pessoas e, na edi\u00e7\u00e3o de 2015, a expectativa \u00e9 alcan\u00e7ar a marca de 150 mil visitantes.<\/p>\n<p><em><strong>Niza Souza<br \/>\nFotos: Dorival Pinheiro Filho <\/strong><\/em><\/p>\n","protected":false},"excerpt":{"rendered":"<p>A dez dias do evento, nem mesmo o calor \u00e9 capaz de reduzir o ritmo dos preparativos no Parque da Uva <\/p>\n","protected":false},"author":10,"featured_media":115108,"comment_status":"closed","ping_status":"closed","sticky":false,"template":"","format":"standard","meta":{"footnotes":""},"categories":[2],"tags":[41,7,309],"ods":[],"class_list":["post-115102","post","type-post","status-publish","format-standard","has-post-thumbnail","hentry","category-noticias","tag-agricultura-abastecimento-e-turismo","tag-festa-da-uva","tag-festa-da-uva-2015"],"_links":{"self":[{"href":"https:\/\/jundiai.sp.gov.br\/noticias\/wp-json\/wp\/v2\/posts\/115102","targetHints":{"allow":["GET"]}}],"collection":[{"href":"https:\/\/jundiai.sp.gov.br\/noticias\/wp-json\/wp\/v2\/posts"}],"about":[{"href":"https:\/\/jundiai.sp.gov.br\/noticias\/wp-json\/wp\/v2\/types\/post"}],"author":[{"embeddable":true,"href":"https:\/\/jundiai.sp.gov.br\/noticias\/wp-json\/wp\/v2\/users\/10"}],"replies":[{"embeddable":true,"href":"https:\/\/jundiai.sp.gov.br\/noticias\/wp-json\/wp\/v2\/comments?post=115102"}],"version-history":[{"count":5,"href":"https:\/\/jundiai.sp.gov.br\/noticias\/wp-json\/wp\/v2\/posts\/115102\/revisions"}],"predecessor-version":[{"id":115111,"href":"https:\/\/jundiai.sp.gov.br\/noticias\/wp-json\/wp\/v2\/posts\/115102\/revisions\/115111"}],"wp:featuredmedia":[{"embeddable":true,"href":"https:\/\/jundiai.sp.gov.br\/noticias\/wp-json\/wp\/v2\/media\/115108"}],"wp:attachment":[{"href":"https:\/\/jundiai.sp.gov.br\/noticias\/wp-json\/wp\/v2\/media?parent=115102"}],"wp:term":[{"taxonomy":"category","embeddable":true,"href":"https:\/\/jundiai.sp.gov.br\/noticias\/wp-json\/wp\/v2\/categories?post=115102"},{"taxonomy":"post_tag","embeddable":true,"href":"https:\/\/jundiai.sp.gov.br\/noticias\/wp-json\/wp\/v2\/tags?post=115102"},{"taxonomy":"ods","embeddable":true,"href":"https:\/\/jundiai.sp.gov.br\/noticias\/wp-json\/wp\/v2\/ods?post=115102"}],"curies":[{"name":"wp","href":"https:\/\/api.w.org\/{rel}","templated":true}]}}