{"id":115129,"date":"2015-01-13T15:28:36","date_gmt":"2015-01-13T17:28:36","guid":{"rendered":"https:\/\/jundiai.sp.gov.br\/noticias\/?p=115129"},"modified":"2016-11-04T11:17:26","modified_gmt":"2016-11-04T13:17:26","slug":"foco-dos-cursos-do-fundo-social-e-a-profissionalizacao","status":"publish","type":"post","link":"https:\/\/jundiai.sp.gov.br\/noticias\/2015\/01\/13\/foco-dos-cursos-do-fundo-social-e-a-profissionalizacao\/","title":{"rendered":"Nova turma come\u00e7a curso de Moda no Fundo Social"},"content":{"rendered":"<p><strong>Fernanda Reis, moradora da Vila Marlene, \u00e9 casada e n\u00e3o tem filhos. Este ano, ela decidiu aproveitar o tempo dispon\u00edvel durante o dia para aprender uma nova atividade e se inscreveu no curso de moda oferecido gratuitamente pelo <a href=\"https:\/\/www.facebook.com\/fundosocialsolidariedadedejundiai?fref=ts\" target=\"_blank\">Fundo Social de Solidariedade (Funss)<\/a>. As aulas tiveram in\u00edcio nesta ter\u00e7a-feira (13).<\/strong><\/p>\n<p>Assim como ela, outras dezenas de mulheres est\u00e3o aproveitando essa oportunidade e, dentro de cinco meses, <strong>ter\u00e3o uma nova profiss\u00e3o, podendo trabalhar por conta pr\u00f3pria ou preencher uma vaga em uma confec\u00e7\u00e3o. O Fundo Social disponibiliza ainda outros cursos, mas o de moda \u00e9 um dos mais procurados hoje em dia.<\/strong><\/p>\n<p><strong>LEIA TAMB\u00c9M<br \/>\n<a href=\"https:\/\/jundiai.sp.gov.br\/noticias\/2015\/01\/12\/festa-da-uva-preparativos-entram-na-reta-final\/\" target=\"_blank\">Festa da Uva: preparativos entram na reta final<\/a><br \/>\n<a href=\"https:\/\/jundiai.sp.gov.br\/noticias\/2015\/01\/13\/inscricao-para-creche-comeca-nesta-quinta-feira-15\/\" target=\"_blank\">Inscri\u00e7\u00e3o para creche come\u00e7a nesta quinta-feira (15)<\/a><\/strong><\/p>\n<div id=\"attachment_115132\" style=\"width: 730px\" class=\"wp-caption aligncenter\"><a href=\"https:\/\/jundiai.sp.gov.br\/noticias\/wp-content\/uploads\/sites\/32\/2015\/01\/Inicio_Curso_Moda_FUNSS_c_20_G.jpg\"><img loading=\"lazy\" decoding=\"async\" aria-describedby=\"caption-attachment-115132\" src=\"https:\/\/jundiai.sp.gov.br\/noticias\/wp-content\/uploads\/sites\/32\/2015\/01\/Inicio_Curso_Moda_FUNSS_c_20_G-720x530.jpg\" alt=\"O curso abrange todos os passos da arte de costurar\" width=\"720\" height=\"530\" class=\"size-large wp-image-115132\" srcset=\"https:\/\/jundiai.sp.gov.br\/noticias\/wp-content\/uploads\/sites\/32\/2015\/01\/Inicio_Curso_Moda_FUNSS_c_20_G-720x530.jpg 720w, https:\/\/jundiai.sp.gov.br\/noticias\/wp-content\/uploads\/sites\/32\/2015\/01\/Inicio_Curso_Moda_FUNSS_c_20_G-300x221.jpg 300w, https:\/\/jundiai.sp.gov.br\/noticias\/wp-content\/uploads\/sites\/32\/2015\/01\/Inicio_Curso_Moda_FUNSS_c_20_G.jpg 1240w\" sizes=\"auto, (max-width: 720px) 100vw, 720px\" \/><\/a><p id=\"caption-attachment-115132\" class=\"wp-caption-text\">O curso abrange todos os passos da arte de costurar<\/p><\/div>\n<p>De acordo com a professora Ana Luiza Nogueira Dias, o curso vai permitir \u00e0s participantes aprender a <strong>desenhar moldes, montar e costurar diversas pe\u00e7as de roupas<\/strong>, como saias, blusas, cal\u00e7as e outras. \u201cO curso ensina o necess\u00e1rio para uma pessoa iniciar-se na atividade de costureira e, depois, se desejar, pode fazer outros de aperfei\u00e7oamento\u201d, explica.<\/p>\n<p>Nesta etapa, <strong>o curso de modas conta com quatro turmas de dez pessoas cada, com quatro m\u00f3dulos ao longo de cinco meses.<\/strong> As aulas s\u00e3o semanais e duram em m\u00e9dia tr\u00eas horas, \u00e0s ter\u00e7as e quintas-feiras. \u201cNesse formato, conseguimos realizar dois cursos por ano\u201d, destaca Ana Luiza.<\/p>\n<p><strong>A presidente do Fundo Social, Margarete Geraldo Bigardi, ressalta que os cursos cumprem uma programa\u00e7\u00e3o constante e, ao longo dos \u00faltimos meses, t\u00eam feito a alegria de muitas pessoas<\/strong>. \u201cMuitos come\u00e7aram uma nova atividade depois de passar pelo Fundo Social e isso \u00e9 muito importante, pois a pessoa que amplia seus conhecimentos t\u00eam mais oportunidades de melhorar o or\u00e7amento dom\u00e9stico.\u201d<\/p>\n<p>Se voc\u00ea quiser saber mais sobre os cursos do Fundo Social, pode comparecer pessoalmente \u00e0 avenida Manoela Lacerda de Vergueiro, s\/n, Port\u00e3o 3, anexo ao Parque da Uva, no Anhangaba\u00fa. Para informa\u00e7\u00f5es, o telefone \u00e9 (11) 4522-7860.<\/p>\n<div id=\"attachment_115133\" style=\"width: 730px\" class=\"wp-caption aligncenter\"><a href=\"https:\/\/jundiai.sp.gov.br\/noticias\/wp-content\/uploads\/sites\/32\/2015\/01\/Inicio_Curso_Moda_FUNSS_c_14_G.jpg\"><img loading=\"lazy\" decoding=\"async\" aria-describedby=\"caption-attachment-115133\" src=\"https:\/\/jundiai.sp.gov.br\/noticias\/wp-content\/uploads\/sites\/32\/2015\/01\/Inicio_Curso_Moda_FUNSS_c_14_G-720x553.jpg\" alt=\"Ana Luiza: curso \u00e9 um dos mais procurados\" width=\"720\" height=\"553\" class=\"size-large wp-image-115133\" srcset=\"https:\/\/jundiai.sp.gov.br\/noticias\/wp-content\/uploads\/sites\/32\/2015\/01\/Inicio_Curso_Moda_FUNSS_c_14_G-720x553.jpg 720w, https:\/\/jundiai.sp.gov.br\/noticias\/wp-content\/uploads\/sites\/32\/2015\/01\/Inicio_Curso_Moda_FUNSS_c_14_G-300x230.jpg 300w, https:\/\/jundiai.sp.gov.br\/noticias\/wp-content\/uploads\/sites\/32\/2015\/01\/Inicio_Curso_Moda_FUNSS_c_14_G.jpg 1240w\" sizes=\"auto, (max-width: 720px) 100vw, 720px\" \/><\/a><p id=\"caption-attachment-115133\" class=\"wp-caption-text\">Ana Luiza: curso \u00e9 um dos mais procurados<\/p><\/div>\n<p><strong><em>Assessoria de Imprensa<br \/>\nFotos: Cleber de Almeida<\/em><\/strong><\/p>\n<p><strong>Assista \u00e0 reportagem da TVE Jundia\u00ed<\/strong><br \/>\nhttp:\/\/youtu.be\/XojLAiNMo6s<\/p>\n","protected":false},"excerpt":{"rendered":"<p>Ao todo, s\u00e3o quatro turmas, totalizando quarenta pessoas no curso , que teve in\u00edcio nesta ter\u00e7a-feira (13)<\/p>\n","protected":false},"author":14,"featured_media":115139,"comment_status":"closed","ping_status":"closed","sticky":false,"template":"","format":"standard","meta":{"footnotes":""},"categories":[2],"tags":[430,416],"ods":[],"class_list":["post-115129","post","type-post","status-publish","format-standard","has-post-thumbnail","hentry","category-noticias","tag-cursos-gratuitos","tag-fundo-social-de-solidariedade-funss"],"_links":{"self":[{"href":"https:\/\/jundiai.sp.gov.br\/noticias\/wp-json\/wp\/v2\/posts\/115129","targetHints":{"allow":["GET"]}}],"collection":[{"href":"https:\/\/jundiai.sp.gov.br\/noticias\/wp-json\/wp\/v2\/posts"}],"about":[{"href":"https:\/\/jundiai.sp.gov.br\/noticias\/wp-json\/wp\/v2\/types\/post"}],"author":[{"embeddable":true,"href":"https:\/\/jundiai.sp.gov.br\/noticias\/wp-json\/wp\/v2\/users\/14"}],"replies":[{"embeddable":true,"href":"https:\/\/jundiai.sp.gov.br\/noticias\/wp-json\/wp\/v2\/comments?post=115129"}],"version-history":[{"count":6,"href":"https:\/\/jundiai.sp.gov.br\/noticias\/wp-json\/wp\/v2\/posts\/115129\/revisions"}],"predecessor-version":[{"id":115456,"href":"https:\/\/jundiai.sp.gov.br\/noticias\/wp-json\/wp\/v2\/posts\/115129\/revisions\/115456"}],"wp:featuredmedia":[{"embeddable":true,"href":"https:\/\/jundiai.sp.gov.br\/noticias\/wp-json\/wp\/v2\/media\/115139"}],"wp:attachment":[{"href":"https:\/\/jundiai.sp.gov.br\/noticias\/wp-json\/wp\/v2\/media?parent=115129"}],"wp:term":[{"taxonomy":"category","embeddable":true,"href":"https:\/\/jundiai.sp.gov.br\/noticias\/wp-json\/wp\/v2\/categories?post=115129"},{"taxonomy":"post_tag","embeddable":true,"href":"https:\/\/jundiai.sp.gov.br\/noticias\/wp-json\/wp\/v2\/tags?post=115129"},{"taxonomy":"ods","embeddable":true,"href":"https:\/\/jundiai.sp.gov.br\/noticias\/wp-json\/wp\/v2\/ods?post=115129"}],"curies":[{"name":"wp","href":"https:\/\/api.w.org\/{rel}","templated":true}]}}