{"id":115174,"date":"2015-01-13T18:18:40","date_gmt":"2015-01-13T20:18:40","guid":{"rendered":"https:\/\/jundiai.sp.gov.br\/noticias\/?p=115174"},"modified":"2016-11-04T11:17:27","modified_gmt":"2016-11-04T13:17:27","slug":"projeto-ponte-torta-traz-palestra-de-arqueologa-a-jundiai","status":"publish","type":"post","link":"https:\/\/jundiai.sp.gov.br\/noticias\/2015\/01\/13\/projeto-ponte-torta-traz-palestra-de-arqueologa-a-jundiai\/","title":{"rendered":"Projeto &#8216;Ponte Torta&#8217; traz palestra de arque\u00f3loga"},"content":{"rendered":"<p><a href=\"https:\/\/jundiai.sp.gov.br\/noticias\/wp-content\/uploads\/sites\/32\/2015\/01\/cartaz_ponte_torta_G.jpg\"><img loading=\"lazy\" decoding=\"async\" src=\"https:\/\/jundiai.sp.gov.br\/noticias\/wp-content\/uploads\/sites\/32\/2015\/01\/cartaz_ponte_torta_G-300x420.jpg\" alt=\"cartaz_ponte_torta_G\" width=\"330\" height=\"370\" class=\"alignleft size-medium wp-image-115175\" \/><\/a><strong>Uma das grandes especialistas do <a href=\"http:\/\/portal.iphan.gov.br\/portal\/montarPaginaInicial.do;jsessionid=CB3A0FC89F896AE1A4D230A6208C823A\" target=\"_blank\">Instituto do Patrim\u00f4nio Hist\u00f3rico e Art\u00edstico Nacional (Iphan)<\/a>, Marise Campos de Souza, \u00e9 a atra\u00e7\u00e3o desta semana no audit\u00f3rio da Biblioteca Municipal Professor Nelson Foot, no Complexo Argos. Ela vai mostrar as experi\u00eancias de arqueologia e conserva\u00e7\u00e3o de patrim\u00f4nios em diversos lugares do Pa\u00eds e do mundo a partir das 14 horas, nesta sexta-feira (16). A entrada \u00e9 gratuita.<\/strong><\/p>\n<p>A iniciativa \u00e9 uma parte do lado social do <strong><a href=\"http:\/\/pontetorta.jundiai.sp.gov.br\/o-projeto\/\" target=\"_blank\">projeto A\u00e7\u00f5es de Conserva\u00e7\u00e3o e Restaura\u00e7\u00e3o da Ponte Torta<\/a><\/strong>, implementado pela Prefeitura de Jundia\u00ed e pelo <strong><a href=\"http:\/\/estudiosarasa.com.br\/\" target=\"_blank\">Est\u00fadio Saras\u00e1<\/a><\/strong>.<\/p>\n<p>A palestrante \u00e9 uma das organizadoras de livros como \u201cArqueologia Preventiva\u201d, &#8220;Patrim\u00f4nio: 70 Anos em S\u00e3o Paulo&#8221; e \u201cNormas e Gerenciamento do Patrim\u00f4nio Arqueol\u00f3gico\u201d, entre outros.<\/p>\n<p><strong><a href=\"http:\/\/pontetorta.jundiai.sp.gov.br\/\" target=\"_blank\">CONFIRA O SITE DA PONTE TORTA<\/a><\/strong><\/p>\n<p><strong>LEIA TAMB\u00c9M<br \/>\n<a href=\"https:\/\/jundiai.sp.gov.br\/noticias\/2015\/01\/12\/carreta-da-ponte-torta-vai-invadir-a-festa-da-uva\/\" target=\"_blank\">Carreta da Ponte Torta vai \u2018invadir\u2019 a Festa da Uva<\/a><\/strong><\/p>\n<p>Graduada em Portugal pela Universidade Tr\u00e1s-os-Montes e Alto Douro, Marise definiu as preocupa\u00e7\u00f5es com os bens coletivos de uma maneira bastante clara em sua tese de doutorado. \u201c<strong>O patrim\u00f4nio cultural \u00e9 vulner\u00e1vel. Est\u00e1 constantemente amea\u00e7ado, seja pelo processo de deteriora\u00e7\u00e3o natural decorrente da a\u00e7\u00e3o do tempo, pelo fen\u00f4meno da globaliza\u00e7\u00e3o que propicia a uniformiza\u00e7\u00e3o cultural dos valores e comportamentos, pela atua\u00e7\u00e3o das rela\u00e7\u00f5es econ\u00f4micas e sociais ou pelo risco relacionado \u00e0s atividades humanas<\/strong>\u201d, afirmou.<\/p>\n<p>E prosseguiu lembrando que \u201cesses conjuntos de fatores favorecem problemas de toda ordem; de natureza cientifica, t\u00e9cnica, financeira, pol\u00edtica, e determinam a necessidade de escolhas culturais&#8221;. Para ela, a necessidade de garantir a difus\u00e3o do saber e assegurar a identifica\u00e7\u00e3o, prote\u00e7\u00e3o, conserva\u00e7\u00e3o, valoriza\u00e7\u00e3o e transmiss\u00e3o do patrim\u00f4nio cultural \u00e0s gera\u00e7\u00f5es futuras parecem evidentes. &#8220;Entretanto, a prote\u00e7\u00e3o de tal patrim\u00f4nio tem se mostrado \u00e0s vezes inadequada devido \u00e0 insufici\u00eancia de recursos econ\u00f4micos e \u00e0 diversidade de elementos que devem ser avaliados para uma interven\u00e7\u00e3o t\u00e9cnico-cient\u00edfica de salvaguarda dos bens.\u201d<\/p>\n<p>Para quem imagina que esse assunto \u00e9 restrito a bancos de faculdade, ela pode contar at\u00e9 mesmo das parcerias firmadas entre o Iphan e a pol\u00edcia internacional (Interpol) na recupera\u00e7\u00e3o de bens desaparecidos. A participa\u00e7\u00e3o \u00e9 aberta a todos os interessados.<\/p>\n<p>&#8220;Tivemos a presen\u00e7a de t\u00e9cnicos, estudantes e moradores preocupados com esse tema, e os eventos seguem abertos para todos os interessados&#8221;, destaca Daniela Colagrossi, da Secretaria de Planejamento e Meio Ambiente.<\/p>\n<p><strong>Mais eventos<\/strong><br \/>\nO projeto realiza novos encontros no mesmo local e hor\u00e1rio sobre <strong>conserva\u00e7\u00e3o preventiva na sexta-feira (23)<\/strong> e <strong>hist\u00f3ria e patrim\u00f4nio na sexta-feira (30)<\/strong>, sempre com espa\u00e7o aberto para a <strong>grava\u00e7\u00e3o de depoimentos de moradores<\/strong>.<\/p>\n<p>Neste m\u00eas de janeiro haver\u00e1 tamb\u00e9m <strong>oficinas educativas para crian\u00e7as, adolescentes e adultos<\/strong>. A primeira delas ocorre no Jardim Novo Horizonte, na Estrada Municipal do Varj\u00e3o, 2.210, no s\u00e1bado (24), das 10h \u00e0s 13h. A segunda ser\u00e1 na <strong><a href=\"http:\/\/festadauva.jundiai.sp.gov.br\/\" target=\"_blank\">32\u00aa Festa da Uva de Jundia\u00ed <\/a><\/strong>no <strong>s\u00e1bado (31 de janeiro), das 15h \u00e0s 19h<\/strong>, com repeteco no s<strong>\u00e1bado (1\u00ba de fevereiro) das 12h \u00e0s 16h<\/strong>.<\/p>\n<p><strong><em>Jos\u00e9 Arnaldo de Oliveira<\/em><\/strong><\/p>\n","protected":false},"excerpt":{"rendered":"<p>Palestra est\u00e1 marcada para esta sexta-feira (16), no audit\u00f3rio da Biblioteca Municipal, \u00e0s 14h. A entrada \u00e9 gratuita<\/p>\n","protected":false},"author":14,"featured_media":115077,"comment_status":"closed","ping_status":"closed","sticky":false,"template":"","format":"standard","meta":{"footnotes":""},"categories":[2],"tags":[456,505,7,309,32,427],"ods":[],"class_list":["post-115174","post","type-post","status-publish","format-standard","has-post-thumbnail","hentry","category-noticias","tag-32a-festa-da-uva","tag-biblioteca-municipal-professor-nelson-foot","tag-festa-da-uva","tag-festa-da-uva-2015","tag-planejamento-e-meio-ambiente","tag-ponte-torta"],"_links":{"self":[{"href":"https:\/\/jundiai.sp.gov.br\/noticias\/wp-json\/wp\/v2\/posts\/115174","targetHints":{"allow":["GET"]}}],"collection":[{"href":"https:\/\/jundiai.sp.gov.br\/noticias\/wp-json\/wp\/v2\/posts"}],"about":[{"href":"https:\/\/jundiai.sp.gov.br\/noticias\/wp-json\/wp\/v2\/types\/post"}],"author":[{"embeddable":true,"href":"https:\/\/jundiai.sp.gov.br\/noticias\/wp-json\/wp\/v2\/users\/14"}],"replies":[{"embeddable":true,"href":"https:\/\/jundiai.sp.gov.br\/noticias\/wp-json\/wp\/v2\/comments?post=115174"}],"version-history":[{"count":5,"href":"https:\/\/jundiai.sp.gov.br\/noticias\/wp-json\/wp\/v2\/posts\/115174\/revisions"}],"predecessor-version":[{"id":115180,"href":"https:\/\/jundiai.sp.gov.br\/noticias\/wp-json\/wp\/v2\/posts\/115174\/revisions\/115180"}],"wp:featuredmedia":[{"embeddable":true,"href":"https:\/\/jundiai.sp.gov.br\/noticias\/wp-json\/wp\/v2\/media\/115077"}],"wp:attachment":[{"href":"https:\/\/jundiai.sp.gov.br\/noticias\/wp-json\/wp\/v2\/media?parent=115174"}],"wp:term":[{"taxonomy":"category","embeddable":true,"href":"https:\/\/jundiai.sp.gov.br\/noticias\/wp-json\/wp\/v2\/categories?post=115174"},{"taxonomy":"post_tag","embeddable":true,"href":"https:\/\/jundiai.sp.gov.br\/noticias\/wp-json\/wp\/v2\/tags?post=115174"},{"taxonomy":"ods","embeddable":true,"href":"https:\/\/jundiai.sp.gov.br\/noticias\/wp-json\/wp\/v2\/ods?post=115174"}],"curies":[{"name":"wp","href":"https:\/\/api.w.org\/{rel}","templated":true}]}}