{"id":115478,"date":"2015-01-19T18:17:38","date_gmt":"2015-01-19T20:17:38","guid":{"rendered":"https:\/\/jundiai.sp.gov.br\/noticias\/?p=115478"},"modified":"2016-11-04T11:19:05","modified_gmt":"2016-11-04T13:19:05","slug":"festa-da-uva-prepara-abertura-em-grande-estilo-nesta-quinta-19","status":"publish","type":"post","link":"https:\/\/jundiai.sp.gov.br\/noticias\/2015\/01\/19\/festa-da-uva-prepara-abertura-em-grande-estilo-nesta-quinta-19\/","title":{"rendered":"Festa da Uva prepara abertura em grande estilo nesta quinta (22)"},"content":{"rendered":"<p><strong>Uma cerim\u00f4nia marcada pela emo\u00e7\u00e3o das autoridades e produtores agr\u00edcolas, seguida pela tradicional encena\u00e7\u00e3o da Pisa da Uva e ainda um show de cl\u00e1ssicos do rock apresentado com piano e violino prometem fazer da abertura da <a href=\"http:\/\/festadauva.jundiai.sp.gov.br\/\" target=\"_blank\">32\u00aa Festa da Uva de Jundia\u00ed e da 3\u00aa Expo Vinho<\/a> um grande momento nesta quinta-feira (22), no Parque Municipal Comendador Antonio Carbonari. Os port\u00f5es do parque ser\u00e3o abertos \u00e0s 18h e a abertura oficial est\u00e1 marcada para as 19h30.<\/p>\n<p>\u201cEssa \u00e9 a nossa maior festa, que est\u00e1 relacionada com a pr\u00f3pria identidade da cidade\u201d, afirma o prefeito Pedro Bigardi.<\/strong><\/p>\n<p><strong><a href=\"https:\/\/www.flickr.com\/photos\/prefeituradejundiai\/sets\/72157648700366387\/\" target=\"_blank\">VEJA AS FOTOS DA CORTE DA UVA 2015<\/a><br \/>\n<a href=\"http:\/\/festadauva.jundiai.sp.gov.br\/atracoes\/\" target=\"_blank\">CONFIRA A PROGRAMA\u00c7\u00c3O COMPLETA DA FESTA<\/a><\/strong><\/p>\n<p><strong>LEIA TAMB\u00c9M<br \/>\n<a href=\"https:\/\/jundiai.sp.gov.br\/noticias\/2015\/01\/16\/parque-da-uva-esta-renovado-para-sua-maior-festa\/\" target=\"_blank\">Parque da Uva est\u00e1 renovado para sua maior festa<\/a><br \/>\n<a href=\"https:\/\/jundiai.sp.gov.br\/noticias\/2015\/01\/15\/com-140-atracoes-festa-da-uva-garante-diversao-e-cultura\/\" target=\"_blank\">Com 140 atra\u00e7\u00f5es, Festa da Uva garante divers\u00e3o e cultura<\/a><\/strong><\/p>\n<div id=\"attachment_115482\" style=\"width: 730px\" class=\"wp-caption aligncenter\"><a href=\"https:\/\/jundiai.sp.gov.br\/noticias\/wp-content\/uploads\/sites\/32\/2015\/01\/corte_uva_g1.jpg\"><img loading=\"lazy\" decoding=\"async\" aria-describedby=\"caption-attachment-115482\" src=\"https:\/\/jundiai.sp.gov.br\/noticias\/wp-content\/uploads\/sites\/32\/2015\/01\/corte_uva_g1-720x546.jpg\" alt=\"A rainha Grayce Guerini e as princesas Stephany Corsino e Let\u00edcia Branco convidam para a festa\" width=\"720\" height=\"546\" class=\"size-large wp-image-115482\" srcset=\"https:\/\/jundiai.sp.gov.br\/noticias\/wp-content\/uploads\/sites\/32\/2015\/01\/corte_uva_g1-720x546.jpg 720w, https:\/\/jundiai.sp.gov.br\/noticias\/wp-content\/uploads\/sites\/32\/2015\/01\/corte_uva_g1-300x227.jpg 300w, https:\/\/jundiai.sp.gov.br\/noticias\/wp-content\/uploads\/sites\/32\/2015\/01\/corte_uva_g1.jpg 1240w\" sizes=\"auto, (max-width: 720px) 100vw, 720px\" \/><\/a><p id=\"caption-attachment-115482\" class=\"wp-caption-text\">A rainha Grayce Guerini e as princesas Stephany Corsino e Let\u00edcia Branco convidam para a festa<\/p><\/div>\n<p>A festa vai seguir<strong> at\u00e9 8 de fevereiro<\/strong>, sempre \u00e0s <strong>sextas-feiras, s\u00e1bados e domingos<\/strong>. Sua produ\u00e7\u00e3o envolve aproximadamente <strong>mil pessoas, incluindo 160 expositores e 140 atra\u00e7\u00f5es <\/strong>art\u00edsticas de m\u00fasica, teatro e circo.<\/p>\n<p>Depois da <strong>abertura \u00e0s 19h<\/strong>, al\u00e9m da <strong>cerim\u00f4nia da Pisa da Uva \u00e0s 20h<\/strong> (e que ser\u00e1 repetida <strong>sempre \u00e0s 15h dos s\u00e1bados e domingos<\/strong>), a <strong>atra\u00e7\u00e3o que abre o programa \u00e0s 20h30 \u00e9 o Trio &#038; Arte<\/strong>, em forma\u00e7\u00e3o especial como quarteto para apresentar can\u00e7\u00f5es consagradas do g\u00eanero rock com piano, violino, guitarra e bateria.<\/p>\n<p><strong>Os sabores dos bairros <\/strong><br \/>\nUm setor do evento formado por volunt\u00e1rios \u00e9 a <strong>gastronomia do Deguste Jundia\u00ed<\/strong>, que traz as equipes das mais tradicionais festas dos bairros da cidade. \u00c9 formado por barracas do Travi\u00fa, do Caxambu, do Tarum\u00e3 e S\u00e3o Camilo, da Vila Arens, do Corrupira, do Anhangaba\u00fa, do Jundia\u00ed Mirim, da Vila Comercial, do Eloy Chaves, do Jardim do Lago, do Cidade Nova e mais da Nipo Brasileira, do Chopp e do Vinho Artesanal.<\/p>\n<p>A festa conta ainda com os <strong>artes\u00e3os do programa Jundia\u00ed Feito \u00e0 M\u00e3o,<\/strong> o <strong>Espa\u00e7o Crian\u00e7a<\/strong>, a <strong>Fazendinha<\/strong>, o <strong>Espa\u00e7o Vinho e Cultura<\/strong>, a <strong>Casa Cenogr\u00e1fica<\/strong>, os produtos do programa E<strong>mp\u00f3rio Jundia\u00ed<\/strong>, as barracas das <strong>Entidades Beneficentes<\/strong> e tamb\u00e9m diversos palcos para as atra\u00e7\u00f5es, que em alguns momentos incluem caravanas que percorrem a cidade com tratores, cavaleiros, motociclistas ou carros antigos.<\/p>\n<p><strong><em>Jos\u00e9 Arnaldo de Oliveira<br \/>\nFoto: Paulo Gr\u00e9gio<\/em><\/strong><\/p>\n","protected":false},"excerpt":{"rendered":"<p>160 expositores e 140 atra\u00e7\u00f5es art\u00edsticas esperam mais de 150 mil visitantes para a mais tradicional festa de Jundia\u00ed<\/p>\n","protected":false},"author":14,"featured_media":115480,"comment_status":"closed","ping_status":"closed","sticky":false,"template":"","format":"standard","meta":{"footnotes":""},"categories":[2],"tags":[456,457,445,446,458,462,7,309,293],"ods":[],"class_list":["post-115478","post","type-post","status-publish","format-standard","has-post-thumbnail","hentry","category-noticias","tag-32a-festa-da-uva","tag-3a-expo-vinhos","tag-corte-da-uva","tag-corte-da-uva-2015","tag-expo-vinhos","tag-expo-vinhos-2015","tag-festa-da-uva","tag-festa-da-uva-2015","tag-jundiai-feito-a-mao"],"_links":{"self":[{"href":"https:\/\/jundiai.sp.gov.br\/noticias\/wp-json\/wp\/v2\/posts\/115478","targetHints":{"allow":["GET"]}}],"collection":[{"href":"https:\/\/jundiai.sp.gov.br\/noticias\/wp-json\/wp\/v2\/posts"}],"about":[{"href":"https:\/\/jundiai.sp.gov.br\/noticias\/wp-json\/wp\/v2\/types\/post"}],"author":[{"embeddable":true,"href":"https:\/\/jundiai.sp.gov.br\/noticias\/wp-json\/wp\/v2\/users\/14"}],"replies":[{"embeddable":true,"href":"https:\/\/jundiai.sp.gov.br\/noticias\/wp-json\/wp\/v2\/comments?post=115478"}],"version-history":[{"count":6,"href":"https:\/\/jundiai.sp.gov.br\/noticias\/wp-json\/wp\/v2\/posts\/115478\/revisions"}],"predecessor-version":[{"id":115576,"href":"https:\/\/jundiai.sp.gov.br\/noticias\/wp-json\/wp\/v2\/posts\/115478\/revisions\/115576"}],"wp:featuredmedia":[{"embeddable":true,"href":"https:\/\/jundiai.sp.gov.br\/noticias\/wp-json\/wp\/v2\/media\/115480"}],"wp:attachment":[{"href":"https:\/\/jundiai.sp.gov.br\/noticias\/wp-json\/wp\/v2\/media?parent=115478"}],"wp:term":[{"taxonomy":"category","embeddable":true,"href":"https:\/\/jundiai.sp.gov.br\/noticias\/wp-json\/wp\/v2\/categories?post=115478"},{"taxonomy":"post_tag","embeddable":true,"href":"https:\/\/jundiai.sp.gov.br\/noticias\/wp-json\/wp\/v2\/tags?post=115478"},{"taxonomy":"ods","embeddable":true,"href":"https:\/\/jundiai.sp.gov.br\/noticias\/wp-json\/wp\/v2\/ods?post=115478"}],"curies":[{"name":"wp","href":"https:\/\/api.w.org\/{rel}","templated":true}]}}