{"id":115509,"date":"2015-01-20T15:41:01","date_gmt":"2015-01-20T17:41:01","guid":{"rendered":"https:\/\/jundiai.sp.gov.br\/noticias\/?p=115509"},"modified":"2016-11-04T11:19:06","modified_gmt":"2016-11-04T13:19:06","slug":"festa-da-uva-tem-producao-hollywoodiana-com-estilo-caseiro","status":"publish","type":"post","link":"https:\/\/jundiai.sp.gov.br\/noticias\/2015\/01\/20\/festa-da-uva-tem-producao-hollywoodiana-com-estilo-caseiro\/","title":{"rendered":"Festa da Uva 2015 tem &#8216;produ\u00e7\u00e3o hollywoodiana&#8217;"},"content":{"rendered":"<p><strong>Os dias que antecedem a abertura da <a href=\"http:\/\/festadauva.jundiai.sp.gov.br\/\" target=\"_blank\">32\u00aa Festa da Uva e 3\u00aa Expo Vinho<\/a>, marcada para esta quinta-feira (22), transformaram o Parque Municipal Comendador Antonio Carbonari, o Parque da Uva, em um espa\u00e7o de montagem cenogr\u00e1fica que guarda rela\u00e7\u00f5es com grandes produ\u00e7\u00f5es do cinema. E tudo com intenso envolvimento dos moradores da cidade. <\/strong><\/p>\n<p>Um dos espa\u00e7os onde essa caracter\u00edstica \u00e9 evidenciada est\u00e1 no chamado \u201cespa\u00e7o de acolhida\u201d, o primeiro dos tr\u00eas pavilh\u00f5es integrados do parque. Por todos os lados podem ser avistados instrumentos de trabalho no campo, carro\u00e7as, tratores e utens\u00edlios antigos com marcas de longo uso.<\/p>\n<p><strong>MAIS FESTA DA UVA<br \/>\n<a href=\"https:\/\/jundiai.sp.gov.br\/noticias\/2015\/01\/20\/festa-da-uva-de-onibus-vai-ser-facil-chegar-la\/\" target=\"_blank\"><strong>De \u00f4nibus, vai ser f\u00e1cil chegar l\u00e1<\/strong><\/a><br \/>\n<strong><a href=\"https:\/\/jundiai.sp.gov.br\/noticias\/2015\/01\/20\/festa-da-uva-tera-passeio-turistico-a-bairros-rurais\/\" target=\"_blank\">Festa da Uva ter\u00e1 passeio tur\u00edstico a bairros rurais<\/a><\/strong><br \/>\n<a href=\"https:\/\/jundiai.sp.gov.br\/noticias\/2015\/01\/16\/parque-da-uva-esta-renovado-para-sua-maior-festa\/\" target=\"_blank\"><strong>Parque da Uva est\u00e1 renovado para sua maior festa<\/strong><\/a><br \/>\n<a href=\"https:\/\/jundiai.sp.gov.br\/noticias\/2015\/01\/19\/festa-da-uva-prepara-abertura-em-grande-estilo-nesta-quinta-19\/\" target=\"_blank\">Evento prepara abertura em grande estilo nesta quinta<\/strong><\/a><\/p>\n<p><div id=\"attachment_115511\" style=\"width: 330px\" class=\"wp-caption alignleft\"><a href=\"https:\/\/jundiai.sp.gov.br\/noticias\/wp-content\/uploads\/sites\/32\/2015\/01\/Prepar_Festa_Uva_A_25g.jpg\"><img loading=\"lazy\" decoding=\"async\" aria-describedby=\"caption-attachment-115511\" src=\"https:\/\/jundiai.sp.gov.br\/noticias\/wp-content\/uploads\/sites\/32\/2015\/01\/Prepar_Festa_Uva_A_25g-684x960.jpg\" alt=\"Casa cenogr\u00e1fica em fase final no primeiro pavilh\u00e3o\" width=\"320\" height=\"370\" class=\"size-large wp-image-115511\" \/><\/a><p id=\"caption-attachment-115511\" class=\"wp-caption-text\">Casa cenogr\u00e1fica em fase final no primeiro pavilh\u00e3o<\/p><\/div><strong>S\u00e3o pe\u00e7as emprestadas por fam\u00edlias, especialmente de agricultores, em um espa\u00e7o que vai ter como destaque uma casa interativa com imagens e v\u00eddeos sobre a hist\u00f3ria de mais de 80 anos da uva Niagara Rosada e da festa que \u00e9 a mais antiga do Estado de S\u00e3o Paulo no g\u00eanero.<\/strong> Essa coopera\u00e7\u00e3o vai fazer o ambiente, pensado como cenogr\u00e1fico, contar com objetos carregados de autenticidade.<\/p>\n<p>Uma outra parte da festa, no enorme espa\u00e7o gastron\u00f4mico, vai ganhar essa caracter\u00edstica depois da abertura. O Deguste Jundia\u00ed ser\u00e1 formado pelas comidas t\u00edpicas das festas comunit\u00e1rias dos bairros, outra tradi\u00e7\u00e3o na cidade e amplamente conhecidas. As equipes de volunt\u00e1rios v\u00e3o levar pratos como as receitas portuguesas da Vila Arens, de frango com polenta da Roseira, de lingui\u00e7a do Corrupira ou de costela do Eloy Chaves, entre muitas outras.<\/p>\n<p>No pavilh\u00e3o central, os \u00faltimos retoques nas \u201ctelhas\u201d das adegas de vinho de produ\u00e7\u00e3o familiar fazem esquecer que tamb\u00e9m se trata de efeito cenogr\u00e1fico. No meio do espa\u00e7o, as grandes tinas que ser\u00e3o usadas para a Pisa da Uva (cerim\u00f4nias que lembram o modo mais primitivo de produ\u00e7\u00e3o do vinho) tamb\u00e9m aguardam seu posicionamento. E, al\u00e9m de tudo, ainda estar\u00e3o expostas ali as pinturas feitas com vinho por artistas da cidade.<\/p>\n<p><strong>S\u00e3o pelo menos 120 pessoas envolvidas na montagem, entre servidores p\u00fablicos e fornecedores. Nos dias da festa ser\u00e3o mais de mil na parte operacional, em boa parte volunt\u00e1rios, em meio a um total de 160 expositores e 140 atra\u00e7\u00f5es art\u00edsticas.<\/strong><\/p>\n<p>No terceiro pavilh\u00e3o (superior), onde estar\u00e3o concentradas as barracas de vendas de frutas, at\u00e9 mesmo um moinho de fub\u00e1 estar\u00e1 funcionando ao vivo. E o lado externo conta com uma atra\u00e7\u00e3o em estilo cenogr\u00e1fico para as crian\u00e7as, que \u00e9 a Mini-Fazendinha com diversos animais de cria\u00e7\u00e3o rural.<\/p>\n<p>A magia da Festa da Uva de Jundia\u00ed continua com a sele\u00e7\u00e3o de bons artistas locais em todos os g\u00eaneros, com os artes\u00e3os reunidos no espa\u00e7o do Jundia\u00ed Feito \u00e0 M\u00e3o, com os produtos da cidade mostrados no espa\u00e7o do Emp\u00f3rio Jundia\u00ed, com as surpresas levadas nas barracas das entidades assistenciais e at\u00e9 mesmo com as caravanas de cavaleiros, motociclistas, tratores e carros antigos marcadas em diversos dias da festa. E, em alguns dias, haver\u00e1 tamb\u00e9m atividades na carreta do projeto <a href=\"http:\/\/pontetorta.jundiai.sp.gov.br\/\" target=\"_blank\">Ponte Torta<\/a>.<\/p>\n<div id=\"attachment_115510\" style=\"width: 730px\" class=\"wp-caption aligncenter\"><a href=\"https:\/\/jundiai.sp.gov.br\/noticias\/wp-content\/uploads\/sites\/32\/2015\/01\/Prepar_Festa_Uva_A_14g.jpg\"><img loading=\"lazy\" decoding=\"async\" aria-describedby=\"caption-attachment-115510\" src=\"https:\/\/jundiai.sp.gov.br\/noticias\/wp-content\/uploads\/sites\/32\/2015\/01\/Prepar_Festa_Uva_A_14g-720x480.jpg\" alt=\"T\u00e9cnicos trabalham com materiais emprestados por moradores: aut\u00eantica\" width=\"720\" height=\"480\" class=\"size-large wp-image-115510\" srcset=\"https:\/\/jundiai.sp.gov.br\/noticias\/wp-content\/uploads\/sites\/32\/2015\/01\/Prepar_Festa_Uva_A_14g-720x480.jpg 720w, https:\/\/jundiai.sp.gov.br\/noticias\/wp-content\/uploads\/sites\/32\/2015\/01\/Prepar_Festa_Uva_A_14g-300x200.jpg 300w, https:\/\/jundiai.sp.gov.br\/noticias\/wp-content\/uploads\/sites\/32\/2015\/01\/Prepar_Festa_Uva_A_14g.jpg 1240w\" sizes=\"auto, (max-width: 720px) 100vw, 720px\" \/><\/a><p id=\"caption-attachment-115510\" class=\"wp-caption-text\">T\u00e9cnicos trabalham com materiais emprestados por moradores: aut\u00eantica<\/p><\/div>\n<p>O resgate do formato comunit\u00e1rio da Festa da Uva, iniciado em 2013, est\u00e1 mais vis\u00edvel neste ano. A diretora de turismo da Secretaria de Agricultura, Abastecimento e Turismo, Marcela Moro, registrou um crescimento de caravanas de outras cidades e at\u00e9 estados no ano passado, e prev\u00ea manuten\u00e7\u00e3o dessa tend\u00eancia neste ano, inclusive com a oferta de passeios tur\u00edsticos aos s\u00e1bados e domingos do evento a pre\u00e7os populares.<\/p>\n<p>Se para os visitantes de outros lugares a Festa \u00e9 um momento de encontro com as tradi\u00e7\u00f5es locais, para os moradores da cidade \u00e9 ainda mais: um reencontro. De acordo com o prefeito Pedro Bigardi, a festa \u00e9 uma das principais refer\u00eancias da identidade do munic\u00edpio e \u00e9 complementado pelo secret\u00e1rio Marcos Brunholi, que lembra que a alcunha de \u201cterra da uva\u201d n\u00e3o surgiu apenas pela quantidade produzida mas por ser o ber\u00e7o da variedade Niagara Rosada em 1933.<\/p>\n<p>Toda essa hist\u00f3ria est\u00e1 sendo transformada em magia com a 32\u00aa Festa da Uva de Jundia\u00ed. Como em um grande filme, mas realizado com a participa\u00e7\u00e3o de centenas de moradores e volunt\u00e1rios e inspirado pela rainha, pelas princesas e pelas vinhateiras da Corte da Uva.<\/p>\n<p><em><strong>Jos\u00e9 Arnaldo de Oliveira<br \/>\nFoto: Alessandro Rosman <\/strong><\/em><\/p>\n","protected":false},"excerpt":{"rendered":"<p>MAIS FESTA DA UVA: Atra\u00e7\u00e3o oferece passeios tur\u00edsticos a bairros rurais e s\u00edtios produtores da cidade<\/p>\n","protected":false},"author":10,"featured_media":115514,"comment_status":"closed","ping_status":"closed","sticky":false,"template":"","format":"standard","meta":{"footnotes":""},"categories":[2],"tags":[41,7,309],"ods":[],"class_list":["post-115509","post","type-post","status-publish","format-standard","has-post-thumbnail","hentry","category-noticias","tag-agricultura-abastecimento-e-turismo","tag-festa-da-uva","tag-festa-da-uva-2015"],"_links":{"self":[{"href":"https:\/\/jundiai.sp.gov.br\/noticias\/wp-json\/wp\/v2\/posts\/115509","targetHints":{"allow":["GET"]}}],"collection":[{"href":"https:\/\/jundiai.sp.gov.br\/noticias\/wp-json\/wp\/v2\/posts"}],"about":[{"href":"https:\/\/jundiai.sp.gov.br\/noticias\/wp-json\/wp\/v2\/types\/post"}],"author":[{"embeddable":true,"href":"https:\/\/jundiai.sp.gov.br\/noticias\/wp-json\/wp\/v2\/users\/10"}],"replies":[{"embeddable":true,"href":"https:\/\/jundiai.sp.gov.br\/noticias\/wp-json\/wp\/v2\/comments?post=115509"}],"version-history":[{"count":17,"href":"https:\/\/jundiai.sp.gov.br\/noticias\/wp-json\/wp\/v2\/posts\/115509\/revisions"}],"predecessor-version":[{"id":115582,"href":"https:\/\/jundiai.sp.gov.br\/noticias\/wp-json\/wp\/v2\/posts\/115509\/revisions\/115582"}],"wp:featuredmedia":[{"embeddable":true,"href":"https:\/\/jundiai.sp.gov.br\/noticias\/wp-json\/wp\/v2\/media\/115514"}],"wp:attachment":[{"href":"https:\/\/jundiai.sp.gov.br\/noticias\/wp-json\/wp\/v2\/media?parent=115509"}],"wp:term":[{"taxonomy":"category","embeddable":true,"href":"https:\/\/jundiai.sp.gov.br\/noticias\/wp-json\/wp\/v2\/categories?post=115509"},{"taxonomy":"post_tag","embeddable":true,"href":"https:\/\/jundiai.sp.gov.br\/noticias\/wp-json\/wp\/v2\/tags?post=115509"},{"taxonomy":"ods","embeddable":true,"href":"https:\/\/jundiai.sp.gov.br\/noticias\/wp-json\/wp\/v2\/ods?post=115509"}],"curies":[{"name":"wp","href":"https:\/\/api.w.org\/{rel}","templated":true}]}}