{"id":115566,"date":"2015-01-20T18:14:04","date_gmt":"2015-01-20T20:14:04","guid":{"rendered":"https:\/\/jundiai.sp.gov.br\/noticias\/?p=115566"},"modified":"2016-11-04T11:19:08","modified_gmt":"2016-11-04T13:19:08","slug":"festa-da-uva-tera-passeio-turistico-a-bairros-rurais","status":"publish","type":"post","link":"https:\/\/jundiai.sp.gov.br\/noticias\/2015\/01\/20\/festa-da-uva-tera-passeio-turistico-a-bairros-rurais\/","title":{"rendered":"Festa da Uva ter\u00e1 passeio tur\u00edstico a bairros rurais"},"content":{"rendered":"<p><strong>Os visitantes jundiaienses e os turistas de outros locais ter\u00e3o, durante a <a href=\"http:\/\/festadauva.jundiai.sp.gov.br\/\" target=\"_blank\">32\u00aa Festa da Uva e 3\u00aa Expo Vinhos de Jundia\u00ed<\/a>, a alternativa de passeios tur\u00edsticos em um micro-\u00f4nibus, com dura\u00e7\u00e3o de duas horas, aos s\u00e1bados e domingos, nos hor\u00e1rios das 12h e das 15h30. O agendamento poder\u00e1 ser feito no estande do Passeio Tur\u00edstico no terceiro pavilh\u00e3o (ao lado da venda de frutas) ou pelo telefone 4527-2000 com a <a href=\"http:\/\/www.rizzatour.com.br\/\" target=\"_blank\">ag\u00eancia Rizzatour<\/a>. O servi\u00e7o tamb\u00e9m vai atender excurs\u00f5es maiores de visitantes com \u00f4nibus pr\u00f3prio. <\/strong><\/p>\n<p>De acordo com o coordenador Jos\u00e9 Luiz Rizzato, tamb\u00e9m diretor da <strong><a href=\"http:\/\/www.circuitodasfrutas.com.br\/php2\/index.php?option=com_content&amp;task=view&amp;id=2&amp;Itemid=2\" target=\"_blank\">Associa\u00e7\u00e3o dos Propriet\u00e1rios Rurais do Circuito das Frutas<\/a><\/strong>, a visita ser\u00e1 feita a <strong>bairros rurais de Jundia\u00ed<\/strong>, incluindo um <strong>s\u00edtio produtor de uvas<\/strong> e (se poss\u00edvel) abrangendo um dos museus da cidade nos s\u00e1bados.<\/p>\n<p><strong><a href=\"https:\/\/www.flickr.com\/photos\/prefeituradejundiai\/sets\/72157648700366387\/\" target=\"_blank\">VEJA AS FOTOS DA CORTE DA UVA 2015<\/a><\/strong><\/p>\n<p><a href=\"http:\/\/festadauva.jundiai.sp.gov.br\/atracoes\/\" target=\"_blank\">CONFIRA A PROGRAMA\u00c7\u00c3O COMPLETA DA FESTA<\/a><\/p>\n<p><strong>LEIA TAMB\u00c9M<br \/>\n<a href=\"https:\/\/jundiai.sp.gov.br\/noticias\/2015\/01\/20\/festa-da-uva-de-onibus-vai-ser-facil-chegar-la\/\" target=\"_blank\">Festa da Uva: de \u00f4nibus, vai ser f\u00e1cil chegar l\u00e1<\/a><br \/>\n<a href=\"https:\/\/jundiai.sp.gov.br\/noticias\/2015\/01\/20\/festa-da-uva-tem-producao-hollywoodiana-com-estilo-caseiro\/\" target=\"_blank\">Festa da Uva 2015 tem \u2018produ\u00e7\u00e3o hollywoodiana\u2019<\/a><\/strong><\/p>\n<div id=\"attachment_115570\" style=\"width: 730px\" class=\"wp-caption aligncenter\"><a href=\"https:\/\/jundiai.sp.gov.br\/noticias\/wp-content\/uploads\/sites\/32\/2015\/01\/plantacao_uva_traviu_G-1.jpg\"><img loading=\"lazy\" decoding=\"async\" aria-describedby=\"caption-attachment-115570\" class=\"size-large wp-image-115570\" src=\"https:\/\/jundiai.sp.gov.br\/noticias\/wp-content\/uploads\/sites\/32\/2015\/01\/plantacao_uva_traviu_G-1-720x405.jpg\" alt=\"Paisagem rural poder\u00e1 ser vista nos passeios tur\u00edsticos\" width=\"720\" height=\"405\" srcset=\"https:\/\/jundiai.sp.gov.br\/noticias\/wp-content\/uploads\/sites\/32\/2015\/01\/plantacao_uva_traviu_G-1-720x405.jpg 720w, https:\/\/jundiai.sp.gov.br\/noticias\/wp-content\/uploads\/sites\/32\/2015\/01\/plantacao_uva_traviu_G-1-300x168.jpg 300w, https:\/\/jundiai.sp.gov.br\/noticias\/wp-content\/uploads\/sites\/32\/2015\/01\/plantacao_uva_traviu_G-1.jpg 1240w\" sizes=\"auto, (max-width: 720px) 100vw, 720px\" \/><\/a><p id=\"caption-attachment-115570\" class=\"wp-caption-text\">Paisagem rural poder\u00e1 ser vista nos passeios tur\u00edsticos<\/p><\/div>\n<p>O ve\u00edculo usado tem ar condicionado e assist\u00eancia de guia tur\u00edstico que apresenta a cidade, o bairro e a uva. No caso de s\u00edtio, o propriet\u00e1rio faz a apresenta\u00e7\u00e3o do local em tempo de se tirarem fotos e algumas compras t\u00edpicas.<\/p>\n<p>Para os passeios, <strong>o embarque e desembarque ser\u00e1 feito no bols\u00e3o de estacionamento da avenida Jundia\u00ed<\/strong>, em frente ao Parque Municipal Comendador Antonio Carbonari, com chamadas previamente feitas tamb\u00e9m pelo servi\u00e7o de \u201cR\u00e1dio Festa\u201d.<\/p>\n<p>A taxa do passeio \u00e9 de <strong>R$ 10 para adultos<\/strong> e <strong>R$ 7 para crian\u00e7as de 5 a 10 anos<\/strong>. No caso de \u00f4nibus fretados vindos de outras cidades e agendados com anteced\u00eancia, com mais de 20 turistas, o valor passa a ser de <strong>R$ 8 para adultos<\/strong> e<strong> R$ 5 para crian\u00e7as<\/strong> por n\u00e3o incluir o transporte.<\/p>\n<p><strong><em>Jos\u00e9 Arnaldo de Oliveira<br \/>\nFoto: Arquivo PMJ<\/em><\/strong><\/p>\n<p><strong>\u00a0<\/strong><\/p>\n","protected":false},"excerpt":{"rendered":"<p>Os visitantes jundiaienses e os turistas de outros locais ter\u00e3o, durante a 32\u00aa Festa da Uva e 3\u00aa Expo Vinhos de Jundia\u00ed, a alternativa de passeios tur\u00edsticos em um micro-\u00f4nibus, com dura\u00e7\u00e3o de duas horas, aos s\u00e1bados e domingos, nos hor\u00e1rios das 12h e das 15h30. O agendamento poder\u00e1 ser feito no estande do Passeio [&hellip;]<\/p>\n","protected":false},"author":14,"featured_media":0,"comment_status":"closed","ping_status":"closed","sticky":false,"template":"","format":"standard","meta":{"footnotes":""},"categories":[2],"tags":[456,457,458,462,7,309],"ods":[],"class_list":["post-115566","post","type-post","status-publish","format-standard","hentry","category-noticias","tag-32a-festa-da-uva","tag-3a-expo-vinhos","tag-expo-vinhos","tag-expo-vinhos-2015","tag-festa-da-uva","tag-festa-da-uva-2015"],"_links":{"self":[{"href":"https:\/\/jundiai.sp.gov.br\/noticias\/wp-json\/wp\/v2\/posts\/115566","targetHints":{"allow":["GET"]}}],"collection":[{"href":"https:\/\/jundiai.sp.gov.br\/noticias\/wp-json\/wp\/v2\/posts"}],"about":[{"href":"https:\/\/jundiai.sp.gov.br\/noticias\/wp-json\/wp\/v2\/types\/post"}],"author":[{"embeddable":true,"href":"https:\/\/jundiai.sp.gov.br\/noticias\/wp-json\/wp\/v2\/users\/14"}],"replies":[{"embeddable":true,"href":"https:\/\/jundiai.sp.gov.br\/noticias\/wp-json\/wp\/v2\/comments?post=115566"}],"version-history":[{"count":4,"href":"https:\/\/jundiai.sp.gov.br\/noticias\/wp-json\/wp\/v2\/posts\/115566\/revisions"}],"predecessor-version":[{"id":160788,"href":"https:\/\/jundiai.sp.gov.br\/noticias\/wp-json\/wp\/v2\/posts\/115566\/revisions\/160788"}],"wp:attachment":[{"href":"https:\/\/jundiai.sp.gov.br\/noticias\/wp-json\/wp\/v2\/media?parent=115566"}],"wp:term":[{"taxonomy":"category","embeddable":true,"href":"https:\/\/jundiai.sp.gov.br\/noticias\/wp-json\/wp\/v2\/categories?post=115566"},{"taxonomy":"post_tag","embeddable":true,"href":"https:\/\/jundiai.sp.gov.br\/noticias\/wp-json\/wp\/v2\/tags?post=115566"},{"taxonomy":"ods","embeddable":true,"href":"https:\/\/jundiai.sp.gov.br\/noticias\/wp-json\/wp\/v2\/ods?post=115566"}],"curies":[{"name":"wp","href":"https:\/\/api.w.org\/{rel}","templated":true}]}}