{"id":115645,"date":"2015-01-21T16:45:46","date_gmt":"2015-01-21T18:45:46","guid":{"rendered":"https:\/\/jundiai.sp.gov.br\/noticias\/?p=115645"},"modified":"2020-11-05T11:02:33","modified_gmt":"2020-11-05T14:02:33","slug":"equipes-iniciam-trabalho-de-atualizacao-cadastral-no-sao-camilo","status":"publish","type":"post","link":"https:\/\/jundiai.sp.gov.br\/noticias\/2015\/01\/21\/equipes-iniciam-trabalho-de-atualizacao-cadastral-no-sao-camilo\/","title":{"rendered":"Equipes iniciam atualiza\u00e7\u00e3o cadastral no S\u00e3o Camilo"},"content":{"rendered":"<p><strong>A manh\u00e3 dessa quarta-feira (21) marcou o in\u00edcio de um intenso trabalho que a Funda\u00e7\u00e3o Municipal de A\u00e7\u00e3o Social (Fumas), por meio da empresa Infocorreio, realizar\u00e1 nos pr\u00f3ximos meses no Jardim S\u00e3o Camilo. Uma equipe, com coletes verdes e crach\u00e1s, far\u00e1 a atualiza\u00e7\u00e3o cadastral e selagem (identifica\u00e7\u00e3o) das resid\u00eancias em \u00e1reas de submoradia do bairro. <\/strong><\/p>\n<p>A a\u00e7\u00e3o seria iniciada na ter\u00e7a (20), mas foi adiada por conta de uma a\u00e7\u00e3o da Guarda Municipal no bairro. O primeiro passo \u00e9 o mapeamento para a confec\u00e7\u00e3o das placas de identifica\u00e7\u00e3o. Na sequ\u00eancia, ser\u00e3o feitas entrevistas com os moradores para que os cadastros antigos \u2013 o \u00faltimo foi realizado em 2008 \u2013 sejam atualizados. Al\u00e9m disso, novos moradores tamb\u00e9m passar\u00e3o pelo processo.<\/p>\n<p><strong>LEIA TAMB\u00c9M<\/strong><br \/>\n<a href=\"https:\/\/jundiai.sp.gov.br\/noticias\/2015\/01\/18\/fumas-anuncia-atualizacao-cadastral-no-sao-camilo\/\" target=\"_blank\" rel=\"noopener noreferrer\">Fumas anuncia atualiza\u00e7\u00e3o cadastral no S\u00e3o Camilo<\/a><br \/>\n<a href=\"https:\/\/jundiai.sp.gov.br\/noticias\/2015\/01\/20\/inscricoes-para-creches-terminam-na-sexta-feira-30\/\" target=\"_blank\" rel=\"noopener noreferrer\">Inscri\u00e7\u00f5es para creches em Jundia\u00ed terminam na sexta (30)<\/a><\/p>\n<div id=\"attachment_115646\" style=\"width: 730px\" class=\"wp-caption aligncenter\"><a href=\"https:\/\/jundiai.sp.gov.br\/noticias\/wp-content\/uploads\/sites\/32\/2015\/01\/recadastramento_FUMAS_Sao_Camilo_c_31_G.jpg\"><img loading=\"lazy\" decoding=\"async\" aria-describedby=\"caption-attachment-115646\" class=\"size-large wp-image-115646\" src=\"https:\/\/jundiai.sp.gov.br\/noticias\/wp-content\/uploads\/sites\/32\/2015\/01\/recadastramento_FUMAS_Sao_Camilo_c_31_G-720x508.jpg\" alt=\"Trabalho foi iniciado nesta quarta e \u00e9 necess\u00e1rio para atualiza\u00e7\u00e3o cadastral de moradores\" width=\"720\" height=\"508\" srcset=\"https:\/\/jundiai.sp.gov.br\/noticias\/wp-content\/uploads\/sites\/32\/2015\/01\/recadastramento_FUMAS_Sao_Camilo_c_31_G-720x508.jpg 720w, https:\/\/jundiai.sp.gov.br\/noticias\/wp-content\/uploads\/sites\/32\/2015\/01\/recadastramento_FUMAS_Sao_Camilo_c_31_G-300x211.jpg 300w, https:\/\/jundiai.sp.gov.br\/noticias\/wp-content\/uploads\/sites\/32\/2015\/01\/recadastramento_FUMAS_Sao_Camilo_c_31_G.jpg 1240w\" sizes=\"auto, (max-width: 720px) 100vw, 720px\" \/><\/a><p id=\"caption-attachment-115646\" class=\"wp-caption-text\">Trabalho foi iniciado nesta quarta e \u00e9 necess\u00e1rio para atualiza\u00e7\u00e3o cadastral de moradores<\/p><\/div>\n<p>\u00c9 o caso de Maria Lindinalva Silva, que mora no bairro h\u00e1 pouco mais de um ano. Curiosa com a presen\u00e7a da equipe, questionou sobre a possibilidade de cadastro. \u201cMeu sonho \u00e9 ter uma moradia digna\u201d, disse ela, que reside em uma das vielas do bairro.<\/p>\n<p>J\u00e1 Maria Guilhermina Schimt est\u00e1 no bairro h\u00e1 25 anos e tem o cadastro desatualizado. &#8220;Mudei da casa antiga, que ficou para os meus filhos. \u00c9 bom saber que a Fumas vai rever essas informa\u00e7\u00f5es.\u201d<\/p>\n<p><strong>Com o cadastro em dia, ser\u00e1 poss\u00edvel selecionar as fam\u00edlias que ser\u00e3o encaminhadas \u00e0s <a href=\"https:\/\/jundiai.sp.gov.br\/noticias\/2014\/11\/05\/obras-dos-apartamentos-do-sao-camilo-avancam\/\" target=\"_blank\" rel=\"noopener noreferrer\">400 unidades habitacionais em constru\u00e7\u00e3o no bairro<\/a>, al\u00e9m de outros programas habitacionais, por meio do <a href=\"http:\/\/www.caixa.gov.br\/voce\/habitacao\/minha-casa-minha-vida\/Paginas\/default.aspx\" target=\"_blank\" rel=\"noopener noreferrer\">Minha Casa Minha Vida<\/a><\/strong>.<\/p>\n<p>\u201cMuita gente nasceu, mudou do bairro, se separou, morreu. <strong>\u00c9 importante que o cadastro de todos esteja em dia.<\/strong> Nessas entrevistas, ser\u00e3o levantadas <strong>informa\u00e7\u00f5es relacionadas \u00e0s condi\u00e7\u00f5es de cada casa, renda da fam\u00edlia, escolaridade, quantidade de moradores, animais de estima\u00e7\u00e3o<\/strong>, entre outras coisas\u201d, explica o engenheiro da Fumas, Jos\u00e9 C\u00edcero Ara\u00fajo.<\/p>\n<p>Segundo ele, <strong>a expectativa \u00e9 de cerca de 1.700 visitas sejam feitas<\/strong>. O bairro foi dividido em tr\u00eas setores.<strong> Al\u00e9m do recadastramento e constru\u00e7\u00e3o das unidades habitacionais, h\u00e1 ainda o projeto para a abertura de um sistema vi\u00e1rio<\/strong> que ligar\u00e1 a regi\u00e3o da rua Idalina Gon\u00e7alves Dias \u00e0 rua Pedro Raivaiane, na qual est\u00e1 situada a Unidade B\u00e1sica de Sa\u00fade do bairro.<\/p>\n<p><strong><em>Luana Dias<br \/>\nFoto: Cleber de Almeida<\/em><\/strong><\/p>\n<p><strong>Assista \u00e0 reportagem da TVE Jundia\u00ed<\/strong><br \/>\nhttp:\/\/youtu.be\/9fP-2-1yPK4<\/p>\n","protected":false},"excerpt":{"rendered":"<p>Junto com o cadastramento, h\u00e1 400 unidades habitacionais em constru\u00e7\u00e3o no bairro al\u00e9m de projeto vi\u00e1rio<\/p>\n","protected":false},"author":14,"featured_media":115648,"comment_status":"closed","ping_status":"closed","sticky":false,"template":"","format":"standard","meta":{"footnotes":""},"categories":[2],"tags":[49,31,490],"ods":[],"class_list":["post-115645","post","type-post","status-publish","format-standard","has-post-thumbnail","hentry","category-noticias","tag-fundacao-municipal-de-acao-social-fumas","tag-guarda-municipal","tag-habitacao"],"_links":{"self":[{"href":"https:\/\/jundiai.sp.gov.br\/noticias\/wp-json\/wp\/v2\/posts\/115645","targetHints":{"allow":["GET"]}}],"collection":[{"href":"https:\/\/jundiai.sp.gov.br\/noticias\/wp-json\/wp\/v2\/posts"}],"about":[{"href":"https:\/\/jundiai.sp.gov.br\/noticias\/wp-json\/wp\/v2\/types\/post"}],"author":[{"embeddable":true,"href":"https:\/\/jundiai.sp.gov.br\/noticias\/wp-json\/wp\/v2\/users\/14"}],"replies":[{"embeddable":true,"href":"https:\/\/jundiai.sp.gov.br\/noticias\/wp-json\/wp\/v2\/comments?post=115645"}],"version-history":[{"count":7,"href":"https:\/\/jundiai.sp.gov.br\/noticias\/wp-json\/wp\/v2\/posts\/115645\/revisions"}],"predecessor-version":[{"id":257756,"href":"https:\/\/jundiai.sp.gov.br\/noticias\/wp-json\/wp\/v2\/posts\/115645\/revisions\/257756"}],"wp:featuredmedia":[{"embeddable":true,"href":"https:\/\/jundiai.sp.gov.br\/noticias\/wp-json\/wp\/v2\/media\/115648"}],"wp:attachment":[{"href":"https:\/\/jundiai.sp.gov.br\/noticias\/wp-json\/wp\/v2\/media?parent=115645"}],"wp:term":[{"taxonomy":"category","embeddable":true,"href":"https:\/\/jundiai.sp.gov.br\/noticias\/wp-json\/wp\/v2\/categories?post=115645"},{"taxonomy":"post_tag","embeddable":true,"href":"https:\/\/jundiai.sp.gov.br\/noticias\/wp-json\/wp\/v2\/tags?post=115645"},{"taxonomy":"ods","embeddable":true,"href":"https:\/\/jundiai.sp.gov.br\/noticias\/wp-json\/wp\/v2\/ods?post=115645"}],"curies":[{"name":"wp","href":"https:\/\/api.w.org\/{rel}","templated":true}]}}