{"id":115780,"date":"2015-01-22T22:09:09","date_gmt":"2015-01-23T00:09:09","guid":{"rendered":"https:\/\/jundiai.sp.gov.br\/noticias\/?p=115780"},"modified":"2016-11-04T11:19:19","modified_gmt":"2016-11-04T13:19:19","slug":"emocao-e-beleza-marcam-abertura-da-32a-festa-da-uva","status":"publish","type":"post","link":"https:\/\/jundiai.sp.gov.br\/noticias\/2015\/01\/22\/emocao-e-beleza-marcam-abertura-da-32a-festa-da-uva\/","title":{"rendered":"Emo\u00e7\u00e3o e beleza marcam abertura da 32\u00aa Festa da Uva"},"content":{"rendered":"<p><strong>O prefeito Pedro Bigardi abriu oficialmente a maior festa da cidade nesta quinta-feira (22) com a presen\u00e7a de representantes do Governo do Estado, do Minist\u00e9rio da Agricultura, de cidades da regi\u00e3o e dos mais diversos setores da comunidade. Com a expectativa de chegar a 150 mil visitantes at\u00e9 8 de fevereiro, data do encerramento, a <a href=\"http:\/\/festadauva.jundiai.sp.gov.br\/\" target=\"_blank\">32\u00aa Festa da Uva<\/a> surpreende com um dos cen\u00e1rios mais criativos de seus 81 anos de hist\u00f3ria. <\/strong><\/p>\n<p>\u201cN\u00f3s aprendemos que um formato de comunidade atinge o que as pessoas querem. S\u00e3o mais de mil pessoas trabalhando aqui, a maioria <a href=\"https:\/\/jundiai.sp.gov.br\/noticias\/2015\/01\/22\/trabalho-voluntario-tambem-e-tradicao-na-festa-da-uva\/\" target=\"_blank\">volunt\u00e1rios<\/a>. E todos agora sabemos que estas uvas representam pelo menos tr\u00eas graus de import\u00e2ncia. O primeiro \u00e9 o cultural e hist\u00f3rico, importante para nossa identidade. O segundo \u00e9 o econ\u00f4mico, mesmo menor do que a ind\u00fastria e o com\u00e9rcio. E o terceiro \u00e9 o ambiental, pois nossa \u00e1rea agr\u00edcola forma parte do cintur\u00e3o verde que mant\u00e9m tamb\u00e9m nosso clima e nossos mananciais\u201d, afirmou Bigardi.<\/p>\n<p><strong>MAIS FESTA DA UVA<br \/>\n<a href=\"https:\/\/www.flickr.com\/photos\/prefeituradejundiai\/sets\/72157648072548473\/\" target=\"_blank\">Confira algumas fotos da prepara\u00e7\u00e3o do evento <\/a><\/strong><br \/>\n<a href=\"https:\/\/www.flickr.com\/photos\/prefeituradejundiai\/sets\/72157650005734657\/\" target=\"_blank\"><strong>Veja o \u00e1lbum de fotos da abertura da Festa<\/strong><\/a><br \/>\n<a href=\"https:\/\/jundiai.sp.gov.br\/noticias\/2015\/01\/22\/festa-da-uva-sabor-jundiaiense-na-praca-de-alimentacao\/\" target=\"_blank\"><strong>Festa da Uva: alimenta\u00e7\u00e3o com sabor jundiaiense<\/strong><\/a><br \/>\n<a href=\"https:\/\/jundiai.sp.gov.br\/noticias\/2015\/01\/22\/camara-setorial-de-uva-e-vinho-discute-reforcos-para-o-setor\/\" target=\"_blank\"><strong>C\u00e2mara Setorial de Uva e Vinho discute refor\u00e7os para o setor<\/strong><\/a><br \/>\n<strong><a href=\"https:\/\/jundiai.sp.gov.br\/noticias\/2015\/01\/23\/festa-da-uva-frutas-mostram-qualidade-dos-agricultores-de-jundiai\/\" target=\"_blank\">Festa da Uva: Frutas mostram qualidade dos agricultores de Jundia\u00ed<\/a><\/strong><\/p>\n<div id=\"attachment_115782\" style=\"width: 730px\" class=\"wp-caption aligncenter\"><a href=\"https:\/\/jundiai.sp.gov.br\/noticias\/wp-content\/uploads\/sites\/32\/2015\/01\/DPF1124g.jpg\"><img loading=\"lazy\" decoding=\"async\" aria-describedby=\"caption-attachment-115782\" class=\"size-large wp-image-115782\" src=\"https:\/\/jundiai.sp.gov.br\/noticias\/wp-content\/uploads\/sites\/32\/2015\/01\/DPF1124g-720x499.jpg\" alt=\"Pedro Bigardi, Arnaldo Jardim e Marcos Brunholi visitam os estandes com frutas\" width=\"720\" height=\"499\" srcset=\"https:\/\/jundiai.sp.gov.br\/noticias\/wp-content\/uploads\/sites\/32\/2015\/01\/DPF1124g-720x499.jpg 720w, https:\/\/jundiai.sp.gov.br\/noticias\/wp-content\/uploads\/sites\/32\/2015\/01\/DPF1124g-300x208.jpg 300w, https:\/\/jundiai.sp.gov.br\/noticias\/wp-content\/uploads\/sites\/32\/2015\/01\/DPF1124g.jpg 1240w\" sizes=\"auto, (max-width: 720px) 100vw, 720px\" \/><\/a><p id=\"caption-attachment-115782\" class=\"wp-caption-text\">Pedro Bigardi, Arnaldo Jardim e Marcos Brunholi visitam os estandes com frutas<\/p><\/div>\n<p>Os pavilh\u00f5es est\u00e3o repletos de refer\u00eancias a essa hist\u00f3ria, com frutas, atra\u00e7\u00f5es das mais diversas e comidas t\u00edpicas das festas dos bairros e das par\u00f3quias, divers\u00f5es para adultos, adolescentes e crian\u00e7as e tudo com muita m\u00fasica e arte fazem do evento um encontro da fam\u00edlia (em que n\u00e3o faltam nem mesmo o frald\u00e1rio para os beb\u00eas). Tudo com entrada franca.<\/p>\n<p>Al\u00e9m do secret\u00e1rio estadual de Agricultura, Arnaldo Jardim, que elogiou a iniciativa jundiaiense de criar o <a href=\"https:\/\/jundiai.sp.gov.br\/noticias\/2014\/12\/15\/prefeitura-de-jundiai-dara-subsidio-agricola-para-produtores-de-uva\/\" target=\"_blank\">subs\u00eddio municipal para o seguro agr\u00edcola<\/a>, o formato foi destacado pelo vice-presidente da Associa\u00e7\u00e3o Agr\u00edcola de Jundia\u00ed, Ren\u00ea Tomasetto. \u201cFoi um resgate generoso em nossa cidade e parabenizamos a Prefeitura de Jundia\u00ed por isso\u201d, afirmou.<\/p>\n<p>O secret\u00e1rio de Agricultura, Abastecimento e Turismo, Marcos Brunholi, frisou o trabalho em equipe no setor e entre as pr\u00f3prias secretarias de governo na busca do melhor resultado.<\/p>\n<p>Na abertura tamb\u00e9m estiveram o presidente do cons\u00f3rcio intermunicipal do Circuito das Frutas, Jaime Cruz (prefeito de Vinhedo) e o Presidente da C\u00e2mara Setorial da Uva e Vinho do Estado de S\u00e3o Paulo, Claudio G\u00f3es. Tamb\u00e9m participaram o presidente da C\u00e2mara Municipal de Jundia\u00ed, Marcelo Gastaldo, e o vice-prefeito e secret\u00e1rio Durval Orlato (Educa\u00e7\u00e3o), entre muitos outros vereadores, secret\u00e1rios, diretores, funcion\u00e1rios municipais e convidados.<\/p>\n<p>O ato foi marcado para a cidade por uma bela queima de fogos de artif\u00edcio em noite que presenteou a festa com uma temperatura acolhedora.<\/p>\n<p><em><strong>Jos\u00e9 Arnaldo de Oliveira<br \/>\nFoto: Dorival Pinheiro Filho <\/strong><\/em><\/p>\n<p>http:\/\/youtu.be\/x4feNdZpbS8<\/p>\n","protected":false},"excerpt":{"rendered":"<p>Com expectativa de 150 mil visitantes, o evento surpreende com um dos cen\u00e1rios mais criativos de seus 81 anos <\/p>\n","protected":false},"author":10,"featured_media":115784,"comment_status":"closed","ping_status":"closed","sticky":false,"template":"","format":"standard","meta":{"footnotes":""},"categories":[2],"tags":[41,7,309],"ods":[],"class_list":["post-115780","post","type-post","status-publish","format-standard","has-post-thumbnail","hentry","category-noticias","tag-agricultura-abastecimento-e-turismo","tag-festa-da-uva","tag-festa-da-uva-2015"],"_links":{"self":[{"href":"https:\/\/jundiai.sp.gov.br\/noticias\/wp-json\/wp\/v2\/posts\/115780","targetHints":{"allow":["GET"]}}],"collection":[{"href":"https:\/\/jundiai.sp.gov.br\/noticias\/wp-json\/wp\/v2\/posts"}],"about":[{"href":"https:\/\/jundiai.sp.gov.br\/noticias\/wp-json\/wp\/v2\/types\/post"}],"author":[{"embeddable":true,"href":"https:\/\/jundiai.sp.gov.br\/noticias\/wp-json\/wp\/v2\/users\/10"}],"replies":[{"embeddable":true,"href":"https:\/\/jundiai.sp.gov.br\/noticias\/wp-json\/wp\/v2\/comments?post=115780"}],"version-history":[{"count":14,"href":"https:\/\/jundiai.sp.gov.br\/noticias\/wp-json\/wp\/v2\/posts\/115780\/revisions"}],"predecessor-version":[{"id":115970,"href":"https:\/\/jundiai.sp.gov.br\/noticias\/wp-json\/wp\/v2\/posts\/115780\/revisions\/115970"}],"wp:featuredmedia":[{"embeddable":true,"href":"https:\/\/jundiai.sp.gov.br\/noticias\/wp-json\/wp\/v2\/media\/115784"}],"wp:attachment":[{"href":"https:\/\/jundiai.sp.gov.br\/noticias\/wp-json\/wp\/v2\/media?parent=115780"}],"wp:term":[{"taxonomy":"category","embeddable":true,"href":"https:\/\/jundiai.sp.gov.br\/noticias\/wp-json\/wp\/v2\/categories?post=115780"},{"taxonomy":"post_tag","embeddable":true,"href":"https:\/\/jundiai.sp.gov.br\/noticias\/wp-json\/wp\/v2\/tags?post=115780"},{"taxonomy":"ods","embeddable":true,"href":"https:\/\/jundiai.sp.gov.br\/noticias\/wp-json\/wp\/v2\/ods?post=115780"}],"curies":[{"name":"wp","href":"https:\/\/api.w.org\/{rel}","templated":true}]}}