{"id":115816,"date":"2015-01-23T14:04:41","date_gmt":"2015-01-23T16:04:41","guid":{"rendered":"https:\/\/jundiai.sp.gov.br\/noticias\/?p=115816"},"modified":"2016-11-04T11:19:20","modified_gmt":"2016-11-04T13:19:20","slug":"torneio-de-volei-de-praia-esta-com-inscricoes-abertas-no-bolao","status":"publish","type":"post","link":"https:\/\/jundiai.sp.gov.br\/noticias\/2015\/01\/23\/torneio-de-volei-de-praia-esta-com-inscricoes-abertas-no-bolao\/","title":{"rendered":"Torneio de v\u00f4lei de praia est\u00e1 com inscri\u00e7\u00f5es abertas no Bol\u00e3o"},"content":{"rendered":"<p><strong>As inscri\u00e7\u00f5es para o Torneio de V\u00f4lei de Praia Feminino e Masculino est\u00e3o abertas e podem ser feitas no Complexo Esportivo Dr. Nicolino de Lucca (Bol\u00e3o) at\u00e9 o dia 20 de fevereiro. O evento, organizado pela Secretaria de Esportes e Lazer, come\u00e7a no dia 28 de fevereiro no Centro Esportivo Jos\u00e9 Brenna (Sororoca) e \u00e9 destinado ao p\u00fablico acima de 18 anos. <\/strong><\/p>\n<p>&#8220;O v\u00f4lei de praia \u00e9 mais uma modalidade que vamos fomentar e incentivar na cidade. O torneio \u00e9 mais uma op\u00e7\u00e3o de lazer e entretenimento para a popula\u00e7\u00e3o no hor\u00e1rio de ver\u00e3o\u201d, destaca o secret\u00e1rio Cristiano Lopes.<\/p>\n<p>Segundo ele, a competi\u00e7\u00e3o tamb\u00e9m ser\u00e1 uma <strong>oportunidade para observar alguns talentos<\/strong>. \u201cPodemos selecionar alguma dupla para defender Jundia\u00ed nos Jogos Regionais e no Abertos\u201d, diz. As competi\u00e7\u00f5es v\u00e3o ocorrer aos <strong>s\u00e1bados e domingos<\/strong>, sempre <strong>a partir das 9h<\/strong>.<\/p>\n<p><strong>LEIA TAMB\u00c9M<br \/>\n<a href=\"https:\/\/jundiai.sp.gov.br\/noticias\/2015\/01\/21\/vila-nambi-vai-ganhar-novo-centro-esportivo\/\" target=\"_blank\">Vila Nambi vai ganhar novo centro esportivo<\/a><br \/>\n<a href=\"https:\/\/jundiai.sp.gov.br\/noticias\/2015\/01\/22\/peneirao-de-voleibol-sera-realizado-em-fevereiro-no-bolao\/\" target=\"_blank\">Peneir\u00e3o de voleibol ser\u00e1 realizado em fevereiro no Bol\u00e3o<\/a><\/strong><\/p>\n<div id=\"attachment_115817\" style=\"width: 730px\" class=\"wp-caption aligncenter\"><a href=\"https:\/\/jundiai.sp.gov.br\/noticias\/wp-content\/uploads\/sites\/32\/2015\/01\/volei_mas_g.jpg\"><img loading=\"lazy\" decoding=\"async\" aria-describedby=\"caption-attachment-115817\" class=\"size-large wp-image-115817\" src=\"https:\/\/jundiai.sp.gov.br\/noticias\/wp-content\/uploads\/sites\/32\/2015\/01\/volei_mas_g-720x502.jpg\" alt=\"Competi\u00e7\u00e3o ser\u00e1 no Sororoca e come\u00e7a no dia 28 de feveiro\" width=\"720\" height=\"502\" srcset=\"https:\/\/jundiai.sp.gov.br\/noticias\/wp-content\/uploads\/sites\/32\/2015\/01\/volei_mas_g-720x502.jpg 720w, https:\/\/jundiai.sp.gov.br\/noticias\/wp-content\/uploads\/sites\/32\/2015\/01\/volei_mas_g-300x209.jpg 300w, https:\/\/jundiai.sp.gov.br\/noticias\/wp-content\/uploads\/sites\/32\/2015\/01\/volei_mas_g.jpg 1240w\" sizes=\"auto, (max-width: 720px) 100vw, 720px\" \/><\/a><p id=\"caption-attachment-115817\" class=\"wp-caption-text\">Competi\u00e7\u00e3o ser\u00e1 no Sororoca e come\u00e7a no dia 28 de fevereiro<\/p><\/div>\n<p>O Torneio de V\u00f4lei de Praia se inicia ap\u00f3s o encerramento do <a href=\"https:\/\/jundiai.sp.gov.br\/noticias\/2015\/01\/21\/2o-torneio-sororoca-de-futebol-de-areia-comeca-sabado\/\" target=\"_blank\"><strong>2\u00ba Torneio &#8220;Sororoca&#8221; de Futebol de Areia<\/strong><\/a>, tamb\u00e9m realizado pela Secretaria Esportes e Lazer. O &#8220;Sororoca&#8221; Futebol de areia come\u00e7a neste s\u00e1bado (24), com jogos das equipes que pertencem a chave \u201cD\u201d: Ilha Bela x Sororoca, \u00e0s 15h, e Amigos Cia F.C. x Galata F.C., \u00e0s 16h.<\/p>\n<div id=\"attachment_115818\" style=\"width: 730px\" class=\"wp-caption aligncenter\"><a href=\"https:\/\/jundiai.sp.gov.br\/noticias\/wp-content\/uploads\/sites\/32\/2015\/01\/Volei_g1.jpg\"><img loading=\"lazy\" decoding=\"async\" aria-describedby=\"caption-attachment-115818\" class=\"size-large wp-image-115818\" src=\"https:\/\/jundiai.sp.gov.br\/noticias\/wp-content\/uploads\/sites\/32\/2015\/01\/Volei_g1-720x498.jpg\" alt=\"Mulheres e homens podem se increver na competi\u00e7\u00e3o\" width=\"720\" height=\"498\" srcset=\"https:\/\/jundiai.sp.gov.br\/noticias\/wp-content\/uploads\/sites\/32\/2015\/01\/Volei_g1-720x498.jpg 720w, https:\/\/jundiai.sp.gov.br\/noticias\/wp-content\/uploads\/sites\/32\/2015\/01\/Volei_g1-300x207.jpg 300w, https:\/\/jundiai.sp.gov.br\/noticias\/wp-content\/uploads\/sites\/32\/2015\/01\/Volei_g1.jpg 1240w\" sizes=\"auto, (max-width: 720px) 100vw, 720px\" \/><\/a><p id=\"caption-attachment-115818\" class=\"wp-caption-text\">Mulheres e homens podem se inscrever na competi\u00e7\u00e3o<\/p><\/div>\n<p><strong><em>Assessoria de Imprensa<br \/>\nFotos: Arquivo PMJ<\/em><\/strong><\/p>\n","protected":false},"excerpt":{"rendered":"<p>O evento come\u00e7a no dia 28 de fevereiro no Sororoca e \u00e9 destinado ao p\u00fablico acima de 18 anos. Participa\u00e7\u00e3o \u00e9 gratuita<\/p>\n","protected":false},"author":14,"featured_media":115819,"comment_status":"closed","ping_status":"closed","sticky":false,"template":"","format":"standard","meta":{"footnotes":""},"categories":[2],"tags":[453,35,513,514,515],"ods":[],"class_list":["post-115816","post","type-post","status-publish","format-standard","has-post-thumbnail","hentry","category-noticias","tag-2o-torneio-sororoca-de-futebol-de-areia","tag-esporte-e-lazer","tag-volei-de-praia","tag-volei-de-praia-feminino","tag-volei-de-praia-masculino"],"_links":{"self":[{"href":"https:\/\/jundiai.sp.gov.br\/noticias\/wp-json\/wp\/v2\/posts\/115816","targetHints":{"allow":["GET"]}}],"collection":[{"href":"https:\/\/jundiai.sp.gov.br\/noticias\/wp-json\/wp\/v2\/posts"}],"about":[{"href":"https:\/\/jundiai.sp.gov.br\/noticias\/wp-json\/wp\/v2\/types\/post"}],"author":[{"embeddable":true,"href":"https:\/\/jundiai.sp.gov.br\/noticias\/wp-json\/wp\/v2\/users\/14"}],"replies":[{"embeddable":true,"href":"https:\/\/jundiai.sp.gov.br\/noticias\/wp-json\/wp\/v2\/comments?post=115816"}],"version-history":[{"count":6,"href":"https:\/\/jundiai.sp.gov.br\/noticias\/wp-json\/wp\/v2\/posts\/115816\/revisions"}],"predecessor-version":[{"id":160782,"href":"https:\/\/jundiai.sp.gov.br\/noticias\/wp-json\/wp\/v2\/posts\/115816\/revisions\/160782"}],"wp:featuredmedia":[{"embeddable":true,"href":"https:\/\/jundiai.sp.gov.br\/noticias\/wp-json\/wp\/v2\/media\/115819"}],"wp:attachment":[{"href":"https:\/\/jundiai.sp.gov.br\/noticias\/wp-json\/wp\/v2\/media?parent=115816"}],"wp:term":[{"taxonomy":"category","embeddable":true,"href":"https:\/\/jundiai.sp.gov.br\/noticias\/wp-json\/wp\/v2\/categories?post=115816"},{"taxonomy":"post_tag","embeddable":true,"href":"https:\/\/jundiai.sp.gov.br\/noticias\/wp-json\/wp\/v2\/tags?post=115816"},{"taxonomy":"ods","embeddable":true,"href":"https:\/\/jundiai.sp.gov.br\/noticias\/wp-json\/wp\/v2\/ods?post=115816"}],"curies":[{"name":"wp","href":"https:\/\/api.w.org\/{rel}","templated":true}]}}