{"id":115862,"date":"2015-01-23T18:31:46","date_gmt":"2015-01-23T20:31:46","guid":{"rendered":"https:\/\/jundiai.sp.gov.br\/noticias\/?p=115862"},"modified":"2016-11-04T11:19:21","modified_gmt":"2016-11-04T13:19:21","slug":"ponte-torta-patrimonio-e-assunto-social-diz-especialista","status":"publish","type":"post","link":"https:\/\/jundiai.sp.gov.br\/noticias\/2015\/01\/23\/ponte-torta-patrimonio-e-assunto-social-diz-especialista\/","title":{"rendered":"Ponte Torta: patrim\u00f4nio \u00e9 assunto social, diz especialista"},"content":{"rendered":"<p><strong>O tratamento correto para a conserva\u00e7\u00e3o de constru\u00e7\u00f5es antigas ou hist\u00f3ricas pode evitar os custos muitas vezes impratic\u00e1veis das grandes restaura\u00e7\u00f5es e at\u00e9 mesmo os danos causados por tentativas inadequadas de moderniza\u00e7\u00e3o. Essa foi a li\u00e7\u00e3o apresentada nesta sexta-feira (23), na Biblioteca Municipal Nelson Foot, pelo especialista Toninho Saras\u00e1, que trabalha para a Prefeitura de Jundia\u00ed no projeto A\u00e7\u00f5es de Conserva\u00e7\u00e3o e Restaura\u00e7\u00e3o da <a href=\"http:\/\/pontetorta.jundiai.sp.gov.br\/\" target=\"_blank\">Ponte Torta<\/a>. <\/strong><\/p>\n<p>\u201cEle \u00e9 um dos nomes mais respeitados nessa \u00e1rea no Pa\u00eds. Nessa mesma linha de trabalho, <strong>estamos desenvolvendo os estudos solicitados pelo prefeito Pedro Bigardi para a \u00e1rea das antigas oficinas da Companhia Paulista (Complexo Fepasa) neste ano\u201d<\/strong>, comentou a secret\u00e1ria de Planejamento e Meio Ambiente, Daniela da Camara Sutti.<\/p>\n<p><strong>MAIS PONTE TORTA<br \/>\n<a href=\"https:\/\/jundiai.sp.gov.br\/noticias\/2015\/01\/12\/carreta-da-ponte-torta-vai-invadir-a-festa-da-uva\/\" target=\"_blank\"><strong>Carreta da Ponte Torta vai \u2018invadir\u2019 a Festa da Uva<\/strong><\/a><br \/>\n<a href=\"https:\/\/jundiai.sp.gov.br\/noticias\/2015\/01\/16\/ponte-torta-para-arqueologa-jundiai-pode-ocultar-milhares-de-anos\/\" target=\"_blank\">Para arque\u00f3loga, Jundia\u00ed pode ocultar milhares de anos<\/strong><\/a><\/p>\n<div id=\"attachment_115864\" style=\"width: 730px\" class=\"wp-caption aligncenter\"><a href=\"https:\/\/jundiai.sp.gov.br\/noticias\/wp-content\/uploads\/sites\/32\/2015\/01\/Sarasa_A_2g.jpg\"><img loading=\"lazy\" decoding=\"async\" aria-describedby=\"caption-attachment-115864\" src=\"https:\/\/jundiai.sp.gov.br\/noticias\/wp-content\/uploads\/sites\/32\/2015\/01\/Sarasa_A_2g-720x485.jpg\" alt=\"Saras\u00e1: projetos s\u00e3o meios de mobilizar comunidades pelo seu patrim\u00f4nio\" width=\"720\" height=\"485\" class=\"size-large wp-image-115864\" srcset=\"https:\/\/jundiai.sp.gov.br\/noticias\/wp-content\/uploads\/sites\/32\/2015\/01\/Sarasa_A_2g-720x485.jpg 720w, https:\/\/jundiai.sp.gov.br\/noticias\/wp-content\/uploads\/sites\/32\/2015\/01\/Sarasa_A_2g-300x202.jpg 300w, https:\/\/jundiai.sp.gov.br\/noticias\/wp-content\/uploads\/sites\/32\/2015\/01\/Sarasa_A_2g.jpg 1240w\" sizes=\"auto, (max-width: 720px) 100vw, 720px\" \/><\/a><p id=\"caption-attachment-115864\" class=\"wp-caption-text\">Saras\u00e1: projetos s\u00e3o meios de mobilizar comunidades pelo seu patrim\u00f4nio<\/p><\/div>\n<p>Para Toninho Saras\u00e1, a forma\u00e7\u00e3o de pessoas no conceito de zeladoria social \u00e9 uma das formas mais importantes de multiplica\u00e7\u00e3o na \u00e1rea de patrim\u00f4nio. Ao narrar diversos casos surpreendentes, ele mostrou o of\u00edcio de agradecimento do Minist\u00e9rio da Defesa pela a\u00e7\u00e3o em unidade que abriga o casar\u00e3o Brigadeiro Tobias, em Sorocaba, onde se gastavam recursos vultosos em tintas acr\u00edlicas que na verdade alimentavam um processo destrutivo do material. A solu\u00e7\u00e3o do uso adequado de cal, devidamente orientado, solucionou o problema \u2013 assim como em cidades como Paraty, Iguape e muitas outras.<\/p>\n<p>\u201cNa Ponte Torta tamb\u00e9m encontramos argamassas de cimento que faziam propriedades diferentes da argamassa original com cal\u201d, comentou.<\/p>\n<p>Diversos outros pontos da cidade j\u00e1 possuem pessoas preocupadas com as quest\u00f5es envolvendo o patrim\u00f4nio, como o caso das locomotivas da Companhia Paulista ou das casas originais da antiga Col\u00f4nia.<\/p>\n<p>Na pr\u00f3xima semana, pequenas visitas monitoradas aos trabalhos podem ser iniciadas para o grupo envolvido na zeladoria, que tem novo encontro na sexta (30), a partir das 14h, tamb\u00e9m na Biblioteca, com a palestra de Jean Camoleze, do Museu Hist\u00f3rico e Cultural.<\/p>\n<p>\u201cNosso trabalho \u00e9 criar sementes e apoio. O patrim\u00f4nio \u00e9 uma quest\u00e3o tamb\u00e9m social\u201d, explicou Toninho ao citar projetos em fazendas antigas do Vale do Para\u00edba, em que os descendentes de antigos trabalhadores do ciclo do caf\u00e9 podem superar traumas sociais ao voltarem ao circuito dentro do turismo ou da conserva\u00e7\u00e3o. Ele tamb\u00e9m narrou o resgate de uma dan\u00e7a de S\u00e3o Gon\u00e7alo em outro projeto, que exigiu at\u00e9 a localiza\u00e7\u00e3o de um violeiro de s\u00edtio para reensinar a tradi\u00e7\u00e3o aos interessados.<\/p>\n<div id=\"attachment_115863\" style=\"width: 730px\" class=\"wp-caption aligncenter\"><a href=\"https:\/\/jundiai.sp.gov.br\/noticias\/wp-content\/uploads\/sites\/32\/2015\/01\/Projeto_Ponte_Torta_A_14g.jpg\"><img loading=\"lazy\" decoding=\"async\" aria-describedby=\"caption-attachment-115863\" src=\"https:\/\/jundiai.sp.gov.br\/noticias\/wp-content\/uploads\/sites\/32\/2015\/01\/Projeto_Ponte_Torta_A_14g-720x487.jpg\" alt=\"Estudantes, t\u00e9cnicos e moradores s\u00e3o alvo das palestras\" width=\"720\" height=\"487\" class=\"size-large wp-image-115863\" srcset=\"https:\/\/jundiai.sp.gov.br\/noticias\/wp-content\/uploads\/sites\/32\/2015\/01\/Projeto_Ponte_Torta_A_14g-720x487.jpg 720w, https:\/\/jundiai.sp.gov.br\/noticias\/wp-content\/uploads\/sites\/32\/2015\/01\/Projeto_Ponte_Torta_A_14g-300x202.jpg 300w, https:\/\/jundiai.sp.gov.br\/noticias\/wp-content\/uploads\/sites\/32\/2015\/01\/Projeto_Ponte_Torta_A_14g.jpg 1240w\" sizes=\"auto, (max-width: 720px) 100vw, 720px\" \/><\/a><p id=\"caption-attachment-115863\" class=\"wp-caption-text\">Estudantes, t\u00e9cnicos e moradores s\u00e3o alvo das palestras<\/p><\/div>\n<p>Durante as oficinas do programa dentro da <a href=\"http:\/\/festadauva.jundiai.sp.gov.br\/\" target=\"_blank\">32\u00aa Festa da Uva<\/a>, nos dias 31 de janeiro e 1\u00ba de fevereiro, foi anunciada a exibi\u00e7\u00e3o de um v\u00eddeo com a montagem de diversos depoimentos colhidos at\u00e9 o momento, ao lado de outras atividades \u2013 e a continuidade de grava\u00e7\u00f5es de novos depoimentos. Antes disso, ocorre uma oficina descentralizada neste s\u00e1bado (24), a partir das 10h, no Jardim Novo Horizonte.<\/p>\n<p><strong>A perspectiva \u00e9 que o projeto esteja conclu\u00eddo em mar\u00e7o, tanto em sua parte material quanto no aspecto social de zeladoria.<\/strong><\/p>\n<p><em><strong>Jos\u00e9 Arnaldo de Oliveira<br \/>\nFoto: Alesandro Rosman <\/strong><\/em><\/p>\n","protected":false},"excerpt":{"rendered":"<p>Tratamento correto \u00e0s constru\u00e7\u00f5es hist\u00f3ricas evita custos com grandes restaura\u00e7\u00f5es ou danos ao patrim\u00f4nio <\/p>\n","protected":false},"author":10,"featured_media":115077,"comment_status":"closed","ping_status":"closed","sticky":false,"template":"","format":"standard","meta":{"footnotes":""},"categories":[2],"tags":[32,427],"ods":[],"class_list":["post-115862","post","type-post","status-publish","format-standard","has-post-thumbnail","hentry","category-noticias","tag-planejamento-e-meio-ambiente","tag-ponte-torta"],"_links":{"self":[{"href":"https:\/\/jundiai.sp.gov.br\/noticias\/wp-json\/wp\/v2\/posts\/115862","targetHints":{"allow":["GET"]}}],"collection":[{"href":"https:\/\/jundiai.sp.gov.br\/noticias\/wp-json\/wp\/v2\/posts"}],"about":[{"href":"https:\/\/jundiai.sp.gov.br\/noticias\/wp-json\/wp\/v2\/types\/post"}],"author":[{"embeddable":true,"href":"https:\/\/jundiai.sp.gov.br\/noticias\/wp-json\/wp\/v2\/users\/10"}],"replies":[{"embeddable":true,"href":"https:\/\/jundiai.sp.gov.br\/noticias\/wp-json\/wp\/v2\/comments?post=115862"}],"version-history":[{"count":5,"href":"https:\/\/jundiai.sp.gov.br\/noticias\/wp-json\/wp\/v2\/posts\/115862\/revisions"}],"predecessor-version":[{"id":115870,"href":"https:\/\/jundiai.sp.gov.br\/noticias\/wp-json\/wp\/v2\/posts\/115862\/revisions\/115870"}],"wp:featuredmedia":[{"embeddable":true,"href":"https:\/\/jundiai.sp.gov.br\/noticias\/wp-json\/wp\/v2\/media\/115077"}],"wp:attachment":[{"href":"https:\/\/jundiai.sp.gov.br\/noticias\/wp-json\/wp\/v2\/media?parent=115862"}],"wp:term":[{"taxonomy":"category","embeddable":true,"href":"https:\/\/jundiai.sp.gov.br\/noticias\/wp-json\/wp\/v2\/categories?post=115862"},{"taxonomy":"post_tag","embeddable":true,"href":"https:\/\/jundiai.sp.gov.br\/noticias\/wp-json\/wp\/v2\/tags?post=115862"},{"taxonomy":"ods","embeddable":true,"href":"https:\/\/jundiai.sp.gov.br\/noticias\/wp-json\/wp\/v2\/ods?post=115862"}],"curies":[{"name":"wp","href":"https:\/\/api.w.org\/{rel}","templated":true}]}}