{"id":116637,"date":"2015-01-30T15:55:27","date_gmt":"2015-01-30T17:55:27","guid":{"rendered":"https:\/\/jundiai.sp.gov.br\/noticias\/?p=116637"},"modified":"2016-11-04T11:19:25","modified_gmt":"2016-11-04T13:19:25","slug":"primeiro-trecho-do-brt-comeca-a-ser-construido-em-julho","status":"publish","type":"post","link":"https:\/\/jundiai.sp.gov.br\/noticias\/2015\/01\/30\/primeiro-trecho-do-brt-comeca-a-ser-construido-em-julho\/","title":{"rendered":"Primeiro trecho do BRT come\u00e7a a ser constru\u00eddo em julho"},"content":{"rendered":"<p><strong>O primeiro trecho do BRT, tr\u00e2nsito r\u00e1pido por \u00f4nibus, est\u00e1 aprovado e foi apresentado \u00e0 equipe de planejamento e opera\u00e7\u00e3o da Secretaria de Transportes pelo secret\u00e1rio Wilson Folgozi, na manh\u00e3 desta sexta-feira (30). <\/strong><\/p>\n<p><strong>O tra\u00e7ado, de 4,25 quil\u00f4metros, ligar\u00e1 o Terminal Col\u00f4nia (na regi\u00e3o Leste da cidade) ao Centro, na Pra\u00e7a Rui Barbosa. A obra, que come\u00e7a em julho deste ano, prev\u00ea a constru\u00e7\u00e3o de esta\u00e7\u00f5es (de embarque\/desembarque) e amplia\u00e7\u00e3o e reforma dos terminais Col\u00f4nia e Vila Arens. Entre as esta\u00e7\u00f5es est\u00e3o: Tamoio, Pacaembu, Am\u00e9rico Bruno, Vila Arens, Argos e Parque Guapeva.<\/strong><\/p>\n<p><strong>LEIA TAMB\u00c9M<br \/>\n<a href=\"https:\/\/jundiai.sp.gov.br\/noticias\/2015\/01\/26\/numero-de-radares-vai-cair-quase-40-em-jundiai\/\" target=\"_blank\"><strong>N\u00famero de radares vai cair quase 40% em Jundia\u00ed<\/strong><\/a><br \/>\n<a href=\"https:\/\/jundiai.sp.gov.br\/noticias\/2015\/01\/30\/pacote-de-mobilidade-prefeito-renova-frota-e-apresenta-tarifa-social\/\" target=\"_blank\">Mobilidade: Prefeito renova frota e apresenta tarifa social<\/strong><\/a><br \/>\n<a href=\"https:\/\/jundiai.sp.gov.br\/noticias\/2015\/01\/28\/prefeitura-e-pm-definem-acoes-para-seguranca-no-transito\/\" target=\"_blank\"><strong>Prefeitura e PM definem a\u00e7\u00f5es para seguran\u00e7a no tr\u00e2nsito<\/strong><\/a><\/p>\n<div id=\"attachment_116642\" style=\"width: 730px\" class=\"wp-caption aligncenter\"><a href=\"https:\/\/jundiai.sp.gov.br\/noticias\/wp-content\/uploads\/sites\/32\/2015\/01\/Reuniao_BRT_A_14g.jpg\"><img loading=\"lazy\" decoding=\"async\" aria-describedby=\"caption-attachment-116642\" src=\"https:\/\/jundiai.sp.gov.br\/noticias\/wp-content\/uploads\/sites\/32\/2015\/01\/Reuniao_BRT_A_14g-720x503.jpg\" alt=\"Folgozi: &quot;Melhora significativa ao transporte coletivo de Jundia\u00ed&quot;\" width=\"720\" height=\"503\" class=\"size-large wp-image-116642\" srcset=\"https:\/\/jundiai.sp.gov.br\/noticias\/wp-content\/uploads\/sites\/32\/2015\/01\/Reuniao_BRT_A_14g-720x503.jpg 720w, https:\/\/jundiai.sp.gov.br\/noticias\/wp-content\/uploads\/sites\/32\/2015\/01\/Reuniao_BRT_A_14g-300x209.jpg 300w, https:\/\/jundiai.sp.gov.br\/noticias\/wp-content\/uploads\/sites\/32\/2015\/01\/Reuniao_BRT_A_14g.jpg 1240w\" sizes=\"auto, (max-width: 720px) 100vw, 720px\" \/><\/a><p id=\"caption-attachment-116642\" class=\"wp-caption-text\">Folgozi: &#8220;Melhora significativa ao transporte coletivo de Jundia\u00ed&#8221;<\/p><\/div>\n<p>O projeto prev\u00ea tamb\u00e9m a constru\u00e7\u00e3o de uma ciclovia (3,5 quil\u00f4metros), que vai acompanhar o corredor exclusivo para os \u00f4nibus at\u00e9 o viaduto Sperandio Pelliciari, que liga a Vila Arens \u00e0 Ponte S\u00e3o Jo\u00e3o, e depois seguir\u00e1 em dire\u00e7\u00e3o ao Terminal Vila Arens.<\/p>\n<p>\u201cO BRT junta a capacidade, velocidade e qualidade do metr\u00f4 com a flexibilidade, baixo custo e simplicidade do sistema convencional\u201d, destaca o secret\u00e1rio. \u201cO novo sistema proporcionar\u00e1 uma melhora significativa ao transporte coletivo da cidade, tanto em qualidade do servi\u00e7o, quanto em infraestrutura, conforto, seguran\u00e7a, agilidade e acessibilidade\u201d, completa.<\/p>\n<p>Para a constru\u00e7\u00e3o do BRT em Jundia\u00ed o prefeito Pedro Bigardi j\u00e1 garantiu R$ 106 milh\u00f5es junto ao governo federal e R$ 28,5 milh\u00f5es de contrapartida da Prefeitura.<\/p>\n<p><strong>O BRT<\/strong><br \/>\nOs corredores exclusivos com esta\u00e7\u00f5es apropriadas permitem o embarque e o desembarque com seguran\u00e7a e rapidez, j\u00e1 que o passageiro faz o pagamento da tarifa na pr\u00f3pria esta\u00e7\u00e3o e n\u00e3o no \u00f4nibus. Os corredores s\u00e3o segmentados e, em alguns trechos, permitem a ultrapassagem entres os \u00f4nibus, evitando paradas desnecess\u00e1rias.<\/p>\n<div id=\"attachment_116641\" style=\"width: 730px\" class=\"wp-caption aligncenter\"><a href=\"https:\/\/jundiai.sp.gov.br\/noticias\/wp-content\/uploads\/sites\/32\/2015\/01\/Reuniao_BRT_A_6g.jpg\"><img loading=\"lazy\" decoding=\"async\" aria-describedby=\"caption-attachment-116641\" src=\"https:\/\/jundiai.sp.gov.br\/noticias\/wp-content\/uploads\/sites\/32\/2015\/01\/Reuniao_BRT_A_6g-720x409.jpg\" alt=\"Equipe de Transportes t\u00eam conhecimento do projeto BRT\" width=\"720\" height=\"409\" class=\"size-large wp-image-116641\" srcset=\"https:\/\/jundiai.sp.gov.br\/noticias\/wp-content\/uploads\/sites\/32\/2015\/01\/Reuniao_BRT_A_6g-720x409.jpg 720w, https:\/\/jundiai.sp.gov.br\/noticias\/wp-content\/uploads\/sites\/32\/2015\/01\/Reuniao_BRT_A_6g-300x170.jpg 300w, https:\/\/jundiai.sp.gov.br\/noticias\/wp-content\/uploads\/sites\/32\/2015\/01\/Reuniao_BRT_A_6g.jpg 1240w\" sizes=\"auto, (max-width: 720px) 100vw, 720px\" \/><\/a><p id=\"caption-attachment-116641\" class=\"wp-caption-text\">Equipe de Transportes t\u00eam conhecimento do projeto BRT<\/p><\/div>\n<p><em><strong>Luiza Ronchi<br \/>\nFotos: Alessandro Rosman <\/strong><\/em><\/p>\n","protected":false},"excerpt":{"rendered":"<p>Prefeitura garantiu R$ 106 milh\u00f5es junto ao governo federal e mais R$ 28,5 milh\u00f5es como contrapartida (Foto: Wilson Folgozi) <\/p>\n","protected":false},"author":10,"featured_media":116642,"comment_status":"closed","ping_status":"closed","sticky":false,"template":"","format":"standard","meta":{"footnotes":""},"categories":[2],"tags":[27,821,338],"ods":[],"class_list":["post-116637","post","type-post","status-publish","format-standard","has-post-thumbnail","hentry","category-noticias","tag-transito","tag-transporte-rapido-por-onibus-brt","tag-transportes"],"_links":{"self":[{"href":"https:\/\/jundiai.sp.gov.br\/noticias\/wp-json\/wp\/v2\/posts\/116637","targetHints":{"allow":["GET"]}}],"collection":[{"href":"https:\/\/jundiai.sp.gov.br\/noticias\/wp-json\/wp\/v2\/posts"}],"about":[{"href":"https:\/\/jundiai.sp.gov.br\/noticias\/wp-json\/wp\/v2\/types\/post"}],"author":[{"embeddable":true,"href":"https:\/\/jundiai.sp.gov.br\/noticias\/wp-json\/wp\/v2\/users\/10"}],"replies":[{"embeddable":true,"href":"https:\/\/jundiai.sp.gov.br\/noticias\/wp-json\/wp\/v2\/comments?post=116637"}],"version-history":[{"count":6,"href":"https:\/\/jundiai.sp.gov.br\/noticias\/wp-json\/wp\/v2\/posts\/116637\/revisions"}],"predecessor-version":[{"id":116649,"href":"https:\/\/jundiai.sp.gov.br\/noticias\/wp-json\/wp\/v2\/posts\/116637\/revisions\/116649"}],"wp:featuredmedia":[{"embeddable":true,"href":"https:\/\/jundiai.sp.gov.br\/noticias\/wp-json\/wp\/v2\/media\/116642"}],"wp:attachment":[{"href":"https:\/\/jundiai.sp.gov.br\/noticias\/wp-json\/wp\/v2\/media?parent=116637"}],"wp:term":[{"taxonomy":"category","embeddable":true,"href":"https:\/\/jundiai.sp.gov.br\/noticias\/wp-json\/wp\/v2\/categories?post=116637"},{"taxonomy":"post_tag","embeddable":true,"href":"https:\/\/jundiai.sp.gov.br\/noticias\/wp-json\/wp\/v2\/tags?post=116637"},{"taxonomy":"ods","embeddable":true,"href":"https:\/\/jundiai.sp.gov.br\/noticias\/wp-json\/wp\/v2\/ods?post=116637"}],"curies":[{"name":"wp","href":"https:\/\/api.w.org\/{rel}","templated":true}]}}