{"id":116790,"date":"2015-02-01T19:40:00","date_gmt":"2015-02-01T21:40:00","guid":{"rendered":"https:\/\/jundiai.sp.gov.br\/noticias\/?p=116790"},"modified":"2016-11-04T11:19:27","modified_gmt":"2016-11-04T13:19:27","slug":"frequentadores-fazem-fila-para-a-pisa-da-uva-e-caricaturas-com-vinho","status":"publish","type":"post","link":"https:\/\/jundiai.sp.gov.br\/noticias\/2015\/02\/01\/frequentadores-fazem-fila-para-a-pisa-da-uva-e-caricaturas-com-vinho\/","title":{"rendered":"Visitantes fazem fila para pisa da uva e caricaturas com vinho"},"content":{"rendered":"<p><strong>Dentre as in\u00fameras atra\u00e7\u00f5es da <a href=\"http:\/\/festadauva.jundiai.sp.gov.br\/\" target=\"_blank\">32\u00aa Festa da Uva de Jundia\u00ed e 3\u00aa Expo Vinho<\/a>, duas delas chamam muito a aten\u00e7\u00e3o de quem passa pelo Parque Comendador Ant\u00f4nio Carbonari. A cerim\u00f4nia de pisa da uva e as caricaturas feitas com vinho ao inv\u00e9s de tinta reservam filas de interessados. A espera de alguns minutos \u00e9 recompensada por uma experi\u00eancia \u00fanica.<\/strong><\/p>\n<p>A pisa da uva \u00e9 realizada sempre em frente ao palco central. Neste domingo (1\u00ba), muita gente resolveu &#8216;entrar na dan\u00e7a&#8217; com a participa\u00e7\u00e3o da Corte da Uva. Elaine Carrion, 37 anos, participou da atra\u00e7\u00e3o pela primeira vez e n\u00e3o escondeu a alegria. \u201cAmei! Espero que tenha mais vezes\u201d, disse. Irani Andrado, de 43, veio de S\u00e3o Paulo para prestigiar a festa. \u201cMuito legal a atra\u00e7\u00e3o. Me senti como se estivesse na novela.\u201d Elas tamb\u00e9m elogiaram a Festa da Uva, dizendo que as atra\u00e7\u00f5es est\u00e3o maravilhosas.<\/p>\n<p><strong><a href=\"https:\/\/www.flickr.com\/photos\/prefeituradejundiai\/sets\/72157650495221956\/\" target=\"_blank\">CONFIRA AS FOTOS DA FESTA<\/a><\/strong><\/p>\n<p><strong>LEIA TAMB\u00c9M<br \/>\n<a href=\"https:\/\/jundiai.sp.gov.br\/noticias\/2014\/12\/18\/artistas-pintam-com-vinho-para-32a-festa-da-uva\/\" target=\"_blank\">Artistas \u2018pintam\u2019 com vinho para 32\u00aa Festa da Uva de Jundia\u00ed<\/strong><\/a><br \/>\n<a href=\"https:\/\/jundiai.sp.gov.br\/noticias\/?p=116797&#038;preview=true\" target=\"_blank\"><strong>Mais de 50 mil pessoas passam pela Festa da Uva no fim de semana<\/strong><\/a><\/p>\n<div id=\"attachment_116791\" style=\"width: 730px\" class=\"wp-caption aligncenter\"><a href=\"https:\/\/jundiai.sp.gov.br\/noticias\/wp-content\/uploads\/sites\/32\/2015\/02\/ALE4657..jpg\"><img loading=\"lazy\" decoding=\"async\" aria-describedby=\"caption-attachment-116791\" src=\"https:\/\/jundiai.sp.gov.br\/noticias\/wp-content\/uploads\/sites\/32\/2015\/02\/ALE4657.-720x480.jpg\" alt=\"Atra\u00e7\u00f5es encantam visitantes da Festa da Uva deste domingo (1\u00ba)\" width=\"720\" height=\"480\" class=\"size-large wp-image-116791\" srcset=\"https:\/\/jundiai.sp.gov.br\/noticias\/wp-content\/uploads\/sites\/32\/2015\/02\/ALE4657.-720x480.jpg 720w, https:\/\/jundiai.sp.gov.br\/noticias\/wp-content\/uploads\/sites\/32\/2015\/02\/ALE4657.-300x200.jpg 300w, https:\/\/jundiai.sp.gov.br\/noticias\/wp-content\/uploads\/sites\/32\/2015\/02\/ALE4657..jpg 1240w\" sizes=\"auto, (max-width: 720px) 100vw, 720px\" \/><\/a><p id=\"caption-attachment-116791\" class=\"wp-caption-text\">Atra\u00e7\u00f5es encantam visitantes da Festa da Uva deste domingo (1\u00ba)<\/p><\/div>\n<p>Outro trabalho cultural foi organizado pelo artista pl\u00e1stico Paulo Borges, em que artistas desenvolvem a produ\u00e7\u00e3o de obras pintadas com vinho produzido por adegas de Jundia\u00ed. Alguns trabalhos foram expostos na festa e outros produzidos ali mesmo, durante o evento.<\/p>\n<p>As caricaturas com vinho surpreenderam quem testou a habilidade dos artistas. \u201cGostei muito. Eu n\u00e3o conhecia esse tipo de trabalho\u201d, disse Liliane Aparecida Batista, 34 anos. \u201cA festa est\u00e1 muito bonita. Trouxe meu sobrinho e ele tamb\u00e9m adorou.\u201d<\/p>\n<p><strong>Atra\u00e7\u00f5es<\/strong><br \/>\nCosplayers, comida boa, shows de diversos g\u00eaneros e exposi\u00e7\u00f5es: para onde se olha \u00e9 poss\u00edvel ver as atra\u00e7\u00f5es que re\u00fanem pessoas de diversas idades e locais. A 32\u00aa Festa da Uva e 3\u00aa Expo Vinhos ter\u00e1 o \u00faltimo final de semana nos dias 6, 7 e 8 de fevereiro.<\/p>\n<div id=\"attachment_116792\" style=\"width: 730px\" class=\"wp-caption aligncenter\"><a href=\"https:\/\/jundiai.sp.gov.br\/noticias\/wp-content\/uploads\/sites\/32\/2015\/02\/ALE4689g.jpg\"><img loading=\"lazy\" decoding=\"async\" aria-describedby=\"caption-attachment-116792\" src=\"https:\/\/jundiai.sp.gov.br\/noticias\/wp-content\/uploads\/sites\/32\/2015\/02\/ALE4689g-720x480.jpg\" alt=\"Liliane elogiou o trabalho dos artistas: \u201cMuito caprichosos\u201d\" width=\"720\" height=\"480\" class=\"size-large wp-image-116792\" srcset=\"https:\/\/jundiai.sp.gov.br\/noticias\/wp-content\/uploads\/sites\/32\/2015\/02\/ALE4689g-720x480.jpg 720w, https:\/\/jundiai.sp.gov.br\/noticias\/wp-content\/uploads\/sites\/32\/2015\/02\/ALE4689g-300x200.jpg 300w, https:\/\/jundiai.sp.gov.br\/noticias\/wp-content\/uploads\/sites\/32\/2015\/02\/ALE4689g.jpg 1240w\" sizes=\"auto, (max-width: 720px) 100vw, 720px\" \/><\/a><p id=\"caption-attachment-116792\" class=\"wp-caption-text\">Liliane elogiou o trabalho dos artistas: \u201cMuito caprichosos\u201d<\/p><\/div>\n<p><em><strong>Assessoria de Imprensa<br \/>\nFotos: Fot\u00f3grafos PJ <\/strong><\/em><\/p>\n","protected":false},"excerpt":{"rendered":"<p>Muita gente se surpreendeu ao &#8220;entrar na dan\u00e7a&#8221; da pisa da uva ou se ver retratada com vinho em trabalhos surpreendentes. Olha s\u00f3!<\/p>\n","protected":false},"author":10,"featured_media":116795,"comment_status":"closed","ping_status":"closed","sticky":false,"template":"","format":"standard","meta":{"footnotes":""},"categories":[2],"tags":[456,41,7,309],"ods":[],"class_list":["post-116790","post","type-post","status-publish","format-standard","has-post-thumbnail","hentry","category-noticias","tag-32a-festa-da-uva","tag-agricultura-abastecimento-e-turismo","tag-festa-da-uva","tag-festa-da-uva-2015"],"_links":{"self":[{"href":"https:\/\/jundiai.sp.gov.br\/noticias\/wp-json\/wp\/v2\/posts\/116790","targetHints":{"allow":["GET"]}}],"collection":[{"href":"https:\/\/jundiai.sp.gov.br\/noticias\/wp-json\/wp\/v2\/posts"}],"about":[{"href":"https:\/\/jundiai.sp.gov.br\/noticias\/wp-json\/wp\/v2\/types\/post"}],"author":[{"embeddable":true,"href":"https:\/\/jundiai.sp.gov.br\/noticias\/wp-json\/wp\/v2\/users\/10"}],"replies":[{"embeddable":true,"href":"https:\/\/jundiai.sp.gov.br\/noticias\/wp-json\/wp\/v2\/comments?post=116790"}],"version-history":[{"count":7,"href":"https:\/\/jundiai.sp.gov.br\/noticias\/wp-json\/wp\/v2\/posts\/116790\/revisions"}],"predecessor-version":[{"id":117222,"href":"https:\/\/jundiai.sp.gov.br\/noticias\/wp-json\/wp\/v2\/posts\/116790\/revisions\/117222"}],"wp:featuredmedia":[{"embeddable":true,"href":"https:\/\/jundiai.sp.gov.br\/noticias\/wp-json\/wp\/v2\/media\/116795"}],"wp:attachment":[{"href":"https:\/\/jundiai.sp.gov.br\/noticias\/wp-json\/wp\/v2\/media?parent=116790"}],"wp:term":[{"taxonomy":"category","embeddable":true,"href":"https:\/\/jundiai.sp.gov.br\/noticias\/wp-json\/wp\/v2\/categories?post=116790"},{"taxonomy":"post_tag","embeddable":true,"href":"https:\/\/jundiai.sp.gov.br\/noticias\/wp-json\/wp\/v2\/tags?post=116790"},{"taxonomy":"ods","embeddable":true,"href":"https:\/\/jundiai.sp.gov.br\/noticias\/wp-json\/wp\/v2\/ods?post=116790"}],"curies":[{"name":"wp","href":"https:\/\/api.w.org\/{rel}","templated":true}]}}