{"id":116797,"date":"2015-02-01T20:33:35","date_gmt":"2015-02-01T22:33:35","guid":{"rendered":"https:\/\/jundiai.sp.gov.br\/noticias\/?p=116797"},"modified":"2016-11-04T11:19:26","modified_gmt":"2016-11-04T13:19:26","slug":"mais-de-50-mil-pessoas-passam-pela-festa-da-uva-no-fim-de-semana","status":"publish","type":"post","link":"https:\/\/jundiai.sp.gov.br\/noticias\/2015\/02\/01\/mais-de-50-mil-pessoas-passam-pela-festa-da-uva-no-fim-de-semana\/","title":{"rendered":"Mais de 50 mil pessoas passam pela Festa da Uva no fim de semana"},"content":{"rendered":"<p><strong>A <a href=\"http:\/\/festadauva.jundiai.sp.gov.br\/\" target=\"_blank\">32\u00aa Festa da Uva de Jundia\u00ed e 3\u00aa Expo Vinhos<\/a> reuniu 53 mil pessoas nos dias 30 e 31 de janeiro e 1 de fevereiro. O total supera o primeiro final de semana do evento, que reuniu 43 mil visitantes.<\/strong><\/p>\n<p><strong><a href=\"https:\/\/www.flickr.com\/photos\/prefeituradejundiai\/sets\/72157650495221956\/\" target=\"_blank\">CONFIRA AS FOTOS DA FESTA<\/a><\/strong><\/p>\n<p><strong>LEIA TAMB\u00c9M<\/strong><br \/>\n<strong> <a href=\"https:\/\/jundiai.sp.gov.br\/noticias\/2015\/02\/01\/cavalgada-da-uva-tradicao-reune-400-pessoas\/\" target=\"_blank\">Cavalgada da Uva: tradi\u00e7\u00e3o re\u00fane 400 pessoas<\/a><\/strong><br \/>\n<a href=\"https:\/\/jundiai.sp.gov.br\/noticias\/2015\/02\/01\/frequentadores-fazem-fila-para-a-pisa-da-uva-e-caricaturas-com-vinho\/\" target=\"_blank\"><strong>Frequentadores fazem fila para a pisa da uva e caricaturas com vinho<\/strong><\/a><\/p>\n<p>Al\u00e9m da qualidade do evento, com diversas atra\u00e7\u00f5es, gastronomia, shows musicais e lazer, um dos fatores apontados para o aumento de p\u00fablico neste final de semana foi a estreia da <a href=\"https:\/\/jundiai.sp.gov.br\/noticias\/2015\/02\/01\/primeiro-domingo-da-tarifa-social-agrada-a-populacao\/\" target=\"_blank\">Tarifa Social<\/a>, em que passageiros do transporte coletivo pagam apenas R$ 1 para se deslocarem pelo munic\u00edpio no primeiro e terceiro domingos de cada m\u00eas.<\/p>\n<p>A iniciativa adotada pelo prefeito Pedro Bigardi, aliada ao fato de que desde 2013 a popula\u00e7\u00e3o n\u00e3o paga para entrar na Festa da Uva, faz com as fam\u00edlias de Jundia\u00ed e regi\u00e3o consigam passear e ter muito lazer pagando pouco e se divertindo muito.<\/p>\n<p><em><strong>Assessoria de Imprensa<\/strong><\/em><\/p>\n<p><strong>Confira a reportagem da TVE sobre os passeios tur\u00edsticos da Festa da Uva<\/strong><br \/>\nhttp:\/\/youtu.be\/ApsP_KeqYQ4<\/p>\n","protected":false},"excerpt":{"rendered":"<p>Um dos fatores apontados para o aumento do p\u00fablico \u00e9 a estreia do programa Tarifa Social, que teve in\u00edcio neste domingo (1\u00ba)<\/p>\n","protected":false},"author":10,"featured_media":116174,"comment_status":"closed","ping_status":"closed","sticky":false,"template":"","format":"standard","meta":{"footnotes":""},"categories":[2],"tags":[456,41,7,309],"ods":[],"class_list":["post-116797","post","type-post","status-publish","format-standard","has-post-thumbnail","hentry","category-noticias","tag-32a-festa-da-uva","tag-agricultura-abastecimento-e-turismo","tag-festa-da-uva","tag-festa-da-uva-2015"],"_links":{"self":[{"href":"https:\/\/jundiai.sp.gov.br\/noticias\/wp-json\/wp\/v2\/posts\/116797","targetHints":{"allow":["GET"]}}],"collection":[{"href":"https:\/\/jundiai.sp.gov.br\/noticias\/wp-json\/wp\/v2\/posts"}],"about":[{"href":"https:\/\/jundiai.sp.gov.br\/noticias\/wp-json\/wp\/v2\/types\/post"}],"author":[{"embeddable":true,"href":"https:\/\/jundiai.sp.gov.br\/noticias\/wp-json\/wp\/v2\/users\/10"}],"replies":[{"embeddable":true,"href":"https:\/\/jundiai.sp.gov.br\/noticias\/wp-json\/wp\/v2\/comments?post=116797"}],"version-history":[{"count":8,"href":"https:\/\/jundiai.sp.gov.br\/noticias\/wp-json\/wp\/v2\/posts\/116797\/revisions"}],"predecessor-version":[{"id":117223,"href":"https:\/\/jundiai.sp.gov.br\/noticias\/wp-json\/wp\/v2\/posts\/116797\/revisions\/117223"}],"wp:featuredmedia":[{"embeddable":true,"href":"https:\/\/jundiai.sp.gov.br\/noticias\/wp-json\/wp\/v2\/media\/116174"}],"wp:attachment":[{"href":"https:\/\/jundiai.sp.gov.br\/noticias\/wp-json\/wp\/v2\/media?parent=116797"}],"wp:term":[{"taxonomy":"category","embeddable":true,"href":"https:\/\/jundiai.sp.gov.br\/noticias\/wp-json\/wp\/v2\/categories?post=116797"},{"taxonomy":"post_tag","embeddable":true,"href":"https:\/\/jundiai.sp.gov.br\/noticias\/wp-json\/wp\/v2\/tags?post=116797"},{"taxonomy":"ods","embeddable":true,"href":"https:\/\/jundiai.sp.gov.br\/noticias\/wp-json\/wp\/v2\/ods?post=116797"}],"curies":[{"name":"wp","href":"https:\/\/api.w.org\/{rel}","templated":true}]}}