{"id":117001,"date":"2015-02-02T16:24:21","date_gmt":"2015-02-02T18:24:21","guid":{"rendered":"https:\/\/jundiai.sp.gov.br\/noticias\/?p=117001"},"modified":"2016-11-04T11:19:27","modified_gmt":"2016-11-04T13:19:27","slug":"jundiai-perde-o-bicampeao-mundial-de-futebol-dalmo-gaspar","status":"publish","type":"post","link":"https:\/\/jundiai.sp.gov.br\/noticias\/2015\/02\/02\/jundiai-perde-o-bicampeao-mundial-de-futebol-dalmo-gaspar\/","title":{"rendered":"Jundia\u00ed perde o bicampe\u00e3o mundial de futebol Dalmo Gaspar"},"content":{"rendered":"<p><strong>O jundiaiense Dalmo Gaspar faleceu nesta segunda-feira (2) em Jundia\u00ed. O ex-jogador do Paulista, Guarani e que fez hist\u00f3ria no Santos faleceu aos 82 anos. Ele estava internado no Hospital Paulo Sacramento com infec\u00e7\u00e3o sangu\u00ednea e sofria h\u00e1 mais de um ano do mal de Alzheimer. Dalmo deixa a mulher, Rosa, e os filhos F\u00e1bio e Ana Paula. <\/p>\n<p>Seu corpo ser\u00e1 velado a partir das 16h no vel\u00f3rio municipal Adamastor Fernandes e o enterro nesta ter\u00e7a-feira, \u00e0s 10h. <\/strong><\/p>\n<p>Dalmo Gaspar trabalhou na Prefeitura como administrador do Centro Esportivo Ant\u00f4nio Ov\u00eddeo Bueno, como professor nas escolinhas de inicia\u00e7\u00e3o de futebol e como comentarista da TVE. Em 2014, <a href=\"https:\/\/jundiai.sp.gov.br\/noticias\/2014\/05\/24\/dalmo-gaspar-e-celebrado-em-homenagem-da-prefeitura\/\" target=\"_blank\">foi homenageado pela Secretaria de Esportes e Lazer no Centro Esportivo Francisco Dal Santo, na Vila Rami<\/a>. Os Campeonatos Sub-13 e Sub-17 de futebol levaram o nome do ex-lateral esquerdo. Dalmo se aposentou como funcion\u00e1rio p\u00fablico, ap\u00f3s anos de trabalho na Prefeitura.<\/p>\n<p><a href=\"http:\/\/santosfc.com.br\/2015\/02\/nota-de-pesar\/\" target=\"_blank\"><strong>LEIA A NOTA DE PESAR DO SANTOS<\/strong><\/a><\/p>\n<div id=\"attachment_117005\" style=\"width: 730px\" class=\"wp-caption aligncenter\"><a href=\"https:\/\/jundiai.sp.gov.br\/noticias\/wp-content\/uploads\/sites\/32\/2015\/02\/ALE43311g.jpg\"><img loading=\"lazy\" decoding=\"async\" aria-describedby=\"caption-attachment-117005\" src=\"https:\/\/jundiai.sp.gov.br\/noticias\/wp-content\/uploads\/sites\/32\/2015\/02\/ALE43311g-720x431.jpg\" alt=\"Prefeito Pedro Bigardi homenageou Dalmo em 2014\" width=\"720\" height=\"431\" class=\"size-large wp-image-117005\" srcset=\"https:\/\/jundiai.sp.gov.br\/noticias\/wp-content\/uploads\/sites\/32\/2015\/02\/ALE43311g-720x431.jpg 720w, https:\/\/jundiai.sp.gov.br\/noticias\/wp-content\/uploads\/sites\/32\/2015\/02\/ALE43311g-300x179.jpg 300w, https:\/\/jundiai.sp.gov.br\/noticias\/wp-content\/uploads\/sites\/32\/2015\/02\/ALE43311g.jpg 1240w\" sizes=\"auto, (max-width: 720px) 100vw, 720px\" \/><\/a><p id=\"caption-attachment-117005\" class=\"wp-caption-text\">Prefeito Pedro Bigardi homenageou Dalmo em 2014<\/p><\/div>\n<p>O prefeito Pedro Bigardi lamentou a morte de Dalmo, o maior nome da hist\u00f3ria do futebol jundiaiense. \u201cDalmo \u00e9 uma refer\u00eancia para o esporte e levou o nome de Jundia\u00ed pelo mundo todo. Era um homem simples e foi exemplo para diversas gera\u00e7\u00f5es. No ano passado, fizemos uma homenagem para ele ao dar o seu nome para os campeonatos de base e foi muito bacana, porque a garotada teve a oportunidade de conhecer a hist\u00f3ria dele e se espelhar\u201d, explicou.<\/p>\n<p>Para o secret\u00e1rio de Esportes e Lazer, Cristiano Lopes, Dalmo Gaspar era uma bandeira de Jundia\u00ed. \u201cDalmo fez hist\u00f3ria em um dos maiores times do mundo e formou uma fam\u00edlia linda e muito querida na cidade. A homenagem que fizemos para ele foi justa e muito simples em rela\u00e7\u00e3o a tudo que ele fez por Jundia\u00ed. \u00c9 nossa obriga\u00e7\u00e3o valorizar quem fez hist\u00f3ria pelo esporte jundiaiense\u201d, afirmou.<\/p>\n<p><strong>A <a href=\"https:\/\/jundiai.sp.gov.br\/noticias\/2014\/05\/21\/esportes-homenageia-dalmo-gaspar-neste-sabado-24\/\" target=\"_blank\">homenagem da Prefeitura<\/a> foi realizada no dia 24 de maio de 2014 e, na ocasi\u00e3o, Dalmo recebeu uma placa de agradecimento da Prefeitura.<\/strong><\/p>\n<p><div id=\"attachment_117004\" style=\"width: 330px\" class=\"wp-caption alignleft\"><a href=\"https:\/\/jundiai.sp.gov.br\/noticias\/wp-content\/uploads\/sites\/32\/2015\/02\/ALE43211g.jpg\"><img loading=\"lazy\" decoding=\"async\" aria-describedby=\"caption-attachment-117004\" src=\"https:\/\/jundiai.sp.gov.br\/noticias\/wp-content\/uploads\/sites\/32\/2015\/02\/ALE43211g-720x952.jpg\" alt=\"Nascido em Jundia\u00ed, Dalmo Gaspar come\u00e7ou carreira no Paulista e fez hist\u00f3ria no Santos\" width=\"320\" height=\"370\" class=\"size-large wp-image-117004\" \/><\/a><p id=\"caption-attachment-117004\" class=\"wp-caption-text\">Nascido em Jundia\u00ed, Dalmo Gaspar come\u00e7ou carreira no Paulista e fez hist\u00f3ria no Santos<\/p><\/div><strong>Hist\u00f3rico<\/strong><br \/>\nNascido em Jundia\u00ed, Dalmo Gaspar come\u00e7ou a carreira no Paulista e teve passagem pelo Guarani. De l\u00e1, foi para o Santos, onde marcou seu nome na hist\u00f3ria do time da Baixada Santista. Ele fez parte da lend\u00e1ria equipe formada por Gilmar, Lima, Mauro, Dalmo, Zito, Calvet, Dorval, Meng\u00e1lvio, Coutinho, Pel\u00e9 e Pepe.<\/p>\n<p>No Santos, conquistou cinco campeonatos paulistas (1958\/60\/61\/62\/64), duas Ta\u00e7as Brasil (1961e 1964), duas Libertadores (1962 e 1963), dois campeonatos mundiais interclubes (1962 e 1963), o Rio-S\u00e3o Paulo de 1959, al\u00e9m de torneios internacionais, como o de Paris (1960 e 1961), o de Val\u00eancia (1959), Cidade do M\u00e9xico (1959), It\u00e1lia (1961) e San Jos\u00e9 (1961).<\/p>\n<p>Dalmo atuou em 369 jogos com a camisa do Santos, marcando quatro gols. O mais importante foi no dia 16 de novembro de 1963, quando, de p\u00eanalti, deu a vit\u00f3ria aos santistas diante do Milan, da It\u00e1lia, e garantiu o bicampeonato mundial para o Peixe.<\/p>\n<p>Era o terceiro jogo da final. No primeiro duelo, em territ\u00f3rio italiano, o Milan venceu o time praiano por 4 a 2. O jogo de volta foi no Maracan\u00e3 e o Santos venceu pelos mesmos 4 a 2, for\u00e7ando o terceiro jogo, novamente no Maracan\u00e3, que terminou com a vit\u00f3ria santista, com gol de Dalmo.<\/p>\n<p><em><strong>Assessoria de Imprensa<br \/>\nFotos: Alessandro Rosman <\/strong><\/em><\/p>\n<p><strong>Assista \u00e0 reportagem da TVE Jundia\u00ed<\/strong><br \/>\nhttp:\/\/youtu.be\/tWxyvrqtu2U<\/p>\n","protected":false},"excerpt":{"rendered":"<p>Ex-jogador do Paulista, Guarani e que fez hist\u00f3ria no Santos faleceu aos 82 anos nesta segunda (2). Bigardi lamenta perda <\/p>\n","protected":false},"author":10,"featured_media":117012,"comment_status":"closed","ping_status":"closed","sticky":false,"template":"","format":"standard","meta":{"footnotes":""},"categories":[2],"tags":[35],"ods":[],"class_list":["post-117001","post","type-post","status-publish","format-standard","has-post-thumbnail","hentry","category-noticias","tag-esporte-e-lazer"],"_links":{"self":[{"href":"https:\/\/jundiai.sp.gov.br\/noticias\/wp-json\/wp\/v2\/posts\/117001","targetHints":{"allow":["GET"]}}],"collection":[{"href":"https:\/\/jundiai.sp.gov.br\/noticias\/wp-json\/wp\/v2\/posts"}],"about":[{"href":"https:\/\/jundiai.sp.gov.br\/noticias\/wp-json\/wp\/v2\/types\/post"}],"author":[{"embeddable":true,"href":"https:\/\/jundiai.sp.gov.br\/noticias\/wp-json\/wp\/v2\/users\/10"}],"replies":[{"embeddable":true,"href":"https:\/\/jundiai.sp.gov.br\/noticias\/wp-json\/wp\/v2\/comments?post=117001"}],"version-history":[{"count":8,"href":"https:\/\/jundiai.sp.gov.br\/noticias\/wp-json\/wp\/v2\/posts\/117001\/revisions"}],"predecessor-version":[{"id":117279,"href":"https:\/\/jundiai.sp.gov.br\/noticias\/wp-json\/wp\/v2\/posts\/117001\/revisions\/117279"}],"wp:featuredmedia":[{"embeddable":true,"href":"https:\/\/jundiai.sp.gov.br\/noticias\/wp-json\/wp\/v2\/media\/117012"}],"wp:attachment":[{"href":"https:\/\/jundiai.sp.gov.br\/noticias\/wp-json\/wp\/v2\/media?parent=117001"}],"wp:term":[{"taxonomy":"category","embeddable":true,"href":"https:\/\/jundiai.sp.gov.br\/noticias\/wp-json\/wp\/v2\/categories?post=117001"},{"taxonomy":"post_tag","embeddable":true,"href":"https:\/\/jundiai.sp.gov.br\/noticias\/wp-json\/wp\/v2\/tags?post=117001"},{"taxonomy":"ods","embeddable":true,"href":"https:\/\/jundiai.sp.gov.br\/noticias\/wp-json\/wp\/v2\/ods?post=117001"}],"curies":[{"name":"wp","href":"https:\/\/api.w.org\/{rel}","templated":true}]}}