{"id":117038,"date":"2015-02-02T16:45:07","date_gmt":"2015-02-02T18:45:07","guid":{"rendered":"https:\/\/jundiai.sp.gov.br\/noticias\/?p=117038"},"modified":"2020-11-05T14:17:54","modified_gmt":"2020-11-05T17:17:54","slug":"cortes-da-uva-e-do-carnaval-fazem-encontro-historico","status":"publish","type":"post","link":"https:\/\/jundiai.sp.gov.br\/noticias\/2015\/02\/02\/cortes-da-uva-e-do-carnaval-fazem-encontro-historico\/","title":{"rendered":"Cortes da Uva e do Carnaval fazem encontro hist\u00f3rico"},"content":{"rendered":"<p><strong>As Cortes da Uva e da Alegria do Carnaval 2015 se reuniram domingo (1), no palco externo da <a href=\"http:\/\/festadauva.jundiai.sp.gov.br\/\" target=\"_blank\" rel=\"noopener noreferrer\">32\u00aa Festa da Uva e 3\u00aa Expo Vinhos<\/a>, no Parque Comendador Ant\u00f4nio Carbonari (Parque da Uva). Na ocasi\u00e3o, as Cortes foram recebidas com aplausos pela popula\u00e7\u00e3o durante apresenta\u00e7\u00e3o da banda Trio em Transe.<\/strong><\/p>\n<p>A rainha da Uva, Grayce Kelly Baptista Guerini, as princesas Stephany de Mello Corsino e Let\u00edcia Francelino Branco e as vinhateiras Kate Kathleen Baptista Guerini, Patr\u00edcia Tomim, Aline Spasiani Ferreira e Nayara Glasieli Vieira subiram ao palco para agradecer a presen\u00e7a dos participantes na festa.<\/p>\n<p><strong><a href=\"https:\/\/www.flickr.com\/photos\/prefeituradejundiai\/sets\/72157650495221956\/\" target=\"_blank\" rel=\"noopener noreferrer\">CONFIRA AS FOTOS DA FESTA<\/a><\/strong><\/p>\n<p><strong>LEIA TAMB\u00c9M<br \/>\n<\/strong><a href=\"https:\/\/jundiai.sp.gov.br\/noticias\/2015\/02\/01\/mais-de-50-mil-pessoas-passam-pela-festa-da-uva-no-fim-de-semana\/\" target=\"_blank\" rel=\"noopener noreferrer\">Mais de 50 mil pessoas passam pela Festa da Uva no fim de semana<\/a><br \/>\n<a href=\"https:\/\/jundiai.sp.gov.br\/noticias\/2015\/02\/01\/frequentadores-fazem-fila-para-a-pisa-da-uva-e-caricaturas-com-vinho\/\" target=\"_blank\" rel=\"noopener noreferrer\">Frequentadores fazem fila para a pisa da uva e caricaturas com vinho<\/a><\/p>\n<div id=\"attachment_117039\" style=\"width: 730px\" class=\"wp-caption aligncenter\"><a href=\"https:\/\/jundiai.sp.gov.br\/noticias\/wp-content\/uploads\/sites\/32\/2015\/02\/ALE4857g.jpg\"><img loading=\"lazy\" decoding=\"async\" aria-describedby=\"caption-attachment-117039\" class=\"size-large wp-image-117039\" src=\"https:\/\/jundiai.sp.gov.br\/noticias\/wp-content\/uploads\/sites\/32\/2015\/02\/ALE4857g-720x504.jpg\" alt=\"Muita alegria e anima\u00e7\u00e3o das duas cortes de Jundia\u00ed\" width=\"720\" height=\"504\" srcset=\"https:\/\/jundiai.sp.gov.br\/noticias\/wp-content\/uploads\/sites\/32\/2015\/02\/ALE4857g-720x504.jpg 720w, https:\/\/jundiai.sp.gov.br\/noticias\/wp-content\/uploads\/sites\/32\/2015\/02\/ALE4857g-300x210.jpg 300w, https:\/\/jundiai.sp.gov.br\/noticias\/wp-content\/uploads\/sites\/32\/2015\/02\/ALE4857g.jpg 1240w\" sizes=\"auto, (max-width: 720px) 100vw, 720px\" \/><\/a><p id=\"caption-attachment-117039\" class=\"wp-caption-text\">Muita alegria e anima\u00e7\u00e3o das duas cortes de Jundia\u00ed<\/p><\/div>\n<p>\u201cObrigada por terem vindo prestigiar a nossa festa. Espero que estejam gostando\u201d, disse a rainha Grayce Kelly, que ainda lembrou: \u201cFinal de semana que vem tem mais. Esperamos voc\u00eas aqui.\u201d<\/p>\n<p>A Corte do Carnaval 2015 tamb\u00e9m foi bem recebida pelo p\u00fablico. Em meio ao samba da m\u00fasica \u201cMas que nada\u201d, de Jorge Ben Jor, a Rainha da Corte Gabriela Veluma de Souza Pinto e o Rei Momo Everson Juliano Braz Arantes, acompanhados da Passista de Ouro Jo\u00e3o Carlos Valle Bochini e das princesas Andressa Pavani e Joice dos Santos Silva, fizeram convites para o carnaval da cidade, que ser\u00e1 nos dias 14 e 15 de fevereiro, na avenida Prefeito Luiz Latorre. \u201cCompare\u00e7am em nosso carnaval. Vamos nos divertir\u201d, disse o Rei Momo.<\/p>\n<p>Os representantes do bloco Chupa Que \u00c9 De Uva tamb\u00e9m estiveram presentes e se apresentaram para os visitantes da festa.<\/p>\n<div id=\"attachment_117040\" style=\"width: 730px\" class=\"wp-caption aligncenter\"><a href=\"https:\/\/jundiai.sp.gov.br\/noticias\/wp-content\/uploads\/sites\/32\/2015\/02\/ALE4899g.jpg\"><img loading=\"lazy\" decoding=\"async\" aria-describedby=\"caption-attachment-117040\" class=\"size-large wp-image-117040\" src=\"https:\/\/jundiai.sp.gov.br\/noticias\/wp-content\/uploads\/sites\/32\/2015\/02\/ALE4899g-720x491.jpg\" alt=\"Trio em Transe apresenta o bloco Chupa que \u00e9 de Uva\" width=\"720\" height=\"491\" srcset=\"https:\/\/jundiai.sp.gov.br\/noticias\/wp-content\/uploads\/sites\/32\/2015\/02\/ALE4899g-720x491.jpg 720w, https:\/\/jundiai.sp.gov.br\/noticias\/wp-content\/uploads\/sites\/32\/2015\/02\/ALE4899g-300x204.jpg 300w, https:\/\/jundiai.sp.gov.br\/noticias\/wp-content\/uploads\/sites\/32\/2015\/02\/ALE4899g.jpg 1240w\" sizes=\"auto, (max-width: 720px) 100vw, 720px\" \/><\/a><p id=\"caption-attachment-117040\" class=\"wp-caption-text\">Trio em Transe apresenta o bloco Chupa que \u00e9 de Uva<\/p><\/div>\n<p><strong>Eventos<\/strong><br \/>\nA edi\u00e7\u00e3o deste ano da Festa da Uva prossegue nos dias 6, 7 e 8 de fevereiro, no Parque Comendador Ant\u00f4nio Carbonari (Parque da Uva), com entrada gratuita. Com o tema \u201cJundia\u00ed 360. Um giro pela nossa hist\u00f3ria\u201d, o Carnaval 2015 ser\u00e1 realizado nos dias 14 e 15 de fevereiro, na avenida Prefeito Luiz Latorre, tamb\u00e9m com entrada gratuita.<\/p>\n<p><em><strong>Assessoria de Imprensa<br \/>\nFotos: Alessandro Rosman <\/strong><\/em><\/p>\n","protected":false},"excerpt":{"rendered":"<p>As Cortes da Uva e da Alegria do Carnaval 2015 se reuniram domingo (1), no palco externo da 32\u00aa Festa da Uva e 3\u00aa Expo Vinhos, no Parque Comendador Ant\u00f4nio Carbonari (Parque da Uva). Na ocasi\u00e3o, as Cortes foram recebidas com aplausos pela popula\u00e7\u00e3o durante apresenta\u00e7\u00e3o da banda Trio em Transe. A rainha da Uva, [&hellip;]<\/p>\n","protected":false},"author":10,"featured_media":0,"comment_status":"closed","ping_status":"closed","sticky":false,"template":"","format":"standard","meta":{"footnotes":""},"categories":[2],"tags":[456,41,7,309],"ods":[],"class_list":["post-117038","post","type-post","status-publish","format-standard","hentry","category-noticias","tag-32a-festa-da-uva","tag-agricultura-abastecimento-e-turismo","tag-festa-da-uva","tag-festa-da-uva-2015"],"_links":{"self":[{"href":"https:\/\/jundiai.sp.gov.br\/noticias\/wp-json\/wp\/v2\/posts\/117038","targetHints":{"allow":["GET"]}}],"collection":[{"href":"https:\/\/jundiai.sp.gov.br\/noticias\/wp-json\/wp\/v2\/posts"}],"about":[{"href":"https:\/\/jundiai.sp.gov.br\/noticias\/wp-json\/wp\/v2\/types\/post"}],"author":[{"embeddable":true,"href":"https:\/\/jundiai.sp.gov.br\/noticias\/wp-json\/wp\/v2\/users\/10"}],"replies":[{"embeddable":true,"href":"https:\/\/jundiai.sp.gov.br\/noticias\/wp-json\/wp\/v2\/comments?post=117038"}],"version-history":[{"count":9,"href":"https:\/\/jundiai.sp.gov.br\/noticias\/wp-json\/wp\/v2\/posts\/117038\/revisions"}],"predecessor-version":[{"id":257844,"href":"https:\/\/jundiai.sp.gov.br\/noticias\/wp-json\/wp\/v2\/posts\/117038\/revisions\/257844"}],"wp:attachment":[{"href":"https:\/\/jundiai.sp.gov.br\/noticias\/wp-json\/wp\/v2\/media?parent=117038"}],"wp:term":[{"taxonomy":"category","embeddable":true,"href":"https:\/\/jundiai.sp.gov.br\/noticias\/wp-json\/wp\/v2\/categories?post=117038"},{"taxonomy":"post_tag","embeddable":true,"href":"https:\/\/jundiai.sp.gov.br\/noticias\/wp-json\/wp\/v2\/tags?post=117038"},{"taxonomy":"ods","embeddable":true,"href":"https:\/\/jundiai.sp.gov.br\/noticias\/wp-json\/wp\/v2\/ods?post=117038"}],"curies":[{"name":"wp","href":"https:\/\/api.w.org\/{rel}","templated":true}]}}