{"id":117055,"date":"2015-02-02T16:59:56","date_gmt":"2015-02-02T18:59:56","guid":{"rendered":"https:\/\/jundiai.sp.gov.br\/noticias\/?p=117055"},"modified":"2016-11-04T11:19:26","modified_gmt":"2016-11-04T13:19:26","slug":"secretaria-de-esportes-e-lazer-tera-uma-diretora-exclusiva-para-o-peama","status":"publish","type":"post","link":"https:\/\/jundiai.sp.gov.br\/noticias\/2015\/02\/02\/secretaria-de-esportes-e-lazer-tera-uma-diretora-exclusiva-para-o-peama\/","title":{"rendered":"Esportes e Lazer ter\u00e1 uma diretora exclusiva para o Peama"},"content":{"rendered":"<p><strong>A Secretaria de Esportes e Lazer definiu em reuni\u00e3o realizada s\u00e1bado (31), no audit\u00f3rio do Fundo Social de Solidariedade (Funss) o nome da nova diretora do Programa de Esportes e Atividades Motoras Adaptadas (Peama). Denise Silva Neves foi a escolhida para a fun\u00e7\u00e3o.<\/strong><\/p>\n<p><strong>Em outubro do ano passado, na comemora\u00e7\u00e3o dos 18 anos do Peama, o prefeito Pedro Bigardi promulgou a lei n\u00ba 8.342\/14, que criou, na estrutura da Secretaria de Esportes e Lazer, uma diretoria espec\u00edfica para tratar dos assuntos do programa.<\/strong><\/p>\n<p><strong>LEIA TAMB\u00c9M<br \/>\n<a href=\"https:\/\/jundiai.sp.gov.br\/noticias\/2015\/01\/29\/zumba-nos-bairros-tem-retorno-marcado-em-fevereiro-o-agito-recomeca\/\" target=\"_blank\"><strong>Zumba tem retorno marcado: em fevereiro, o agito recome\u00e7a<\/strong><\/a><br \/>\n<a href=\"https:\/\/jundiai.sp.gov.br\/noticias\/2015\/01\/30\/ciclismo-de-jundiai-apresenta-equipe-adulta-novidade-este-ano\/\" target=\"_blank\">Ciclismo de Jundia\u00ed apresenta equipe adulta, novidade este ano<\/strong><\/a><\/p>\n<p><div id=\"attachment_117056\" style=\"width: 410px\" class=\"wp-caption alignleft\"><a href=\"https:\/\/jundiai.sp.gov.br\/noticias\/wp-content\/uploads\/sites\/32\/2015\/02\/image1g.jpg\"><img loading=\"lazy\" decoding=\"async\" aria-describedby=\"caption-attachment-117056\" src=\"https:\/\/jundiai.sp.gov.br\/noticias\/wp-content\/uploads\/sites\/32\/2015\/02\/image1g-720x438.jpg\" alt=\"Prefeito Pedro Bigardi enalteceu trabalho feito pelo Peama\" width=\"400\" height=\"370\" class=\"size-large wp-image-117056\" \/><\/a><p id=\"caption-attachment-117056\" class=\"wp-caption-text\">Prefeito Pedro Bigardi enalteceu trabalho feito pelo Peama<\/p><\/div>\u201cA Denise viveu toda a hist\u00f3ria do Peama e \u00e9 um reconhecimento do trabalho que ela fez at\u00e9 agora. De 2013 para c\u00e1, n\u00f3s demos um salto de qualidade no esporte em Jundia\u00ed e esperamos que com essa diretoria espec\u00edfica, o programa cres\u00e7a ainda mais. O Peama j\u00e1 \u00e9 reconhecido e agora ter\u00e1 mais estrutura\u201d, afirmou Pedro Bigardi.<\/p>\n<p>Para o secret\u00e1rio de Esportes e Lazer, Cristiano Lopes, o nome de Denise \u00e9 uma escolha justa. \u201cEsta diretoria \u00e9 uma grande conquista para o programa da secretaria. A Denise vai fazer um excelente trabalho.\u201d<\/p>\n<p>Denise Silva Neves \u00e9 uma das respons\u00e1veis pelo nascimento do programa, h\u00e1 18 anos, e agora j\u00e1 come\u00e7a a focar 2015 para o Peama. \u201cMinha prioridade \u00e9 retomar eventos que a gente estava acostumado a realizar. Fiquei feliz com a escolha do meu nome e pelo reconhecimento. Vamos unir for\u00e7as para fazer um grande trabalho\u201d, explicou Denise.<\/p>\n<p>A reuni\u00e3o de s\u00e1bado contou com a participa\u00e7\u00e3o dos pais, alunos e atletas do Peama.<\/p>\n<p><em><strong>Assessoria de Imprensa<br \/>\nFotos: Divulga\u00e7\u00e3o <\/strong><\/em><\/p>\n","protected":false},"excerpt":{"rendered":"<p>A Secretaria de Esportes e Lazer definiu em reuni\u00e3o realizada s\u00e1bado (31), no audit\u00f3rio do Fundo Social de Solidariedade (Funss) o nome da nova diretora do Programa de Esportes e Atividades Motoras Adaptadas (Peama). Denise Silva Neves foi a escolhida para a fun\u00e7\u00e3o. Em outubro do ano passado, na comemora\u00e7\u00e3o dos 18 anos do Peama, [&hellip;]<\/p>\n","protected":false},"author":10,"featured_media":0,"comment_status":"closed","ping_status":"closed","sticky":false,"template":"","format":"standard","meta":{"footnotes":""},"categories":[2],"tags":[35,96],"ods":[],"class_list":["post-117055","post","type-post","status-publish","format-standard","hentry","category-noticias","tag-esporte-e-lazer","tag-programa-de-esportes-e-atividades-motoras-adaptadas-peama"],"_links":{"self":[{"href":"https:\/\/jundiai.sp.gov.br\/noticias\/wp-json\/wp\/v2\/posts\/117055","targetHints":{"allow":["GET"]}}],"collection":[{"href":"https:\/\/jundiai.sp.gov.br\/noticias\/wp-json\/wp\/v2\/posts"}],"about":[{"href":"https:\/\/jundiai.sp.gov.br\/noticias\/wp-json\/wp\/v2\/types\/post"}],"author":[{"embeddable":true,"href":"https:\/\/jundiai.sp.gov.br\/noticias\/wp-json\/wp\/v2\/users\/10"}],"replies":[{"embeddable":true,"href":"https:\/\/jundiai.sp.gov.br\/noticias\/wp-json\/wp\/v2\/comments?post=117055"}],"version-history":[{"count":6,"href":"https:\/\/jundiai.sp.gov.br\/noticias\/wp-json\/wp\/v2\/posts\/117055\/revisions"}],"predecessor-version":[{"id":117071,"href":"https:\/\/jundiai.sp.gov.br\/noticias\/wp-json\/wp\/v2\/posts\/117055\/revisions\/117071"}],"wp:attachment":[{"href":"https:\/\/jundiai.sp.gov.br\/noticias\/wp-json\/wp\/v2\/media?parent=117055"}],"wp:term":[{"taxonomy":"category","embeddable":true,"href":"https:\/\/jundiai.sp.gov.br\/noticias\/wp-json\/wp\/v2\/categories?post=117055"},{"taxonomy":"post_tag","embeddable":true,"href":"https:\/\/jundiai.sp.gov.br\/noticias\/wp-json\/wp\/v2\/tags?post=117055"},{"taxonomy":"ods","embeddable":true,"href":"https:\/\/jundiai.sp.gov.br\/noticias\/wp-json\/wp\/v2\/ods?post=117055"}],"curies":[{"name":"wp","href":"https:\/\/api.w.org\/{rel}","templated":true}]}}