{"id":117331,"date":"2015-02-03T18:06:47","date_gmt":"2015-02-03T20:06:47","guid":{"rendered":"https:\/\/jundiai.sp.gov.br\/noticias\/?p=117331"},"modified":"2016-11-04T11:19:37","modified_gmt":"2016-11-04T13:19:37","slug":"moradias-em-construcao-dao-novo-horizonte-a-familias","status":"publish","type":"post","link":"https:\/\/jundiai.sp.gov.br\/noticias\/2015\/02\/03\/moradias-em-construcao-dao-novo-horizonte-a-familias\/","title":{"rendered":"Moradias em constru\u00e7\u00e3o d\u00e3o Novo Horizonte a fam\u00edlias"},"content":{"rendered":"<p><strong>Quem passa pela regi\u00e3o dos bairros Novo Horizonte e Fazenda Grande, especificamente na avenida Henrique Brunini, nota que j\u00e1 come\u00e7am a ganhar forma as 1088 unidades habitacionais em constru\u00e7\u00e3o pela <a href=\"http:\/\/fumas.jundiai.sp.gov.br\/\" target=\"_blank\">Funda\u00e7\u00e3o Municipal de A\u00e7\u00e3o Social (Fumas)<\/a>, por meio do Minha Casa Minha Vida e Casa Paulista.<\/strong><\/p>\n<p>A iniciativa faz parte de um plano habitacional idealizado pelo prefeito de Jundia\u00ed, Pedro Bigardi. <strong>A primeira fase das obras prev\u00ea a entrega de 400 apartamentos entre os meses de agosto e setembro deste ano. Os demais ser\u00e3o entregues at\u00e9 mar\u00e7o de 2016. <\/strong>\u201cAs unidades, com 45m\u00b2 cada, ser\u00e3o divididas em seis condom\u00ednios. Para cada conjunto, haver\u00e1 uma \u00e1rea de lazer, com sal\u00e3o, churrasqueira, banheiro e cozinha\u201d, explica a diretora de Habita\u00e7\u00e3o da Fumas, Fernanda Souza.<\/p>\n<p><strong>LEIA TAMB\u00c9M<br \/>\n<a href=\"https:\/\/jundiai.sp.gov.br\/noticias\/2015\/01\/21\/equipes-iniciam-trabalho-de-atualizacao-cadastral-no-sao-camilo\/\" target=\"_blank\">Equipes iniciam atualiza\u00e7\u00e3o cadastral no S\u00e3o Camilo<\/strong><\/a><br \/>\n<a href=\"https:\/\/jundiai.sp.gov.br\/noticias\/2015\/01\/30\/pacote-de-mobilidade-prefeito-renova-frota-e-apresenta-tarifa-social\/\" target=\"_blank\"><strong>Mobilidade: Prefeito renova frota e apresenta tarifa social<\/strong><\/a><\/p>\n<div id=\"attachment_117334\" style=\"width: 730px\" class=\"wp-caption aligncenter\"><a href=\"https:\/\/jundiai.sp.gov.br\/noticias\/wp-content\/uploads\/sites\/32\/2015\/02\/Obras_Novo_Horizonte_A_21g.jpg\"><img loading=\"lazy\" decoding=\"async\" aria-describedby=\"caption-attachment-117334\" src=\"https:\/\/jundiai.sp.gov.br\/noticias\/wp-content\/uploads\/sites\/32\/2015\/02\/Obras_Novo_Horizonte_A_21g-720x478.jpg\" alt=\"Fumas vai beneficiar 1088 fam\u00edlias\" width=\"720\" height=\"478\" class=\"size-large wp-image-117334\" srcset=\"https:\/\/jundiai.sp.gov.br\/noticias\/wp-content\/uploads\/sites\/32\/2015\/02\/Obras_Novo_Horizonte_A_21g-720x478.jpg 720w, https:\/\/jundiai.sp.gov.br\/noticias\/wp-content\/uploads\/sites\/32\/2015\/02\/Obras_Novo_Horizonte_A_21g-300x199.jpg 300w, https:\/\/jundiai.sp.gov.br\/noticias\/wp-content\/uploads\/sites\/32\/2015\/02\/Obras_Novo_Horizonte_A_21g.jpg 1240w\" sizes=\"auto, (max-width: 720px) 100vw, 720px\" \/><\/a><p id=\"caption-attachment-117334\" class=\"wp-caption-text\">Fumas vai beneficiar 1088 fam\u00edlias<\/p><\/div>\n<p>Ser\u00e3o 68 torres, com tr\u00eas andares mais o t\u00e9rreo. As obras est\u00e3o sendo executadas pela Engelux. Segundo o assistente de engenharia, Alex Ianhez, o trabalho est\u00e1 adiantado no local e 18% j\u00e1 foi executado. \u201cS\u00e3o cerca de 200 funcion\u00e1rios trabalhando na obra.\u201d<\/p>\n<p>De acordo com o engenheiro da Fumas, Ant\u00f4nio Carlos Baldasso, ser\u00e3o instalados ainda no local lotes comerciais, cuja escolha dos respons\u00e1veis se dar\u00e1 por meio de preg\u00e3o, organizado pela Funda\u00e7\u00e3o. Tamb\u00e9m ser\u00e1 constru\u00edda uma escola e uma creche.<\/p>\n<p>Ele lembra que <strong>o Jardim Novo Horizonte passar\u00e1 pelo processo de abertura de pelo menos 35 vias, entre a rua Oito e a Estrada Municipal do Varj\u00e3o. Por conta disso, fam\u00edlias ser\u00e3o reassentadas nos apartamentos.<\/strong><\/p>\n<p>O projeto de urbaniza\u00e7\u00e3o do bairro ser\u00e1 financiado pelo Programa de Acelera\u00e7\u00e3o do Crescimento (PAC), do Governo Federal. Ser\u00e3o eliminadas liga\u00e7\u00f5es clandestinas de \u00e1gua e esgoto, al\u00e9m da instala\u00e7\u00e3o de drenagem adequada no bairro.<\/p>\n<p><strong>Crit\u00e9rios<\/strong><br \/>\n<strong>Segundo Fernanda, para morar nessas unidades habitacionais as fam\u00edlias devem atender aos crit\u00e9rios do programa Minha Casa Minha Vida &#8211; faixa 1 e receber at\u00e9 R$ 1,6 mil reais.<\/strong><\/p>\n<p>A Fumas, de acordo com ela, iniciar\u00e1 neste m\u00eas o processo de mapeamento do Novo Horizonte, para em seguida realizar atualiza\u00e7\u00e3o cadastral e selagem (identifica\u00e7\u00e3o) das casas do bairro.<\/p>\n<div id=\"attachment_117337\" style=\"width: 730px\" class=\"wp-caption aligncenter\"><a href=\"https:\/\/jundiai.sp.gov.br\/noticias\/wp-content\/uploads\/sites\/32\/2015\/02\/Obras_Novo_Horizonte_A_58g.jpg\"><img loading=\"lazy\" decoding=\"async\" aria-describedby=\"caption-attachment-117337\" src=\"https:\/\/jundiai.sp.gov.br\/noticias\/wp-content\/uploads\/sites\/32\/2015\/02\/Obras_Novo_Horizonte_A_58g-720x478.jpg\" alt=\"Obras de habita\u00e7\u00e3o est\u00e3o a todo vapor\" width=\"720\" height=\"478\" class=\"size-large wp-image-117337\" srcset=\"https:\/\/jundiai.sp.gov.br\/noticias\/wp-content\/uploads\/sites\/32\/2015\/02\/Obras_Novo_Horizonte_A_58g-720x478.jpg 720w, https:\/\/jundiai.sp.gov.br\/noticias\/wp-content\/uploads\/sites\/32\/2015\/02\/Obras_Novo_Horizonte_A_58g-300x199.jpg 300w, https:\/\/jundiai.sp.gov.br\/noticias\/wp-content\/uploads\/sites\/32\/2015\/02\/Obras_Novo_Horizonte_A_58g.jpg 1240w\" sizes=\"auto, (max-width: 720px) 100vw, 720px\" \/><\/a><p id=\"caption-attachment-117337\" class=\"wp-caption-text\">Obras de habita\u00e7\u00e3o est\u00e3o a todo vapor<\/p><\/div>\n<p>Metade dos apartamentos ser\u00e1 destinada aos moradores do Novo Horizonte que tiverem de deixar as casas por conta da urbaniza\u00e7\u00e3o. O restante ser\u00e1 direcionado a moradores de Jundia\u00ed, cadastrados no <a href=\"http:\/\/servicos2010.jundiai.sp.gov.br\/ih\/\" target=\"_blank\">Sistema Municipal de Informa\u00e7\u00f5es Habitacionais, o SIMIH<\/a>. <\/p>\n<p>Al\u00e9m de fazer parte do SIMIH, essas pessoas ter\u00e3o ainda de manifestar interesse nas unidades habitacionais fazendo inscri\u00e7\u00e3o no mesmo site, em per\u00edodo a ser divulgado pela Fumas. \u201cHaver\u00e1 um sorteio entre os interessados\u201d, esclarece Fernanda.<\/p>\n<p><em><strong>Luana Dias<br \/>\nFotos: Alessandro Rosman <\/strong><\/em><\/p>\n","protected":false},"excerpt":{"rendered":"<p>Ao todo, ser\u00e3o 1088 moradias no Novo Horizonte. 1\u00aa fase, com 400 delas, dever\u00e1 ser entregue entre agosto e setembro <\/p>\n","protected":false},"author":10,"featured_media":117346,"comment_status":"closed","ping_status":"closed","sticky":false,"template":"","format":"standard","meta":{"footnotes":""},"categories":[2],"tags":[49],"ods":[],"class_list":["post-117331","post","type-post","status-publish","format-standard","has-post-thumbnail","hentry","category-noticias","tag-fundacao-municipal-de-acao-social-fumas"],"_links":{"self":[{"href":"https:\/\/jundiai.sp.gov.br\/noticias\/wp-json\/wp\/v2\/posts\/117331","targetHints":{"allow":["GET"]}}],"collection":[{"href":"https:\/\/jundiai.sp.gov.br\/noticias\/wp-json\/wp\/v2\/posts"}],"about":[{"href":"https:\/\/jundiai.sp.gov.br\/noticias\/wp-json\/wp\/v2\/types\/post"}],"author":[{"embeddable":true,"href":"https:\/\/jundiai.sp.gov.br\/noticias\/wp-json\/wp\/v2\/users\/10"}],"replies":[{"embeddable":true,"href":"https:\/\/jundiai.sp.gov.br\/noticias\/wp-json\/wp\/v2\/comments?post=117331"}],"version-history":[{"count":5,"href":"https:\/\/jundiai.sp.gov.br\/noticias\/wp-json\/wp\/v2\/posts\/117331\/revisions"}],"predecessor-version":[{"id":117356,"href":"https:\/\/jundiai.sp.gov.br\/noticias\/wp-json\/wp\/v2\/posts\/117331\/revisions\/117356"}],"wp:featuredmedia":[{"embeddable":true,"href":"https:\/\/jundiai.sp.gov.br\/noticias\/wp-json\/wp\/v2\/media\/117346"}],"wp:attachment":[{"href":"https:\/\/jundiai.sp.gov.br\/noticias\/wp-json\/wp\/v2\/media?parent=117331"}],"wp:term":[{"taxonomy":"category","embeddable":true,"href":"https:\/\/jundiai.sp.gov.br\/noticias\/wp-json\/wp\/v2\/categories?post=117331"},{"taxonomy":"post_tag","embeddable":true,"href":"https:\/\/jundiai.sp.gov.br\/noticias\/wp-json\/wp\/v2\/tags?post=117331"},{"taxonomy":"ods","embeddable":true,"href":"https:\/\/jundiai.sp.gov.br\/noticias\/wp-json\/wp\/v2\/ods?post=117331"}],"curies":[{"name":"wp","href":"https:\/\/api.w.org\/{rel}","templated":true}]}}