{"id":118023,"date":"2015-02-05T17:28:50","date_gmt":"2015-02-05T19:28:50","guid":{"rendered":"https:\/\/jundiai.sp.gov.br\/noticias\/?p=118023"},"modified":"2016-11-04T11:20:02","modified_gmt":"2016-11-04T13:20:02","slug":"jundiai-valoriza-ecologia-com-passaros-dos-parques-da-cidade","status":"publish","type":"post","link":"https:\/\/jundiai.sp.gov.br\/noticias\/2015\/02\/05\/jundiai-valoriza-ecologia-com-passaros-dos-parques-da-cidade\/","title":{"rendered":"Jundia\u00ed valoriza ecologia com p\u00e1ssaros dos parques da cidade"},"content":{"rendered":"<p><strong>Uma sele\u00e7\u00e3o de doze esp\u00e9cies de aves est\u00e1 registrada no calend\u00e1rio 2015 da <a href=\"http:\/\/www.daejundiai.com.br\/\" target=\"_blank\">empresa municipal de saneamento DAE<\/a> com o tema \u201cP\u00e1ssaros do <a href=\"http:\/\/parquedacidade.jundiai.sp.gov.br\/\" target=\"_blank\">Parque da Cidade<\/a>\u201d. A iniciativa \u00e9 parte dos esfor\u00e7os da Prefeitura de Jundia\u00ed para cuidar da cidade, mas destaca-se pela originalidade e pela conscientiza\u00e7\u00e3o ambiental.<\/strong><\/p>\n<p><strong>\u201cEssa iniciativa \u00e9 parte de um esfor\u00e7o de todo o governo para valorizar o meio ambiente, parte fundamental do cuidado com as pessoas\u201d, afirma o prefeito Pedro Bigardi.<\/strong><\/p>\n<p><strong>LEIA TAMB\u00c9M<br \/>\n<a href=\"https:\/\/jundiai.sp.gov.br\/noticias\/2014\/12\/16\/em-acordo-inedito-rio-jundiai-mirim-vai-ganhar-reflorestamento\/\" target=\"_blank\">Rio Jundia\u00ed-Mirim vai ganhar reflorestamento<\/a><\/strong><\/p>\n<div id=\"attachment_118028\" style=\"width: 730px\" class=\"wp-caption aligncenter\"><a href=\"https:\/\/jundiai.sp.gov.br\/noticias\/wp-content\/uploads\/sites\/32\/2015\/02\/PASSAROS-principeG.jpg\"><img loading=\"lazy\" decoding=\"async\" aria-describedby=\"caption-attachment-118028\" src=\"https:\/\/jundiai.sp.gov.br\/noticias\/wp-content\/uploads\/sites\/32\/2015\/02\/PASSAROS-principeG-720x540.jpg\" alt=\"O pr\u00edncipe, um dos p\u00e1ssaros registrados no Parque da Cidade e presente no calend\u00e1rio da DAE\" width=\"720\" height=\"540\" class=\"size-large wp-image-118028\" srcset=\"https:\/\/jundiai.sp.gov.br\/noticias\/wp-content\/uploads\/sites\/32\/2015\/02\/PASSAROS-principeG-720x540.jpg 720w, https:\/\/jundiai.sp.gov.br\/noticias\/wp-content\/uploads\/sites\/32\/2015\/02\/PASSAROS-principeG-300x225.jpg 300w, https:\/\/jundiai.sp.gov.br\/noticias\/wp-content\/uploads\/sites\/32\/2015\/02\/PASSAROS-principeG.jpg 1240w\" sizes=\"auto, (max-width: 720px) 100vw, 720px\" \/><\/a><p id=\"caption-attachment-118028\" class=\"wp-caption-text\">O pr\u00edncipe, um dos p\u00e1ssaros registrados no Parque da Cidade e presente no calend\u00e1rio da DAE<\/p><\/div>\n<p>As imagens foram realizadas no pr\u00f3prio Parque pelo ec\u00f3logo Renan Augusto Bonan\u00e7a, primeiro entre 2008 e 2009 no <strong><a href=\"http:\/\/parquedacidade.jundiai.sp.gov.br\/\" target=\"_blank\">Parque da Cidade<\/a><\/strong>, no <strong><a href=\"http:\/\/jardimbotanico.jundiai.sp.gov.br\/\" target=\"_blank\">Jardim Bot\u00e2nico<\/a><\/strong> e no Parque do Corrupira e posteriormente incluindo tamb\u00e9m o Parque do Tulipas em seu mestrado em ecologia na Universidade Estadual Paulista (Unesp), entre 2012 e 2014.<\/p>\n<p>Com visitas praticamente antes do amanhecer, o resultado de quase 100 horas de trabalho de observa\u00e7\u00e3o foram 7.724 contatos diretos. A maioria (2.962) ocorreu no Parque da Cidade e identificaram-se <strong>99 esp\u00e9cies de 40 \u201cfam\u00edlias\u201d diferentes no local<\/strong>, que foi o ponto de maior variedade ornitol\u00f3gica.<\/p>\n<p>No trabalho original, ficou em seguida o Parque do Corrupira com 1.514 contatos de <strong>89 esp\u00e9cies identificadas<\/strong>, o Parque do Tulipas com 1.840 contatos de <strong>73 esp\u00e9cies identificadas<\/strong> e o Jardim Bot\u00e2nico com 1.408 contatos de <strong>70 esp\u00e9cies identificadas<\/strong>.<\/p>\n<p>Segundo observa o diretor presidente da DAE, Jamil Yatim, <strong>todas as imagens de p\u00e1ssaros foram acompanhadas por mensagens de conscientiza\u00e7\u00e3o ambiental. \u201cEste calend\u00e1rio \u00e9 mais uma a\u00e7\u00e3o da DAE Jundia\u00ed para incentivar o uso racional da \u00e1gua<\/strong>\u201d, explica <\/p>\n<p><strong>As esp\u00e9cies<\/strong><br \/>\nAs <strong>doze imagens<\/strong> escolhidas para a iniciativa do calend\u00e1rio foram o <strong>anu branco<\/strong> (<em>Guira guira<\/em>), o <strong>bigu\u00e1<\/strong> (<em>Phalacrocorax brasilianus<\/em>), o <strong>martim pescador verde<\/strong> (<em>Chlococeryle amazona<\/em>), o <strong>socozinho <\/strong>(<em>Butorides striata<\/em>), o <strong>martim pescador pequeno<\/strong> (<em>Chlorocelyle americana<\/em>), o<strong> sabi\u00e1 do banhado <\/strong>(<em>Embernagra platensis<\/em>), o <strong>biguatinga<\/strong> (<em>Anhinga anhinga<\/em>), a <strong>gar\u00e7a branca grande<\/strong> (<em>Ardea alba<\/em>), o <strong>pr\u00edncipe<\/strong> (<em>Pyrocephalus runibus<\/em>), a <strong>coruja buraqueira<\/strong> (<em>Athene cunicularia<\/em>), o <strong>pica-pau do campo <\/strong>(<em>Colaptes campestres<\/em>) e o <strong>caracar\u00e1<\/strong> (<em>Caracara plancus<\/em>).<\/p>\n<p><strong>Abordagem ampla<\/strong><br \/>\nO levantamento sobre os p\u00e1ssaros foi realizado com o uso de programas especiais como Quantum GIS, Fragstats e o teste KruskalWallis, que trabalham com a <strong>rela\u00e7\u00e3o entre a cobertura arb\u00f3rea do entorno e a presen\u00e7a de avifauna nos parques urbanos<\/strong>.<\/p>\n<p>Dessa maneira, o trabalho original n\u00e3o apenas <strong>estimula a observa\u00e7\u00e3o de aves nos parques<\/strong> como tamb\u00e9m <strong>refor\u00e7a o trabalho de conserva\u00e7\u00e3o de mananciais de \u00e1gua desenvolvido pela DAE e pela Prefeitura<\/strong>.<\/p>\n<p>Al\u00e9m das pesquisas, Renan integrou o <strong>Grupo dos Observadores de Aves de Jundia\u00ed<\/strong> e tamb\u00e9m \u00e9 um dos maiores colaboradores nos esfor\u00e7os que colocaram o munic\u00edpio como um dos destaques na boa coloca\u00e7\u00e3o local no maior portal do g\u00eanero do Brasil, o <strong><a href=\"http:\/\/www.wikiaves.com.br\/\" target=\"_blank\">Wiki Aves<\/a><\/strong>, onde 297 esp\u00e9cies de p\u00e1ssaros foram registradas em Jundia\u00ed.<\/p>\n<div id=\"attachment_118031\" style=\"width: 730px\" class=\"wp-caption aligncenter\"><a href=\"https:\/\/jundiai.sp.gov.br\/noticias\/wp-content\/uploads\/sites\/32\/2015\/02\/PASSAROS-socozinhoG.jpg\"><img loading=\"lazy\" decoding=\"async\" aria-describedby=\"caption-attachment-118031\" src=\"https:\/\/jundiai.sp.gov.br\/noticias\/wp-content\/uploads\/sites\/32\/2015\/02\/PASSAROS-socozinhoG-720x471.jpg\" alt=\"O socozinho foi outra ave registrada por Renan Augusto Bonan\u00e7a e usada no calend\u00e1rio\" width=\"720\" height=\"471\" class=\"size-large wp-image-118031\" srcset=\"https:\/\/jundiai.sp.gov.br\/noticias\/wp-content\/uploads\/sites\/32\/2015\/02\/PASSAROS-socozinhoG-720x471.jpg 720w, https:\/\/jundiai.sp.gov.br\/noticias\/wp-content\/uploads\/sites\/32\/2015\/02\/PASSAROS-socozinhoG-300x196.jpg 300w, https:\/\/jundiai.sp.gov.br\/noticias\/wp-content\/uploads\/sites\/32\/2015\/02\/PASSAROS-socozinhoG.jpg 1240w\" sizes=\"auto, (max-width: 720px) 100vw, 720px\" \/><\/a><p id=\"caption-attachment-118031\" class=\"wp-caption-text\">O socozinho foi outra ave registrada por Renan Augusto Bonan\u00e7a e usada no calend\u00e1rio<\/p><\/div>\n<p><strong><em>Jos\u00e9 Arnaldo de Oliveira<br \/>\nFotos: Reprodu\u00e7\u00e3o<\/em><\/strong><\/p>\n","protected":false},"excerpt":{"rendered":"<p>Calend\u00e1rio 2015 da DAE destaca-se pela originalidade e evidencia o trabalho da empresa com a Prefeitura pelo meio ambiente<\/p>\n","protected":false},"author":14,"featured_media":118038,"comment_status":"closed","ping_status":"closed","sticky":false,"template":"","format":"standard","meta":{"footnotes":""},"categories":[2],"tags":[66,322,47,341],"ods":[],"class_list":["post-118023","post","type-post","status-publish","format-standard","has-post-thumbnail","hentry","category-noticias","tag-dae","tag-jardim-botanico","tag-parque-da-cidade","tag-servicos-publicos"],"_links":{"self":[{"href":"https:\/\/jundiai.sp.gov.br\/noticias\/wp-json\/wp\/v2\/posts\/118023","targetHints":{"allow":["GET"]}}],"collection":[{"href":"https:\/\/jundiai.sp.gov.br\/noticias\/wp-json\/wp\/v2\/posts"}],"about":[{"href":"https:\/\/jundiai.sp.gov.br\/noticias\/wp-json\/wp\/v2\/types\/post"}],"author":[{"embeddable":true,"href":"https:\/\/jundiai.sp.gov.br\/noticias\/wp-json\/wp\/v2\/users\/14"}],"replies":[{"embeddable":true,"href":"https:\/\/jundiai.sp.gov.br\/noticias\/wp-json\/wp\/v2\/comments?post=118023"}],"version-history":[{"count":6,"href":"https:\/\/jundiai.sp.gov.br\/noticias\/wp-json\/wp\/v2\/posts\/118023\/revisions"}],"predecessor-version":[{"id":118046,"href":"https:\/\/jundiai.sp.gov.br\/noticias\/wp-json\/wp\/v2\/posts\/118023\/revisions\/118046"}],"wp:featuredmedia":[{"embeddable":true,"href":"https:\/\/jundiai.sp.gov.br\/noticias\/wp-json\/wp\/v2\/media\/118038"}],"wp:attachment":[{"href":"https:\/\/jundiai.sp.gov.br\/noticias\/wp-json\/wp\/v2\/media?parent=118023"}],"wp:term":[{"taxonomy":"category","embeddable":true,"href":"https:\/\/jundiai.sp.gov.br\/noticias\/wp-json\/wp\/v2\/categories?post=118023"},{"taxonomy":"post_tag","embeddable":true,"href":"https:\/\/jundiai.sp.gov.br\/noticias\/wp-json\/wp\/v2\/tags?post=118023"},{"taxonomy":"ods","embeddable":true,"href":"https:\/\/jundiai.sp.gov.br\/noticias\/wp-json\/wp\/v2\/ods?post=118023"}],"curies":[{"name":"wp","href":"https:\/\/api.w.org\/{rel}","templated":true}]}}