{"id":118287,"date":"2015-02-07T14:46:54","date_gmt":"2015-02-07T16:46:54","guid":{"rendered":"https:\/\/jundiai.sp.gov.br\/noticias\/?p=118287"},"modified":"2016-11-04T11:20:06","modified_gmt":"2016-11-04T13:20:06","slug":"criancas-desenham-o-novo-horizonte-em-evento-da-fumas","status":"publish","type":"post","link":"https:\/\/jundiai.sp.gov.br\/noticias\/2015\/02\/07\/criancas-desenham-o-novo-horizonte-em-evento-da-fumas\/","title":{"rendered":"Crian\u00e7as desenham o Novo Horizonte em evento da Fumas"},"content":{"rendered":"<p><strong>Uma casa com \u00e1rvore e flores, a rua e os carros. Apesar de n\u00e3o ter uma \u00e1rvore no quintal, \u00e9 assim que a pequena Camila Vit\u00f3ria, de 9 anos, desenhou o bairro onde vive, o Jardim Novo Horizonte, durante oficina promovida pela<a href=\"http:\/\/fumas.jundiai.sp.gov.br\/\" target=\"_blank\"> Funda\u00e7\u00e3o Municipal de A\u00e7\u00e3o Social (Fumas)<\/a>, em parceria com a Secretaria de Cultura, na manh\u00e3 deste s\u00e1bado (7).<\/strong><\/p>\n<p><strong>LEIA TAMB\u00c9M<\/strong><br \/>\n<a style=\"font-weight: bold; color: #b61f17;\" title=\"URL permanente para Fumas inicia identifica\u00e7\u00e3o no Jardim S\u00e3o Camilo\" href=\"https:\/\/jundiai.sp.gov.br\/noticias\/2015\/02\/05\/fumas-inicia-identificacao-no-jardim-sao-camilo\/\" rel=\"bookmark\">Fumas inicia identifica\u00e7\u00e3o no Jardim S\u00e3o Camilo<\/a><span style=\"font-weight: bold;\">\u00a0<\/span><br \/>\n<a style=\"font-weight: bold; color: #b61f17;\" title=\"URL permanente para Moradias em constru\u00e7\u00e3o d\u00e3o Novo Horizonte a fam\u00edlias \" href=\"https:\/\/jundiai.sp.gov.br\/noticias\/2015\/02\/03\/moradias-em-construcao-dao-novo-horizonte-a-familias\/\" rel=\"bookmark\">Moradias em constru\u00e7\u00e3o d\u00e3o Novo Horizonte a fam\u00edlias\u00a0<\/a><\/p>\n<div id=\"attachment_118289\" style=\"width: 730px\" class=\"wp-caption aligncenter\"><a href=\"https:\/\/jundiai.sp.gov.br\/noticias\/wp-content\/uploads\/sites\/32\/2015\/02\/Crian\u00e7as-do-bairro-participaram-da-atividade-neste-s\u00e1bado-7.jpg\"><img loading=\"lazy\" decoding=\"async\" aria-describedby=\"caption-attachment-118289\" class=\"size-large wp-image-118289\" src=\"https:\/\/jundiai.sp.gov.br\/noticias\/wp-content\/uploads\/sites\/32\/2015\/02\/Crian\u00e7as-do-bairro-participaram-da-atividade-neste-s\u00e1bado-7-720x522.jpg\" alt=\"Crian\u00e7as do bairro participaram da atividade neste s\u00e1bado (7)\" width=\"720\" height=\"522\" srcset=\"https:\/\/jundiai.sp.gov.br\/noticias\/wp-content\/uploads\/sites\/32\/2015\/02\/Crian\u00e7as-do-bairro-participaram-da-atividade-neste-s\u00e1bado-7-720x522.jpg 720w, https:\/\/jundiai.sp.gov.br\/noticias\/wp-content\/uploads\/sites\/32\/2015\/02\/Crian\u00e7as-do-bairro-participaram-da-atividade-neste-s\u00e1bado-7-300x217.jpg 300w, https:\/\/jundiai.sp.gov.br\/noticias\/wp-content\/uploads\/sites\/32\/2015\/02\/Crian\u00e7as-do-bairro-participaram-da-atividade-neste-s\u00e1bado-7.jpg 1240w\" sizes=\"auto, (max-width: 720px) 100vw, 720px\" \/><\/a><p id=\"caption-attachment-118289\" class=\"wp-caption-text\">Crian\u00e7as do bairro participaram da atividade neste s\u00e1bado (7)<\/p><\/div>\n<p>\u201cEu queria ter uma \u00e1rvore em casa. Mas carro tem muito aqui\u201d, explicou Camila, que nasceu no bairro e \u00e9 aluna da Emeb Ivo de Bona. Ao seu lado, Helo\u00edsa Pasqualini, de 10 anos, ainda estava em d\u00favida sobre o que desenhar. A proposta da oficina \u00e9 eleger o desenho mais bacana para ilustrar as placas de selagem que ser\u00e3o colocadas em frente \u00e0s casas nas \u00e1reas de submoradias do bairro. \u201cVai ser legal se meu desenho for escolhido\u201d, disse Helo\u00edsa.<\/p>\n<div id=\"attachment_118288\" style=\"width: 310px\" class=\"wp-caption alignright\"><a href=\"https:\/\/jundiai.sp.gov.br\/noticias\/wp-content\/uploads\/sites\/32\/2015\/02\/Camila-de-9-anos-desenhou-sua-casa-com-um-jardim.jpg\"><img loading=\"lazy\" decoding=\"async\" aria-describedby=\"caption-attachment-118288\" class=\"size-medium wp-image-118288\" src=\"https:\/\/jundiai.sp.gov.br\/noticias\/wp-content\/uploads\/sites\/32\/2015\/02\/Camila-de-9-anos-desenhou-sua-casa-com-um-jardim-300x224.jpg\" alt=\"Camila, de 9 anos, desenhou sua casa com um jardim\" width=\"300\" height=\"224\" srcset=\"https:\/\/jundiai.sp.gov.br\/noticias\/wp-content\/uploads\/sites\/32\/2015\/02\/Camila-de-9-anos-desenhou-sua-casa-com-um-jardim-300x224.jpg 300w, https:\/\/jundiai.sp.gov.br\/noticias\/wp-content\/uploads\/sites\/32\/2015\/02\/Camila-de-9-anos-desenhou-sua-casa-com-um-jardim-720x538.jpg 720w, https:\/\/jundiai.sp.gov.br\/noticias\/wp-content\/uploads\/sites\/32\/2015\/02\/Camila-de-9-anos-desenhou-sua-casa-com-um-jardim.jpg 1240w\" sizes=\"auto, (max-width: 300px) 100vw, 300px\" \/><\/a><p id=\"caption-attachment-118288\" class=\"wp-caption-text\">Camila, de 9 anos, desenhou sua casa com um jardim<\/p><\/div>\n<p>Antes de as crian\u00e7as come\u00e7arem a desenhar, o ator Ademilson Francisco e a ge\u00f3grafa Nat\u00e1lia Pereira de Oliveira contaram, de forma l\u00fadica, um pouco sobre a hist\u00f3ria da forma\u00e7\u00e3o do bairro, que tamb\u00e9m \u00e9 conhecido como Varj\u00e3o. \u201cEu dei aula aqui no bairro e fiz o trabalho de conclus\u00e3o de curso sobre a hist\u00f3ria do bairro, que foi constru\u00eddo sobre os trilhos de uma linha de trem que passava por aqui. A ideia de contar essa hist\u00f3ria \u00e9 inspirar as crian\u00e7as para desenhar\u201d, contou Nat\u00e1lia.<\/p>\n<p>A assistente social da Fumas, Juliana Hashiguchi, explicou que essa atividade faz parte do processo de urbaniza\u00e7\u00e3o do bairro. Tamb\u00e9m est\u00e3o sendo realizados f\u00f3runs com lideran\u00e7as e em breve ser\u00e3o promovidas reuni\u00f5es setorizadas com a comunidade para informar sobre o cadastro. \u201cA ideia \u00e9 criar um sentimento de pertencimento, incluir os moradores nesse processo\u201d, destacou Juliana.<\/p>\n<p><strong>O Jardim Novo Horizonte passar\u00e1 pelo processo de abertura de pelo menos 35 vias, entre a rua Oito e a Estrada Municipal do Varj\u00e3o. Por isso, diversas fam\u00edlias ser\u00e3o reassentadas nas novas unidades habitacionais que est\u00e3o sendo constru\u00eddas no bairro. Ao todo, ser\u00e3o 1.088 moradias.<\/strong><br \/>\n<strong><br \/>\nNiza Souza<br \/>\nFotos: Dorival Pinheiro Filho<\/strong><\/p>\n","protected":false},"excerpt":{"rendered":"<p>A proposta \u00e9 eleger o melhor desenho para ilustrar as placas que ser\u00e3o colocadas em frente \u00e0s casas nas \u00e1reas de submoradias<\/p>\n","protected":false},"author":11,"featured_media":118291,"comment_status":"closed","ping_status":"closed","sticky":false,"template":"","format":"standard","meta":{"footnotes":""},"categories":[2],"tags":[29,49],"ods":[],"class_list":["post-118287","post","type-post","status-publish","format-standard","has-post-thumbnail","hentry","category-noticias","tag-cultura","tag-fundacao-municipal-de-acao-social-fumas"],"_links":{"self":[{"href":"https:\/\/jundiai.sp.gov.br\/noticias\/wp-json\/wp\/v2\/posts\/118287","targetHints":{"allow":["GET"]}}],"collection":[{"href":"https:\/\/jundiai.sp.gov.br\/noticias\/wp-json\/wp\/v2\/posts"}],"about":[{"href":"https:\/\/jundiai.sp.gov.br\/noticias\/wp-json\/wp\/v2\/types\/post"}],"author":[{"embeddable":true,"href":"https:\/\/jundiai.sp.gov.br\/noticias\/wp-json\/wp\/v2\/users\/11"}],"replies":[{"embeddable":true,"href":"https:\/\/jundiai.sp.gov.br\/noticias\/wp-json\/wp\/v2\/comments?post=118287"}],"version-history":[{"count":6,"href":"https:\/\/jundiai.sp.gov.br\/noticias\/wp-json\/wp\/v2\/posts\/118287\/revisions"}],"predecessor-version":[{"id":118296,"href":"https:\/\/jundiai.sp.gov.br\/noticias\/wp-json\/wp\/v2\/posts\/118287\/revisions\/118296"}],"wp:featuredmedia":[{"embeddable":true,"href":"https:\/\/jundiai.sp.gov.br\/noticias\/wp-json\/wp\/v2\/media\/118291"}],"wp:attachment":[{"href":"https:\/\/jundiai.sp.gov.br\/noticias\/wp-json\/wp\/v2\/media?parent=118287"}],"wp:term":[{"taxonomy":"category","embeddable":true,"href":"https:\/\/jundiai.sp.gov.br\/noticias\/wp-json\/wp\/v2\/categories?post=118287"},{"taxonomy":"post_tag","embeddable":true,"href":"https:\/\/jundiai.sp.gov.br\/noticias\/wp-json\/wp\/v2\/tags?post=118287"},{"taxonomy":"ods","embeddable":true,"href":"https:\/\/jundiai.sp.gov.br\/noticias\/wp-json\/wp\/v2\/ods?post=118287"}],"curies":[{"name":"wp","href":"https:\/\/api.w.org\/{rel}","templated":true}]}}