{"id":118352,"date":"2015-02-08T21:24:49","date_gmt":"2015-02-08T23:24:49","guid":{"rendered":"https:\/\/jundiai.sp.gov.br\/noticias\/?p=118352"},"modified":"2016-11-04T11:20:07","modified_gmt":"2016-11-04T13:20:07","slug":"acessibilidade-marca-presenca-na-festa-da-uva","status":"publish","type":"post","link":"https:\/\/jundiai.sp.gov.br\/noticias\/2015\/02\/08\/acessibilidade-marca-presenca-na-festa-da-uva\/","title":{"rendered":"Acessibilidade marca presen\u00e7a na Festa da Uva"},"content":{"rendered":"<p><strong>A <a href=\"http:\/\/festadauva.jundiai.sp.gov.br\" target=\"_blank\">32\u00aa Festa da Uva<\/a> tamb\u00e9m ficou marcada pela acessibilidade. A organiza\u00e7\u00e3o colocou \u00e0 disposi\u00e7\u00e3o do p\u00fablico carrinhos el\u00e9tricos para ajudar no traslado de pessoas com dificuldades motoras.<\/strong><\/p>\n<p><strong><a href=\"https:\/\/www.flickr.com\/photos\/prefeituradejundiai\/sets\/72157650264624780\/\" target=\"_blank\">CONFIRA AS FOTOS DO \u00daLTIMO FIM DE SEMANA DA FESTA<\/a><\/strong><\/p>\n<p><strong>LEIA TAMB\u00c9M<\/strong><br \/>\n<a style=\"color: #b61f17;\" href=\"https:\/\/jundiai.sp.gov.br\/noticias\/2015\/02\/08\/festa-da-uva-transborda-cultura\/\" target=\"_blank\"><strong style=\"font-style: inherit;\">Festa da Uva e Expo Vinhos transbordam cultura<\/strong><\/a><br \/>\n<a style=\"color: #b61f17;\" href=\"https:\/\/jundiai.sp.gov.br\/noticias\/2015\/02\/08\/desfile-de-carros-antigos-abre-ultimo-dia-da-festa-da-uva\/\" target=\"_blank\"><strong style=\"font-style: inherit;\">Desfile de carros antigos abre \u00faltimo dia da Festa da Uva<\/strong><\/a><\/p>\n<div id=\"attachment_118354\" style=\"width: 730px\" class=\"wp-caption aligncenter\"><a href=\"https:\/\/jundiai.sp.gov.br\/noticias\/wp-content\/uploads\/sites\/32\/2015\/02\/Acessibilidade1.jpg\"><img loading=\"lazy\" decoding=\"async\" aria-describedby=\"caption-attachment-118354\" class=\"size-large wp-image-118354\" src=\"https:\/\/jundiai.sp.gov.br\/noticias\/wp-content\/uploads\/sites\/32\/2015\/02\/Acessibilidade1-720x506.jpg\" alt=\"A organiza\u00e7\u00e3o colocou \u00e0 disposi\u00e7\u00e3o do p\u00fablico carrinhos el\u00e9tricos para ajudar no traslado de pessoas com dificuldades motoras\" width=\"720\" height=\"506\" srcset=\"https:\/\/jundiai.sp.gov.br\/noticias\/wp-content\/uploads\/sites\/32\/2015\/02\/Acessibilidade1-720x506.jpg 720w, https:\/\/jundiai.sp.gov.br\/noticias\/wp-content\/uploads\/sites\/32\/2015\/02\/Acessibilidade1-300x210.jpg 300w, https:\/\/jundiai.sp.gov.br\/noticias\/wp-content\/uploads\/sites\/32\/2015\/02\/Acessibilidade1.jpg 1240w\" sizes=\"auto, (max-width: 720px) 100vw, 720px\" \/><\/a><p id=\"caption-attachment-118354\" class=\"wp-caption-text\">A organiza\u00e7\u00e3o colocou \u00e0 disposi\u00e7\u00e3o do p\u00fablico carrinhos el\u00e9tricos para ajudar no traslado de pessoas com dificuldades motoras<\/p><\/div>\n<p>Tudo come\u00e7a na pr\u00f3pria marquise de entrada. Os funcion\u00e1rios, assim que identificam a necessidade do visitante, entram em contato via r\u00e1dio com a sede da administra\u00e7\u00e3o do evento. A administra\u00e7\u00e3o, por sua vez, avisa o condutor do carro que busca o visitante nas catracas. O ve\u00edculo percorre tr\u00eas pontos principais do parque que d\u00e3o acesso ao pavilh\u00e3o principal, ao Espa\u00e7o Deguste Jundia\u00ed e portarias.<\/p>\n<p>\u201cEssa iniciativa est\u00e1 de nota dez. Se n\u00e3o fosse o carrinho eu nem iria aproveitar muito a festa, tenho dificuldades de subir as rampas, muito bom mesmo\u201d, disse Claudete Barcaro, de 74 anos.<\/p>\n<p>O coordenador da Pessoa com Defici\u00eancia, Reinaldo Fernandes, se diz muito confiante com os avan\u00e7os das pol\u00edticas p\u00fablicas nesta \u00e1rea na cidade. \u201cEstamos pensando na acessibilidade de forma geral, n\u00e3o somente para os deficientes, mas para todos que necessitam desse tipo de apoio.\u201d<\/p>\n<p>E as novidades n\u00e3o param por a\u00ed. A Coordenadoria dos Direitos da Pessoa com Defici\u00eancia vai trabalhar a acessibilidade tamb\u00e9m no carnaval em Jundia\u00ed. Na avenida Prefeito Luiz Latorre ser\u00e1 criada uma \u00e1rea especial para todos os deficientes, onde haver\u00e1 int\u00e9rpretes de libras, \u00e1udio descri\u00e7\u00f5es, cadeiras de rodas motorizadas, espa\u00e7o especial para cadeirantes e muito mais.<\/p>\n<p>Se voc\u00ea tiver alguma sugest\u00e3o para melhorar a acessibilidade no munic\u00edpio tamb\u00e9m pode colaborar. Basta entrar em contato com a<a href=\"http:\/\/on.fb.me\/1EQNKIee\" target=\"_blank\"> Coordenadoria pela p\u00e1gina do Facebook<\/a> e compartilhar sua ideia.<br \/>\n<strong><br \/>\nAssessoria de Imprensa<br \/>\nFotos: Dorival Pinheiro Filho<\/strong><\/p>\n","protected":false},"excerpt":{"rendered":"<p>A 32\u00aa Festa da Uva tamb\u00e9m ficou marcada pela acessibilidade. A organiza\u00e7\u00e3o colocou \u00e0 disposi\u00e7\u00e3o do p\u00fablico carrinhos el\u00e9tricos para ajudar no traslado de pessoas com dificuldades motoras. CONFIRA AS FOTOS DO \u00daLTIMO FIM DE SEMANA DA FESTA LEIA TAMB\u00c9M Festa da Uva e Expo Vinhos transbordam cultura Desfile de carros antigos abre \u00faltimo dia [&hellip;]<\/p>\n","protected":false},"author":11,"featured_media":0,"comment_status":"closed","ping_status":"closed","sticky":false,"template":"","format":"standard","meta":{"footnotes":""},"categories":[2],"tags":[456,41,309],"ods":[],"class_list":["post-118352","post","type-post","status-publish","format-standard","hentry","category-noticias","tag-32a-festa-da-uva","tag-agricultura-abastecimento-e-turismo","tag-festa-da-uva-2015"],"_links":{"self":[{"href":"https:\/\/jundiai.sp.gov.br\/noticias\/wp-json\/wp\/v2\/posts\/118352","targetHints":{"allow":["GET"]}}],"collection":[{"href":"https:\/\/jundiai.sp.gov.br\/noticias\/wp-json\/wp\/v2\/posts"}],"about":[{"href":"https:\/\/jundiai.sp.gov.br\/noticias\/wp-json\/wp\/v2\/types\/post"}],"author":[{"embeddable":true,"href":"https:\/\/jundiai.sp.gov.br\/noticias\/wp-json\/wp\/v2\/users\/11"}],"replies":[{"embeddable":true,"href":"https:\/\/jundiai.sp.gov.br\/noticias\/wp-json\/wp\/v2\/comments?post=118352"}],"version-history":[{"count":2,"href":"https:\/\/jundiai.sp.gov.br\/noticias\/wp-json\/wp\/v2\/posts\/118352\/revisions"}],"predecessor-version":[{"id":118385,"href":"https:\/\/jundiai.sp.gov.br\/noticias\/wp-json\/wp\/v2\/posts\/118352\/revisions\/118385"}],"wp:attachment":[{"href":"https:\/\/jundiai.sp.gov.br\/noticias\/wp-json\/wp\/v2\/media?parent=118352"}],"wp:term":[{"taxonomy":"category","embeddable":true,"href":"https:\/\/jundiai.sp.gov.br\/noticias\/wp-json\/wp\/v2\/categories?post=118352"},{"taxonomy":"post_tag","embeddable":true,"href":"https:\/\/jundiai.sp.gov.br\/noticias\/wp-json\/wp\/v2\/tags?post=118352"},{"taxonomy":"ods","embeddable":true,"href":"https:\/\/jundiai.sp.gov.br\/noticias\/wp-json\/wp\/v2\/ods?post=118352"}],"curies":[{"name":"wp","href":"https:\/\/api.w.org\/{rel}","templated":true}]}}