{"id":118504,"date":"2015-02-10T17:20:37","date_gmt":"2015-02-10T19:20:37","guid":{"rendered":"https:\/\/jundiai.sp.gov.br\/noticias\/?p=118504"},"modified":"2016-11-04T11:20:07","modified_gmt":"2016-11-04T13:20:07","slug":"serra-do-japi-abre-inscricoes-para-conselho-gestor","status":"publish","type":"post","link":"https:\/\/jundiai.sp.gov.br\/noticias\/2015\/02\/10\/serra-do-japi-abre-inscricoes-para-conselho-gestor\/","title":{"rendered":"Serra do Japi abre inscri\u00e7\u00f5es para Conselho de Gest\u00e3o"},"content":{"rendered":"<p><strong>A Secretaria de Planejamento e Meio Ambiente abriu as inscri\u00e7\u00f5es para o cadastro de entidades interessadas em formar o <a href=\"https:\/\/jundiai.sp.gov.br\/planejamento-e-meio-ambiente\/conselho\/\" target=\"_blank\">Conselho de Gest\u00e3o da Serra do Japi<\/a> para o bi\u00eanio 2015-2017. O cadastramento pode ser feito diariamente, de segunda a sexta-feira, das 9h \u00e0s 17h, no 5\u00ba andar (Ala Sul) do Pa\u00e7o Municipal. <\/strong><\/p>\n<p><strong><a href=\"http:\/\/imprensaoficial.jundiai.sp.gov.br\/wp-content\/uploads\/2015\/02\/Edi%C3%A7%C3%A3o-4019-06-02-20151.pdf\" target=\"_blank\">Confira o edital n\u00ba 5 na Imprensa Oficial (p\u00e1ginas 11 e 12)<\/a><\/strong><\/p>\n<p>\u201cNem \u00e9 preciso comentar a <strong>import\u00e2ncia da Serra do Japi para a cidade, pois todos sabemos de seu papel tanto para a identidade local quanto para a biodiversidade paulista e brasileira<\/strong>\u201d, afirma a secret\u00e1ria Daniela da Camara Sutti.<\/p>\n<p><strong><a href=\"https:\/\/jundiai.sp.gov.br\/planejamento-e-meio-ambiente\/serra-do-japi\/\" target=\"_blank\">CONFIRA AS INFORMA\u00c7\u00d5ES SOBRE A SERRA DO JAPI<\/a><\/strong><\/p>\n<p><strong>LEIA TAMB\u00c9M<br \/>\n<a href=\"https:\/\/jundiai.sp.gov.br\/noticias\/2015\/02\/04\/homenagem-destaca-participacao-social-no-plano-diretor\/\" target=\"_blank\">Homenagem destaca participa\u00e7\u00e3o social no Plano Diretor<\/a><br \/>\n<a href=\"https:\/\/jundiai.sp.gov.br\/noticias\/2015\/02\/06\/prefeito-se-emociona-ao-visitar-trabalho-de-restauracao-da-ponte-torta\/\" target=\"_blank\">Prefeito se emociona ao visitar restaura\u00e7\u00e3o da Ponte Torta<\/a><\/strong><\/p>\n<div id=\"attachment_118506\" style=\"width: 730px\" class=\"wp-caption aligncenter\"><a href=\"https:\/\/jundiai.sp.gov.br\/noticias\/wp-content\/uploads\/sites\/32\/2015\/02\/serra_do_japi_01G.jpg\"><img loading=\"lazy\" decoding=\"async\" aria-describedby=\"caption-attachment-118506\" class=\"size-large wp-image-118506\" src=\"https:\/\/jundiai.sp.gov.br\/noticias\/wp-content\/uploads\/sites\/32\/2015\/02\/serra_do_japi_01G-720x480.jpg\" alt=\"Conserva\u00e7\u00e3o da Serra do Japi \u00e9 alvo de trabalho do conselho\" width=\"720\" height=\"480\" srcset=\"https:\/\/jundiai.sp.gov.br\/noticias\/wp-content\/uploads\/sites\/32\/2015\/02\/serra_do_japi_01G-720x480.jpg 720w, https:\/\/jundiai.sp.gov.br\/noticias\/wp-content\/uploads\/sites\/32\/2015\/02\/serra_do_japi_01G-300x200.jpg 300w, https:\/\/jundiai.sp.gov.br\/noticias\/wp-content\/uploads\/sites\/32\/2015\/02\/serra_do_japi_01G.jpg 1240w\" sizes=\"auto, (max-width: 720px) 100vw, 720px\" \/><\/a><p id=\"caption-attachment-118506\" class=\"wp-caption-text\">Conserva\u00e7\u00e3o da Serra do Japi \u00e9 alvo de trabalho do conselho<\/p><\/div>\n<p>Os segmentos e vagas que podem participar do conselho s\u00e3o as <strong>entidades de classe e sindicatos de profissionais liberais<\/strong> (3), as <strong>associa\u00e7\u00f5es de moradores do territ\u00f3rio da serra <\/strong>(2) e <strong>propriet\u00e1rios cadastrados individualmente<\/strong> (2), as <strong>organiza\u00e7\u00f5es n\u00e3o-governamentais e associa\u00e7\u00f5es comunit\u00e1rias ou de bairros <\/strong>(2) e as <strong>entidades ambientalistas<\/strong> (1). As inscri\u00e7\u00f5es <strong>encerram-se dia 27 de Mar\u00e7o<\/strong>.<\/p>\n<p>Para as <strong>entidades<\/strong> constitu\u00eddas h\u00e1 mais de dois a inscri\u00e7\u00e3o pede, al\u00e9m da <strong> <a href=\"https:\/\/jundiai.sp.gov.br\/planejamento-e-meio-ambiente\/wp-content\/uploads\/sites\/15\/2014\/09\/CGSJ-2015_Cadastro_Entidades.pdf\" target=\"_blank\">ficha de cadastro<\/a><\/strong>, uma c\u00f3pia do estatuto, uma c\u00f3pia da ata de elei\u00e7\u00e3o da atual diretoria e a comprova\u00e7\u00e3o de endere\u00e7o no munic\u00edpio.<\/p>\n<p>J\u00e1 para os <strong>propriet\u00e1rios de \u00e1reas na serra<\/strong>, al\u00e9m da <strong><a href=\"https:\/\/jundiai.sp.gov.br\/planejamento-e-meio-ambiente\/wp-content\/uploads\/sites\/15\/2014\/09\/CGSJ-2015_Cadastro_Proprietarios.pdf\" target=\"_blank\">ficha de cadastro<\/a><\/strong>, \u00e9 pedida c\u00f3pia de documento de identidade (RG) e da certid\u00e3o de \u00f4nus e aliena\u00e7\u00e3o atualizada no Cart\u00f3rio de Registro de Im\u00f3veis.<\/p>\n<div id=\"attachment_118508\" style=\"width: 730px\" class=\"wp-caption aligncenter\"><a href=\"https:\/\/jundiai.sp.gov.br\/noticias\/wp-content\/uploads\/sites\/32\/2015\/02\/serra_do_japi_02G.jpg\"><img loading=\"lazy\" decoding=\"async\" aria-describedby=\"caption-attachment-118508\" class=\"size-large wp-image-118508\" src=\"https:\/\/jundiai.sp.gov.br\/noticias\/wp-content\/uploads\/sites\/32\/2015\/02\/serra_do_japi_02G-720x481.jpg\" alt=\"Cena de cachoeira na serra: participa\u00e7\u00e3o \u00e9 alvo do cadastramento\" width=\"720\" height=\"481\" srcset=\"https:\/\/jundiai.sp.gov.br\/noticias\/wp-content\/uploads\/sites\/32\/2015\/02\/serra_do_japi_02G-720x481.jpg 720w, https:\/\/jundiai.sp.gov.br\/noticias\/wp-content\/uploads\/sites\/32\/2015\/02\/serra_do_japi_02G-300x200.jpg 300w, https:\/\/jundiai.sp.gov.br\/noticias\/wp-content\/uploads\/sites\/32\/2015\/02\/serra_do_japi_02G.jpg 1240w\" sizes=\"auto, (max-width: 720px) 100vw, 720px\" \/><\/a><p id=\"caption-attachment-118508\" class=\"wp-caption-text\">Cena de cachoeira na serra: participa\u00e7\u00e3o \u00e9 alvo do cadastramento<\/p><\/div>\n<p><strong><em>Jos\u00e9 Arnaldo de Oliveira<br \/>\nFotos: Arquivo PMJ<\/em><\/strong><\/p>\n","protected":false},"excerpt":{"rendered":"<p>Entidades e propriet\u00e1rios de \u00e1reas devem realizar inscri\u00e7\u00e3o no Pa\u00e7o Municipal at\u00e9 dia 27 de Mar\u00e7o<\/p>\n","protected":false},"author":14,"featured_media":118509,"comment_status":"closed","ping_status":"closed","sticky":false,"template":"","format":"standard","meta":{"footnotes":""},"categories":[2],"tags":[526,32,323],"ods":[],"class_list":["post-118504","post","type-post","status-publish","format-standard","has-post-thumbnail","hentry","category-noticias","tag-conselho-de-gestao-da-serra-do-japi","tag-planejamento-e-meio-ambiente","tag-serra-do-japi"],"_links":{"self":[{"href":"https:\/\/jundiai.sp.gov.br\/noticias\/wp-json\/wp\/v2\/posts\/118504","targetHints":{"allow":["GET"]}}],"collection":[{"href":"https:\/\/jundiai.sp.gov.br\/noticias\/wp-json\/wp\/v2\/posts"}],"about":[{"href":"https:\/\/jundiai.sp.gov.br\/noticias\/wp-json\/wp\/v2\/types\/post"}],"author":[{"embeddable":true,"href":"https:\/\/jundiai.sp.gov.br\/noticias\/wp-json\/wp\/v2\/users\/14"}],"replies":[{"embeddable":true,"href":"https:\/\/jundiai.sp.gov.br\/noticias\/wp-json\/wp\/v2\/comments?post=118504"}],"version-history":[{"count":7,"href":"https:\/\/jundiai.sp.gov.br\/noticias\/wp-json\/wp\/v2\/posts\/118504\/revisions"}],"predecessor-version":[{"id":160767,"href":"https:\/\/jundiai.sp.gov.br\/noticias\/wp-json\/wp\/v2\/posts\/118504\/revisions\/160767"}],"wp:featuredmedia":[{"embeddable":true,"href":"https:\/\/jundiai.sp.gov.br\/noticias\/wp-json\/wp\/v2\/media\/118509"}],"wp:attachment":[{"href":"https:\/\/jundiai.sp.gov.br\/noticias\/wp-json\/wp\/v2\/media?parent=118504"}],"wp:term":[{"taxonomy":"category","embeddable":true,"href":"https:\/\/jundiai.sp.gov.br\/noticias\/wp-json\/wp\/v2\/categories?post=118504"},{"taxonomy":"post_tag","embeddable":true,"href":"https:\/\/jundiai.sp.gov.br\/noticias\/wp-json\/wp\/v2\/tags?post=118504"},{"taxonomy":"ods","embeddable":true,"href":"https:\/\/jundiai.sp.gov.br\/noticias\/wp-json\/wp\/v2\/ods?post=118504"}],"curies":[{"name":"wp","href":"https:\/\/api.w.org\/{rel}","templated":true}]}}