{"id":118580,"date":"2015-02-11T13:39:37","date_gmt":"2015-02-11T15:39:37","guid":{"rendered":"https:\/\/jundiai.sp.gov.br\/noticias\/?p=118580"},"modified":"2020-02-10T10:33:42","modified_gmt":"2020-02-10T12:33:42","slug":"projetos-do-programa-estimulo-serao-conhecidos-nesta-quinta-12-e-sexta-13","status":"publish","type":"post","link":"https:\/\/jundiai.sp.gov.br\/noticias\/2015\/02\/11\/projetos-do-programa-estimulo-serao-conhecidos-nesta-quinta-12-e-sexta-13\/","title":{"rendered":"Programa Est\u00edmulo: Envelopes ser\u00e3o abertos em sess\u00e3o no Solar"},"content":{"rendered":"<p><strong>A <a href=\"http:\/\/cultura.jundiai.sp.gov.br\/\" target=\"_blank\" rel=\"noopener noreferrer\">Secretaria de Cultura<\/a> realiza sess\u00f5es p\u00fablicas de abertura do envelope n\u00famero 1 (documentos) das inscri\u00e7\u00f5es deferidas para o Programa Est\u00edmulo \u00e0 Cultura, nesta quinta-feira (12) e sexta-feira (13). O local marcado para os atos \u00e9 a sala Professor Jahyr Accioly de Souza, no Museu Hist\u00f3rico e Cultural de Jundia\u00ed Solar do Bar\u00e3o, sempre \u00e0s 9h.<\/strong><\/p>\n<p><strong>LEIA TAMB\u00c9M<br \/>\n<a href=\"https:\/\/jundiai.sp.gov.br\/noticias\/2015\/02\/10\/carnaval-comeca-a-ganhar-forma-na-avenida-prefeito-luiz-latorre\/\" target=\"_blank\" rel=\"noopener noreferrer\">Carnaval come\u00e7a a ganhar forma na avenida Luiz Latorre<\/a><br \/>\n<a href=\"https:\/\/jundiai.sp.gov.br\/noticias\/2015\/02\/11\/brinquedos-que-marcaram-epoca-em-exposicao-no-solar-do-barao\/\" target=\"_blank\" rel=\"noopener noreferrer\">Brinquedos que marcaram \u00e9poca em exposi\u00e7\u00e3o no Solar do Bar\u00e3o<\/a><\/strong><\/p>\n<div id=\"attachment_118581\" style=\"width: 730px\" class=\"wp-caption aligncenter\"><a href=\"https:\/\/jundiai.sp.gov.br\/noticias\/wp-content\/uploads\/sites\/32\/2015\/02\/cia-de-dan\u00e7aG.jpg\"><img loading=\"lazy\" decoding=\"async\" aria-describedby=\"caption-attachment-118581\" src=\"https:\/\/jundiai.sp.gov.br\/noticias\/wp-content\/uploads\/sites\/32\/2015\/02\/cia-de-dan\u00e7aG-720x495.jpg\" alt=\"As categorias contempladas s\u00e3o teatro e circo, dan\u00e7a, m\u00fasica, artes visuais e audiovisual, literatura, patrim\u00f4nio cultural e manifesta\u00e7\u00f5es populares.\" width=\"720\" height=\"495\" class=\"size-large wp-image-118581\" srcset=\"https:\/\/jundiai.sp.gov.br\/noticias\/wp-content\/uploads\/sites\/32\/2015\/02\/cia-de-dan\u00e7aG-720x495.jpg 720w, https:\/\/jundiai.sp.gov.br\/noticias\/wp-content\/uploads\/sites\/32\/2015\/02\/cia-de-dan\u00e7aG-300x206.jpg 300w, https:\/\/jundiai.sp.gov.br\/noticias\/wp-content\/uploads\/sites\/32\/2015\/02\/cia-de-dan\u00e7aG.jpg 1240w\" sizes=\"auto, (max-width: 720px) 100vw, 720px\" \/><\/a><p id=\"caption-attachment-118581\" class=\"wp-caption-text\">As categorias contempladas s\u00e3o teatro e circo, dan\u00e7a, m\u00fasica, artes visuais e audiovisual, literatura, patrim\u00f4nio cultural e manifesta\u00e7\u00f5es populares.<\/p><\/div>\n<p>Ao todo, s\u00e3o<strong> 60 projetos com inscri\u00e7\u00f5es deferidas<\/strong>. Na sexta-feira (20) ser\u00e3o publicados na <strong><a href=\"http:\/\/imprensaoficial.jundiai.sp.gov.br\/\" target=\"_blank\" rel=\"noopener noreferrer\">Imprensa Oficial<\/a><\/strong> os projetos habilitados e inabilitados. Caso haja documenta\u00e7\u00e3o faltante, caber\u00e1 ao respons\u00e1vel a entrada de recurso de 23 a 27 de fevereiro. O protocolo deve ser feito na Casa da Cultura, que fica na rua Bar\u00e3o de Jundia\u00ed, 868, Centro. O resultado dos recursos ser\u00e1 publicado no dia 13 de mar\u00e7o.<\/p>\n<p>A abertura e an\u00e1lise do envelope n\u00ba2 (projeto t\u00e9cnico) ser\u00e3o feitas entre 16 a 20 de mar\u00e7o, pela Casp (Comiss\u00e3o de An\u00e1lise e Sele\u00e7\u00e3o de Projetos), para an\u00e1lise, avalia\u00e7\u00e3o e classifica\u00e7\u00e3o. A Casp \u00e9 composta por t\u00e9cnicos de reconhecimento e comprovada capacidade t\u00e9cnica e art\u00edstica. No dia 31 de mar\u00e7o haver\u00e1 a publica\u00e7\u00e3o da classifica\u00e7\u00e3o e at\u00e9 4 de abril a de todas as contrata\u00e7\u00f5es dos projetos.<\/p>\n<p><strong><em>Assessoria de Imprensa<br \/>\nFoto: Fot\u00f3grafos PJ<\/em><\/strong><\/p>\n","protected":false},"excerpt":{"rendered":"<p>MAIS CULTURA: Solar do Bar\u00e3o abre nesta quinta (12) a exposi\u00e7\u00e3o \u201cBrinquedos e Brincadeiras\u201d, com brinquedos de 1950 a 1990<\/p>\n","protected":false},"author":14,"featured_media":116151,"comment_status":"closed","ping_status":"closed","sticky":false,"template":"","format":"standard","meta":{"footnotes":""},"categories":[2],"tags":[29,290],"ods":[],"class_list":["post-118580","post","type-post","status-publish","format-standard","has-post-thumbnail","hentry","category-noticias","tag-cultura","tag-museu-historico-e-cultural-solar-do-barao"],"_links":{"self":[{"href":"https:\/\/jundiai.sp.gov.br\/noticias\/wp-json\/wp\/v2\/posts\/118580","targetHints":{"allow":["GET"]}}],"collection":[{"href":"https:\/\/jundiai.sp.gov.br\/noticias\/wp-json\/wp\/v2\/posts"}],"about":[{"href":"https:\/\/jundiai.sp.gov.br\/noticias\/wp-json\/wp\/v2\/types\/post"}],"author":[{"embeddable":true,"href":"https:\/\/jundiai.sp.gov.br\/noticias\/wp-json\/wp\/v2\/users\/14"}],"replies":[{"embeddable":true,"href":"https:\/\/jundiai.sp.gov.br\/noticias\/wp-json\/wp\/v2\/comments?post=118580"}],"version-history":[{"count":15,"href":"https:\/\/jundiai.sp.gov.br\/noticias\/wp-json\/wp\/v2\/posts\/118580\/revisions"}],"predecessor-version":[{"id":244706,"href":"https:\/\/jundiai.sp.gov.br\/noticias\/wp-json\/wp\/v2\/posts\/118580\/revisions\/244706"}],"wp:featuredmedia":[{"embeddable":true,"href":"https:\/\/jundiai.sp.gov.br\/noticias\/wp-json\/wp\/v2\/media\/116151"}],"wp:attachment":[{"href":"https:\/\/jundiai.sp.gov.br\/noticias\/wp-json\/wp\/v2\/media?parent=118580"}],"wp:term":[{"taxonomy":"category","embeddable":true,"href":"https:\/\/jundiai.sp.gov.br\/noticias\/wp-json\/wp\/v2\/categories?post=118580"},{"taxonomy":"post_tag","embeddable":true,"href":"https:\/\/jundiai.sp.gov.br\/noticias\/wp-json\/wp\/v2\/tags?post=118580"},{"taxonomy":"ods","embeddable":true,"href":"https:\/\/jundiai.sp.gov.br\/noticias\/wp-json\/wp\/v2\/ods?post=118580"}],"curies":[{"name":"wp","href":"https:\/\/api.w.org\/{rel}","templated":true}]}}