{"id":118716,"date":"2015-02-11T17:04:50","date_gmt":"2015-02-11T19:04:50","guid":{"rendered":"https:\/\/jundiai.sp.gov.br\/noticias\/?p=118716"},"modified":"2016-11-04T11:20:17","modified_gmt":"2016-11-04T13:20:17","slug":"prefeitura-e-12o-gac-fazem-acao-contra-dengue-nesta-quinta-feira-12","status":"publish","type":"post","link":"https:\/\/jundiai.sp.gov.br\/noticias\/2015\/02\/11\/prefeitura-e-12o-gac-fazem-acao-contra-dengue-nesta-quinta-feira-12\/","title":{"rendered":"Prefeitura e 12\u00ba GAC fazem a\u00e7\u00e3o contra dengue"},"content":{"rendered":"<p><strong>Cerca de 100 soldados do <a href=\"http:\/\/www.12gac.eb.mil.br\/\" target=\"_blank\">12\u00ba Grupo de Artilharia de Campanha (GAC)<\/a> participaram na manh\u00e3 desta quarta-feira (11) de um treinamento com a equipe do Centro de Controle de Zoonoses. O objetivo foi preparar o grupo para a a\u00e7\u00e3o <a href=\"https:\/\/jundiai.sp.gov.br\/dengue-aqui-nao\/\" target=\"_blank\">Dengue: Aqui N\u00e3o!<\/a>, que ser\u00e1 realizada nesta quinta-feira (12), das 8h30 \u00e0s 16h30, em v\u00e1rios bairros da cidade.<\/strong><\/p>\n<p>Segundo a coordenadora do Programa Municipal de Controle do Vetor Transmissor da Dengue, Ana L\u00facia Castro, <strong>os soldados receberam orienta\u00e7\u00f5es sobre a doen\u00e7a e, principalmente, sobre as condutas para eliminar os criadouros<\/strong> &#8211; um dos focos principais do trabalho.<\/p>\n<p><strong>LEIA TAMB\u00c9M<br \/>\n<a href=\"https:\/\/jundiai.sp.gov.br\/noticias\/2015\/02\/04\/dengue-as-principais-perguntas-e-respostas-sobre-o-assunto\/\" target=\"_blank\">Dengue: as principais perguntas e respostas sobre o assunto<\/a><br \/>\n<a href=\"https:\/\/jundiai.sp.gov.br\/noticias\/2015\/02\/10\/prefeito-visita-12o-gac-e-reforca-intuito-de-unir-forcas-pela-seguranca\/\" target=\"_blank\">Prefeito visita 12\u00ba GAC e refor\u00e7a uni\u00e3o de for\u00e7as pela seguran\u00e7a<\/a><br \/>\n<a href=\"https:\/\/jundiai.sp.gov.br\/noticias\/2015\/02\/10\/vigilancia-sanitaria-faz-operacao-carnaval-nos-clubes-da-cidade\/\" target=\"_blank\">Vigil\u00e2ncia Sanit\u00e1ria faz \u2018opera\u00e7\u00e3o Carnaval\u2019 nos clubes da cidade<\/a><\/strong><\/p>\n<div id=\"attachment_118717\" style=\"width: 730px\" class=\"wp-caption aligncenter\"><a href=\"https:\/\/jundiai.sp.gov.br\/noticias\/wp-content\/uploads\/sites\/32\/2015\/02\/Treinamento_Dengue_12\u00baGAC_c_0_G.jpg\"><img loading=\"lazy\" decoding=\"async\" aria-describedby=\"caption-attachment-118717\" src=\"https:\/\/jundiai.sp.gov.br\/noticias\/wp-content\/uploads\/sites\/32\/2015\/02\/Treinamento_Dengue_12\u00baGAC_c_0_G-720x486.jpg\" alt=\"Soldados receberam orienta\u00e7\u00f5es sobre a a\u00e7\u00e3o\" width=\"720\" height=\"486\" class=\"size-large wp-image-118717\" srcset=\"https:\/\/jundiai.sp.gov.br\/noticias\/wp-content\/uploads\/sites\/32\/2015\/02\/Treinamento_Dengue_12\u00baGAC_c_0_G-720x486.jpg 720w, https:\/\/jundiai.sp.gov.br\/noticias\/wp-content\/uploads\/sites\/32\/2015\/02\/Treinamento_Dengue_12\u00baGAC_c_0_G-300x202.jpg 300w, https:\/\/jundiai.sp.gov.br\/noticias\/wp-content\/uploads\/sites\/32\/2015\/02\/Treinamento_Dengue_12\u00baGAC_c_0_G.jpg 1240w\" sizes=\"auto, (max-width: 720px) 100vw, 720px\" \/><\/a><p id=\"caption-attachment-118717\" class=\"wp-caption-text\">Soldados receberam orienta\u00e7\u00f5es sobre a a\u00e7\u00e3o<\/p><\/div>\n<p>\u201cTamb\u00e9m falamos sobre a <strong>comunica\u00e7\u00e3o<\/strong> e a <strong>informa\u00e7\u00e3o<\/strong> para os mun\u00edcipes. A ideia \u00e9 fazer com que o morador participe da a\u00e7\u00e3o na hora de eliminar os criadouros, afinal a a\u00e7\u00e3o ser\u00e1 dentro da casa dele\u201d, destacou Ana L\u00facia.<\/p>\n<p><strong>O \u201cdia D\u201d de combate \u00e0 dengue em Jundia\u00ed foi antecipado neste ano.<\/strong> Normalmente, a a\u00e7\u00e3o \u00e9 realizada em mar\u00e7o ou abril. \u201cO perfil epidemiol\u00f3gico da doen\u00e7a mudou em v\u00e1rios munic\u00edpios do Estado de S\u00e3o Paulo, por isso a decis\u00e3o de antecipar essa grande a\u00e7\u00e3o\u201d, explicou o gerente do Centro de Zoonoses, Carlos Ozahata.<\/p>\n<p>A a\u00e7\u00e3o nesta quinta (12) vai mobilizar <strong>cerca de 300 pessoas, entre profissionais da \u00e1rea da sa\u00fade e soldados do 12\u00ba GAC<\/strong>, parceiro nessa a\u00e7\u00e3o. <strong>A meta \u00e9 visitar 10 mil im\u00f3veis<\/strong>.<\/p>\n<p>Os soldados e os agentes de Zoonoses ser\u00e3o divididos em <strong>16 equipes<\/strong> e v\u00e3o visitar <strong>13 bairros: Vila Alvorada, Parque Bras\u00edlia, Jardim do Lago, Vila Bela, Jardim Esplanada, Col\u00f4nia, Jardim Tamoio, Agapeama, Vila Arens, Vila Progresso, Jardim Samambaia, Centro e Jardim Tarum\u00e3<\/strong>.<\/p>\n<p>J\u00e1 os agentes comunit\u00e1rios de sa\u00fade v\u00e3o visitar <strong>18 bairros: Vila Marlene, Vila Hortol\u00e2ndia, Santa Gertrudes, Vila Maring\u00e1, Vila Cristo, Corrupira, Jardim Tulipas, Jardim Tamoio, Morada das Vinhas, Parque Centen\u00e1rio, Rio Acima, S\u00e3o Camilo, Jardim Novo Horizonte, Almerinda Chaves, Eloy Chaves, Sarapiranga, Vila Ana e Vila Esperan\u00e7a<\/strong>.<\/p>\n<p><strong>O objetivo da a\u00e7\u00e3o \u00e9 conscientizar a popula\u00e7\u00e3o e eliminar criadouros do mosquito <em>Aedes aegypt<\/em>i<\/strong>. \u201cPedimos a colabora\u00e7\u00e3o de todos nessa luta. Vale destacar a import\u00e2ncia de cada morador olhar o quintal e eliminar recipientes com \u00e1gua parada\u201d, diz o secret\u00e1rio de Sa\u00fade, Lu\u00eds Carlos Casarin.<\/p>\n<p>Ozahata destaca tamb\u00e9m que os <strong>moradores com sintomas (febre, dor de cabe\u00e7a e dor no corpo) n\u00e3o devem se automedicar. A orienta\u00e7\u00e3o \u00e9 que procurem uma unidade de sa\u00fade ou um pronto-atendimento<\/strong>.<\/p>\n<p>O Centro de Zoonoses fica na rua Prudente de Moraes, 744, no Centro. Telefone 4521-0660.<\/p>\n<div id=\"attachment_118718\" style=\"width: 730px\" class=\"wp-caption aligncenter\"><a href=\"https:\/\/jundiai.sp.gov.br\/noticias\/wp-content\/uploads\/sites\/32\/2015\/02\/Treinamento_Dengue_12\u00baGAC_c_2_G.jpg\"><img loading=\"lazy\" decoding=\"async\" aria-describedby=\"caption-attachment-118718\" src=\"https:\/\/jundiai.sp.gov.br\/noticias\/wp-content\/uploads\/sites\/32\/2015\/02\/Treinamento_Dengue_12\u00baGAC_c_2_G-720x550.jpg\" alt=\"Ana L\u00facia: meta \u00e9 visitar 10 mil domic\u00edlios\" width=\"720\" height=\"550\" class=\"size-large wp-image-118718\" srcset=\"https:\/\/jundiai.sp.gov.br\/noticias\/wp-content\/uploads\/sites\/32\/2015\/02\/Treinamento_Dengue_12\u00baGAC_c_2_G-720x550.jpg 720w, https:\/\/jundiai.sp.gov.br\/noticias\/wp-content\/uploads\/sites\/32\/2015\/02\/Treinamento_Dengue_12\u00baGAC_c_2_G-300x229.jpg 300w, https:\/\/jundiai.sp.gov.br\/noticias\/wp-content\/uploads\/sites\/32\/2015\/02\/Treinamento_Dengue_12\u00baGAC_c_2_G.jpg 1240w\" sizes=\"auto, (max-width: 720px) 100vw, 720px\" \/><\/a><p id=\"caption-attachment-118718\" class=\"wp-caption-text\">Ana L\u00facia: meta \u00e9 visitar 10 mil domic\u00edlios<\/p><\/div>\n<p><strong>Algumas dicas para eliminar criadouros:<\/strong><br \/>\n<em>&#8211; Guarde pneus em locais secos e cobertos;<br \/>\n&#8211; Mantenha o lixo tampado;<br \/>\n&#8211; Guarde garrafas vazias de boca para baixo;<br \/>\n&#8211; Tampe as caixas d\u2019\u00e1gua;<br \/>\n&#8211; Armazene adequadamente os materiais recicl\u00e1veis;<br \/>\n&#8211; Tampe os ralos;<br \/>\n&#8211; Limpe os terrenos;<br \/>\n&#8211; Evite usar pratos nos vasos de planta, ou fure-os.<\/em><\/p>\n<p><strong>Principais sintomas da dengue:<\/strong><br \/>\n<em>&#8211; Febre alta;<br \/>\n&#8211; Dor de cabe\u00e7a;<br \/>\n&#8211; Dor no fundo dos olhos;<br \/>\n&#8211; Falta de apetite;<br \/>\n&#8211; Dores nas articula\u00e7\u00f5es;<br \/>\n&#8211; Fraqueza;<br \/>\n&#8211; Manchas pelo corpo.<\/em><\/p>\n<p><strong><em>Niza Souza<br \/>\nFotos: Cleber de Almeida<\/em><\/strong><\/p>\n","protected":false},"excerpt":{"rendered":"<p>Cerca de 300 pessoas, entre soldados e agentes de sa\u00fade, t\u00eam como meta visitar 10 mil im\u00f3veis em 31 bairros da cidade<\/p>\n","protected":false},"author":14,"featured_media":118719,"comment_status":"closed","ping_status":"closed","sticky":false,"template":"","format":"standard","meta":{"footnotes":""},"categories":[2],"tags":[24,528,3,362],"ods":[],"class_list":["post-118716","post","type-post","status-publish","format-standard","has-post-thumbnail","hentry","category-noticias","tag-dengue","tag-dengue-aqui-nao","tag-saude","tag-unidade-de-vigilancia-de-zoonoses"],"_links":{"self":[{"href":"https:\/\/jundiai.sp.gov.br\/noticias\/wp-json\/wp\/v2\/posts\/118716","targetHints":{"allow":["GET"]}}],"collection":[{"href":"https:\/\/jundiai.sp.gov.br\/noticias\/wp-json\/wp\/v2\/posts"}],"about":[{"href":"https:\/\/jundiai.sp.gov.br\/noticias\/wp-json\/wp\/v2\/types\/post"}],"author":[{"embeddable":true,"href":"https:\/\/jundiai.sp.gov.br\/noticias\/wp-json\/wp\/v2\/users\/14"}],"replies":[{"embeddable":true,"href":"https:\/\/jundiai.sp.gov.br\/noticias\/wp-json\/wp\/v2\/comments?post=118716"}],"version-history":[{"count":10,"href":"https:\/\/jundiai.sp.gov.br\/noticias\/wp-json\/wp\/v2\/posts\/118716\/revisions"}],"predecessor-version":[{"id":118809,"href":"https:\/\/jundiai.sp.gov.br\/noticias\/wp-json\/wp\/v2\/posts\/118716\/revisions\/118809"}],"wp:featuredmedia":[{"embeddable":true,"href":"https:\/\/jundiai.sp.gov.br\/noticias\/wp-json\/wp\/v2\/media\/118719"}],"wp:attachment":[{"href":"https:\/\/jundiai.sp.gov.br\/noticias\/wp-json\/wp\/v2\/media?parent=118716"}],"wp:term":[{"taxonomy":"category","embeddable":true,"href":"https:\/\/jundiai.sp.gov.br\/noticias\/wp-json\/wp\/v2\/categories?post=118716"},{"taxonomy":"post_tag","embeddable":true,"href":"https:\/\/jundiai.sp.gov.br\/noticias\/wp-json\/wp\/v2\/tags?post=118716"},{"taxonomy":"ods","embeddable":true,"href":"https:\/\/jundiai.sp.gov.br\/noticias\/wp-json\/wp\/v2\/ods?post=118716"}],"curies":[{"name":"wp","href":"https:\/\/api.w.org\/{rel}","templated":true}]}}