{"id":118929,"date":"2015-02-13T14:50:58","date_gmt":"2015-02-13T16:50:58","guid":{"rendered":"https:\/\/jundiai.sp.gov.br\/noticias\/?p=118929"},"modified":"2020-11-06T11:02:01","modified_gmt":"2020-11-06T14:02:01","slug":"museu-da-companhia-paulista-recebe-comitiva-de-cordeiropolis","status":"publish","type":"post","link":"https:\/\/jundiai.sp.gov.br\/noticias\/2015\/02\/13\/museu-da-companhia-paulista-recebe-comitiva-de-cordeiropolis\/","title":{"rendered":"Museu da Cia Paulista recebe comitiva de Cordeir\u00f3polis"},"content":{"rendered":"<p><strong>O Museu da Companhia Paulista recebeu nesta semana o secret\u00e1rio Marco Antonio Jardini, titular de Cultura na Prefeitura de Cordeir\u00f3polis, para as primeiras tratativas de um interc\u00e2mbio voltado \u00e0 cria\u00e7\u00e3o de um novo museu ferrovi\u00e1rio naquela cidade &#8211; na regi\u00e3o de Rio Claro. A recep\u00e7\u00e3o foi feita pela diretora administrativa, Maria Angelica Ribeiro, que tamb\u00e9m \u00e9 presidente do Conselho Municipal do Patrim\u00f4nio (Compac).<\/strong><\/p>\n<p>\u201cEstamos colaborando com a difus\u00e3o da importante hist\u00f3ria da ferrovia. Temos recebido v\u00e1rias visitas, como a Esta\u00e7\u00e3o Cultura de Campinas e a Secretaria de Cultura de Hortol\u00e2ndia. Sempre procuramos ajudar no m\u00e1ximo poss\u00edvel para que outras cidades tenham condi\u00e7\u00f5es de tratar deste movimento que alavancou a economia e a hist\u00f3ria do Pais\u201d, afirma Maria Ang\u00e9lica.<\/p>\n<p><strong>LEIA TAMB\u00c9M<br \/>\n<a href=\"https:\/\/jundiai.sp.gov.br\/noticias\/2015\/02\/12\/prefeito-assina-acordo-com-tribunal-regional-federal\/\" target=\"_blank\" rel=\"noopener noreferrer\">Prefeito assina acordo com Tribunal Regional Federal ga\u00facho<\/a><\/strong><\/p>\n<div id=\"attachment_118944\" style=\"width: 730px\" class=\"wp-caption aligncenter\"><a href=\"https:\/\/jundiai.sp.gov.br\/noticias\/wp-content\/uploads\/sites\/32\/2015\/02\/visita_cordeiropolis_fepasa_G.jpg\"><img loading=\"lazy\" decoding=\"async\" aria-describedby=\"caption-attachment-118944\" class=\"size-large wp-image-118944\" src=\"https:\/\/jundiai.sp.gov.br\/noticias\/wp-content\/uploads\/sites\/32\/2015\/02\/visita_cordeiropolis_fepasa_G-720x291.jpg\" alt=\"Equipe de Cordeir\u00f3polis e a diretora Maria Ang\u00e9lica (\u00e0 esquerda) \" width=\"720\" height=\"291\" srcset=\"https:\/\/jundiai.sp.gov.br\/noticias\/wp-content\/uploads\/sites\/32\/2015\/02\/visita_cordeiropolis_fepasa_G-720x291.jpg 720w, https:\/\/jundiai.sp.gov.br\/noticias\/wp-content\/uploads\/sites\/32\/2015\/02\/visita_cordeiropolis_fepasa_G-300x121.jpg 300w, https:\/\/jundiai.sp.gov.br\/noticias\/wp-content\/uploads\/sites\/32\/2015\/02\/visita_cordeiropolis_fepasa_G.jpg 1240w\" sizes=\"auto, (max-width: 720px) 100vw, 720px\" \/><\/a><p id=\"caption-attachment-118944\" class=\"wp-caption-text\">Equipe de Cordeir\u00f3polis e a diretora Maria Ang\u00e9lica (\u00e0 esquerda)<\/p><\/div>\n<p>Situado no Complexo Fepasa, o museu \u00e9 o principal n\u00facleo e surpreendeu o secret\u00e1rio de Cordeir\u00f3polis pelo acervo documental existente. S\u00e3o muitos documentos hist\u00f3ricos, inclusive daquela cidade, que tem na Esta\u00e7\u00e3o de Cordeiro (como era chamada, na \u00e9poca) uma refer\u00eancia hist\u00f3rica.<\/p>\n<p>Com a experi\u00eancia em Jundia\u00ed, Jardini tamb\u00e9m apreendeu m\u00e9todos administrativos para o munic\u00edpio &#8211; que adquiriu recentemente o pr\u00e9dio da antiga esta\u00e7\u00e3o ferrovi\u00e1ria. Ele esteve na visita com os assessores John Elvis Ribeiro, Ana Rita Di\u00f3rio e Alex Vinicius Olivato.<\/p>\n<p><em><strong>Assessoria de Imprensa<br \/>\nFoto: Arquivo <\/strong><\/em><\/p>\n","protected":false},"excerpt":{"rendered":"<p>O Museu da Companhia Paulista recebeu nesta semana o secret\u00e1rio Marco Antonio Jardini, titular de Cultura na Prefeitura de Cordeir\u00f3polis, para as primeiras tratativas de um interc\u00e2mbio voltado \u00e0 cria\u00e7\u00e3o de um novo museu ferrovi\u00e1rio naquela cidade &#8211; na regi\u00e3o de Rio Claro. A recep\u00e7\u00e3o foi feita pela diretora administrativa, Maria Angelica Ribeiro, que tamb\u00e9m [&hellip;]<\/p>\n","protected":false},"author":10,"featured_media":0,"comment_status":"closed","ping_status":"closed","sticky":false,"template":"","format":"standard","meta":{"footnotes":""},"categories":[2],"tags":[29,450],"ods":[],"class_list":["post-118929","post","type-post","status-publish","format-standard","hentry","category-noticias","tag-cultura","tag-museu-dos-ferroviarios"],"_links":{"self":[{"href":"https:\/\/jundiai.sp.gov.br\/noticias\/wp-json\/wp\/v2\/posts\/118929","targetHints":{"allow":["GET"]}}],"collection":[{"href":"https:\/\/jundiai.sp.gov.br\/noticias\/wp-json\/wp\/v2\/posts"}],"about":[{"href":"https:\/\/jundiai.sp.gov.br\/noticias\/wp-json\/wp\/v2\/types\/post"}],"author":[{"embeddable":true,"href":"https:\/\/jundiai.sp.gov.br\/noticias\/wp-json\/wp\/v2\/users\/10"}],"replies":[{"embeddable":true,"href":"https:\/\/jundiai.sp.gov.br\/noticias\/wp-json\/wp\/v2\/comments?post=118929"}],"version-history":[{"count":5,"href":"https:\/\/jundiai.sp.gov.br\/noticias\/wp-json\/wp\/v2\/posts\/118929\/revisions"}],"predecessor-version":[{"id":258134,"href":"https:\/\/jundiai.sp.gov.br\/noticias\/wp-json\/wp\/v2\/posts\/118929\/revisions\/258134"}],"wp:attachment":[{"href":"https:\/\/jundiai.sp.gov.br\/noticias\/wp-json\/wp\/v2\/media?parent=118929"}],"wp:term":[{"taxonomy":"category","embeddable":true,"href":"https:\/\/jundiai.sp.gov.br\/noticias\/wp-json\/wp\/v2\/categories?post=118929"},{"taxonomy":"post_tag","embeddable":true,"href":"https:\/\/jundiai.sp.gov.br\/noticias\/wp-json\/wp\/v2\/tags?post=118929"},{"taxonomy":"ods","embeddable":true,"href":"https:\/\/jundiai.sp.gov.br\/noticias\/wp-json\/wp\/v2\/ods?post=118929"}],"curies":[{"name":"wp","href":"https:\/\/api.w.org\/{rel}","templated":true}]}}