{"id":119058,"date":"2015-02-13T18:29:09","date_gmt":"2015-02-13T20:29:09","guid":{"rendered":"https:\/\/jundiai.sp.gov.br\/noticias\/?p=119058"},"modified":"2020-11-05T14:11:35","modified_gmt":"2020-11-05T17:11:35","slug":"refogado-do-sandi-abre-o-carnaval-de-jundiai-nesta-sexta-13","status":"publish","type":"post","link":"https:\/\/jundiai.sp.gov.br\/noticias\/2015\/02\/13\/refogado-do-sandi-abre-o-carnaval-de-jundiai-nesta-sexta-13\/","title":{"rendered":"Refogado do Sandi abre o carnaval de Jundia\u00ed nesta sexta (13)"},"content":{"rendered":"<p><strong>A largada do Carnaval de Jundia\u00ed foi dada na tarde desta sexta-feira (13) pelo bloco Refogado do Sandi, que reuniu milhares de foli\u00f5es coloridos e esbanjando alegria pelas ruas do Centro. Acompanhado da primeira-dama Margarete Geraldo Bigardi e da filha Patr\u00edcia, o prefeito Pedro Bigardi fez a entrega simb\u00f3lica da chave da cidade \u00e0 Corte da Alegria do carnaval 2015, momentos antes do bloco sair, no Gabinete de Leitura Ruy Barbosa. <\/strong><\/p>\n<p>\u201c\u00c9 motivo de orgulho receber a chave da cidade, al\u00e9m do carinho e o respeito do prefeito e da popula\u00e7\u00e3o de Jundia\u00ed\u201d, disse o Rei Momo, Everson Arantes.<\/p>\n<p><strong><a href=\"https:\/\/www.flickr.com\/photos\/prefeituradejundiai\/sets\/72157650770984902\/\" target=\"_blank\" rel=\"noopener noreferrer\">CONFIRA AS FOTOS DO CARNAVAL 2015<\/a><\/strong><\/p>\n<p><strong>MAIS CARNAVAL<br \/>\n<\/strong><a href=\"https:\/\/jundiai.sp.gov.br\/noticias\/2015\/02\/13\/idosos-e-maracatu-agitam-o-centro-de-jundiai\/\" target=\"_blank\" rel=\"noopener noreferrer\">Idosos e Maracatu agitam o Centro de Jundia\u00ed<\/a><br \/>\n<a href=\"https:\/\/jundiai.sp.gov.br\/noticias\/2015\/02\/13\/esta-tudo-pronto-para-o-carnaval-2015\/\" target=\"_blank\" rel=\"noopener noreferrer\">Tudo pronto para a grande festa do Carnaval 2015<\/a><br \/>\n<a href=\"https:\/\/jundiai.sp.gov.br\/noticias\/2015\/02\/13\/carnaval-fiscalizacao-do-comercio-vai-atuar-em-todos-os-dias-do-desfile\/\" target=\"_blank\" rel=\"noopener noreferrer\">Fiscaliza\u00e7\u00e3o do Com\u00e9rcio vai atuar em todos os dias do desfile<\/a><br \/>\n<a href=\"https:\/\/jundiai.sp.gov.br\/noticias\/2015\/02\/13\/tarifa-social-a-r-1-vai-valer-ate-a-madrugada-de-segunda-16\/\" target=\"_blank\" rel=\"noopener noreferrer\">Tarifa Social a R$ 1 vai valer at\u00e9 a madrugada de segunda (16)<\/a><\/p>\n<div id=\"attachment_119059\" style=\"width: 730px\" class=\"wp-caption aligncenter\"><a href=\"https:\/\/jundiai.sp.gov.br\/noticias\/wp-content\/uploads\/sites\/32\/2015\/02\/refogado_sandi_P_1G.jpg\"><img loading=\"lazy\" decoding=\"async\" aria-describedby=\"caption-attachment-119059\" class=\"size-large wp-image-119059\" src=\"https:\/\/jundiai.sp.gov.br\/noticias\/wp-content\/uploads\/sites\/32\/2015\/02\/refogado_sandi_P_1G-720x501.jpg\" alt=\"Prefeito Pedro Bigardi entrega chave da cidade \u00e0 Corte\" width=\"720\" height=\"501\" srcset=\"https:\/\/jundiai.sp.gov.br\/noticias\/wp-content\/uploads\/sites\/32\/2015\/02\/refogado_sandi_P_1G-720x501.jpg 720w, https:\/\/jundiai.sp.gov.br\/noticias\/wp-content\/uploads\/sites\/32\/2015\/02\/refogado_sandi_P_1G-300x209.jpg 300w, https:\/\/jundiai.sp.gov.br\/noticias\/wp-content\/uploads\/sites\/32\/2015\/02\/refogado_sandi_P_1G.jpg 1240w\" sizes=\"auto, (max-width: 720px) 100vw, 720px\" \/><\/a><p id=\"caption-attachment-119059\" class=\"wp-caption-text\">Prefeito Pedro Bigardi entrega chave da cidade \u00e0 Corte<\/p><\/div>\n<p>Animado, o prefeito saiu no bloco chacoalhando um pandeiro. Era uma homenagem \u00e0 dona \u2018Ineizinha do Pandeiro\u2019, personalidade do carnaval da cidade. \u201c\u00c9 uma figura bacana do Carnaval e do cotidiano da cidade, que conhe\u00e7o h\u00e1 muitos anos, e que representa muito bem o cidad\u00e3o jundiaiense.\u201d<\/p>\n<div id=\"attachment_119060\" style=\"width: 330px\" class=\"wp-caption alignleft\"><a href=\"https:\/\/jundiai.sp.gov.br\/noticias\/wp-content\/uploads\/sites\/32\/2015\/02\/refogado_sandi_P_3G.jpg\"><img loading=\"lazy\" decoding=\"async\" aria-describedby=\"caption-attachment-119060\" class=\"size-large wp-image-119060\" src=\"https:\/\/jundiai.sp.gov.br\/noticias\/wp-content\/uploads\/sites\/32\/2015\/02\/refogado_sandi_P_3G-720x885.jpg\" alt=\"Milhares de pessoas pelas ruas do Centro\" width=\"320\" height=\"360\" \/><\/a><p id=\"caption-attachment-119060\" class=\"wp-caption-text\">Milhares de pessoas pelas ruas do Centro<\/p><\/div>\n<p>Sobre a expectativa para a Folia de Momo na cidade, Pedro Bigardi disse que s\u00e3o as melhores. \u201cO carnaval de Jundia\u00ed est\u00e1 cada vez maior e mais organizado. Chegou a um patamar que os blocos e escolas de samba d\u00e3o um show, atraindo cada vez mais fam\u00edlias\u201d.<\/p>\n<p>Gisela Vieira, \u2018deretora\u2019 do bloco, como gosta de ser chamada, agradeceu o apoio que a Prefeitura tem dado ao Refogado desde 2013. \u201cO Refogado do Sandi traz lazer para a popula\u00e7\u00e3o jundiaiense no carnaval e nada mais justo que a Prefeitura colabore para que as pessoas tenham mais conforto para brincar. Este apoio nos deixa felizes e honrados, j\u00e1 que o Refogado \u00e9 o bloco mais antigo da cidade e abriu espa\u00e7o para v\u00e1rios outros\u201d, disse.<\/p>\n<p>O secret\u00e1rio de Cultura, T\u00e9rcio Marinho, destacou a tradi\u00e7\u00e3o do bloco &#8211; que em 2015 completa 21 anos. \u201cO Refogado do Sandi \u00e9 um patrim\u00f4nio cultural de Jundia\u00ed e todo apoio se justifica pela tradi\u00e7\u00e3o. \u00c9 o momento que se se inicia o carnaval da cidade.\u201d<\/p>\n<p><em><strong>Viviane Rodrigues<br \/>\nFoto: Paulo Gr\u00e9gio <\/strong><\/em><\/p>\n<p><strong>Assista \u00e0 reportagem da TVE Jundia\u00ed<\/strong><br \/>\n<iframe loading=\"lazy\" src=\"https:\/\/www.youtube.com\/embed\/V_ec3W6pjjM\" width=\"420\" height=\"315\" frameborder=\"0\" allowfullscreen=\"allowfullscreen\"><\/iframe><\/p>\n","protected":false},"excerpt":{"rendered":"<p>Largada foi dada: milhares de foli\u00f5es lotaram as ruas do Centro na tarde de sexta, quando a Corte recebeu a chave da cidade <\/p>\n","protected":false},"author":10,"featured_media":119064,"comment_status":"closed","ping_status":"closed","sticky":false,"template":"","format":"standard","meta":{"footnotes":""},"categories":[2],"tags":[13,381,20,493],"ods":[],"class_list":["post-119058","post","type-post","status-publish","format-standard","has-post-thumbnail","hentry","category-noticias","tag-carnaval","tag-carnaval-2015","tag-corte-da-alegria","tag-corte-da-alegria-2015"],"_links":{"self":[{"href":"https:\/\/jundiai.sp.gov.br\/noticias\/wp-json\/wp\/v2\/posts\/119058","targetHints":{"allow":["GET"]}}],"collection":[{"href":"https:\/\/jundiai.sp.gov.br\/noticias\/wp-json\/wp\/v2\/posts"}],"about":[{"href":"https:\/\/jundiai.sp.gov.br\/noticias\/wp-json\/wp\/v2\/types\/post"}],"author":[{"embeddable":true,"href":"https:\/\/jundiai.sp.gov.br\/noticias\/wp-json\/wp\/v2\/users\/10"}],"replies":[{"embeddable":true,"href":"https:\/\/jundiai.sp.gov.br\/noticias\/wp-json\/wp\/v2\/comments?post=119058"}],"version-history":[{"count":12,"href":"https:\/\/jundiai.sp.gov.br\/noticias\/wp-json\/wp\/v2\/posts\/119058\/revisions"}],"predecessor-version":[{"id":257819,"href":"https:\/\/jundiai.sp.gov.br\/noticias\/wp-json\/wp\/v2\/posts\/119058\/revisions\/257819"}],"wp:featuredmedia":[{"embeddable":true,"href":"https:\/\/jundiai.sp.gov.br\/noticias\/wp-json\/wp\/v2\/media\/119064"}],"wp:attachment":[{"href":"https:\/\/jundiai.sp.gov.br\/noticias\/wp-json\/wp\/v2\/media?parent=119058"}],"wp:term":[{"taxonomy":"category","embeddable":true,"href":"https:\/\/jundiai.sp.gov.br\/noticias\/wp-json\/wp\/v2\/categories?post=119058"},{"taxonomy":"post_tag","embeddable":true,"href":"https:\/\/jundiai.sp.gov.br\/noticias\/wp-json\/wp\/v2\/tags?post=119058"},{"taxonomy":"ods","embeddable":true,"href":"https:\/\/jundiai.sp.gov.br\/noticias\/wp-json\/wp\/v2\/ods?post=119058"}],"curies":[{"name":"wp","href":"https:\/\/api.w.org\/{rel}","templated":true}]}}