{"id":119123,"date":"2015-02-15T14:13:58","date_gmt":"2015-02-15T16:13:58","guid":{"rendered":"https:\/\/jundiai.sp.gov.br\/noticias\/?p=119123"},"modified":"2016-11-04T11:20:22","modified_gmt":"2016-11-04T13:20:22","slug":"carnavalesco-realiza-exposicao-de-fantasias-no-parque-da-cidade","status":"publish","type":"post","link":"https:\/\/jundiai.sp.gov.br\/noticias\/2015\/02\/15\/carnavalesco-realiza-exposicao-de-fantasias-no-parque-da-cidade\/","title":{"rendered":"Carnavalesco realiza exposi\u00e7\u00e3o de fantasias no Parque da Cidade"},"content":{"rendered":"<p><strong>O jardim japon\u00eas do <a href=\"http:\/\/parquedacidade.jundiai.sp.gov.br\/\" target=\"_blank\">Parque da Cidade<\/a> foi tomado por plumas, lantejoulas e muita cor na manh\u00e3 deste domingo (15), com a exposi\u00e7\u00e3o de fantasias de Carnaval organizada pelo carnavalesco Pedro Giarola.<\/strong><\/p>\n<p>O secret\u00e1rio de <a href=\"http:\/\/cultura.jundiai.sp.gov.br\/\" target=\"_blank\"><strong>Cultura<\/strong><\/a>, T\u00e9rcio Marinho, esteve na exposi\u00e7\u00e3o e elogiou a iniciativa. \u201c<strong>A vinda dessas fantasias para o parque chama a aten\u00e7\u00e3o de quem passa, al\u00e9m de ser uma amostra do que o p\u00fablico vai encontrar durante os desfiles na avenida. A cultura carnavalesca \u00e9 um marco na nossa cidade<\/strong>\u201d, disse.<\/p>\n<p><strong><a href=\"https:\/\/www.flickr.com\/photos\/prefeituradejundiai\/sets\/72157650770984902\/\" target=\"_blank\">CONFIRA AS FOTOS DO CARNAVAL 2015<\/a><\/strong><\/p>\n<p><strong>MAIS CARNAVAL<br \/>\n<a href=\"https:\/\/jundiai.sp.gov.br\/noticias\/2015\/02\/15\/carnaval-2015-20-mil-pessoas-assistem-a-primeira-noite-de-desfiles\/\" target=\"_blank\">20 mil assistem \u00e0 primeira noite do Carnaval 2015<\/a><br \/>\n<a href=\"https:\/\/jundiai.sp.gov.br\/noticias\/2015\/02\/15\/tarifa-a-r-1-cai-no-gosto-dos-passageiros-de-onibus-em-jundiai\/\" target=\"_blank\">Tarifa a R$ 1 cai no gosto das fam\u00edlias jundiaienses<\/a><br \/>\n<a href=\"https:\/\/jundiai.sp.gov.br\/noticias\/2015\/02\/13\/refogado-do-sandi-abre-o-carnaval-de-jundiai-nesta-sexta-13\/\" target=\"_blank\">Refogado do Sandi abre o carnaval de Jundia\u00ed nesta sexta (13)<\/a><br \/>\n<a href=\"https:\/\/jundiai.sp.gov.br\/noticias\/2015\/02\/12\/confira-o-que-abre-e-fecha-em-jundiai-no-periodo-do-carnaval\/\" target=\"_blank\">Confira o que abre e fecha em Jundia\u00ed no per\u00edodo do Carnaval<\/a><\/strong><\/p>\n<div id=\"attachment_119125\" style=\"width: 730px\" class=\"wp-caption aligncenter\"><a href=\"https:\/\/jundiai.sp.gov.br\/noticias\/wp-content\/uploads\/sites\/32\/2015\/02\/pedro_giarola_fantasias_P_3G.jpg\"><img loading=\"lazy\" decoding=\"async\" aria-describedby=\"caption-attachment-119125\" src=\"https:\/\/jundiai.sp.gov.br\/noticias\/wp-content\/uploads\/sites\/32\/2015\/02\/pedro_giarola_fantasias_P_3G-720x459.jpg\" alt=\"Show de cores tomou conta do jardim japon\u00eas\" width=\"720\" height=\"459\" class=\"size-large wp-image-119125\" srcset=\"https:\/\/jundiai.sp.gov.br\/noticias\/wp-content\/uploads\/sites\/32\/2015\/02\/pedro_giarola_fantasias_P_3G-720x459.jpg 720w, https:\/\/jundiai.sp.gov.br\/noticias\/wp-content\/uploads\/sites\/32\/2015\/02\/pedro_giarola_fantasias_P_3G-300x191.jpg 300w, https:\/\/jundiai.sp.gov.br\/noticias\/wp-content\/uploads\/sites\/32\/2015\/02\/pedro_giarola_fantasias_P_3G.jpg 1240w\" sizes=\"auto, (max-width: 720px) 100vw, 720px\" \/><\/a><p id=\"caption-attachment-119125\" class=\"wp-caption-text\">Show de cores tomou conta do jardim japon\u00eas<\/p><\/div>\n<p>Confeccionadas pelo carnavalesco, essas fantasias poder\u00e3o ser vistas no desfile da <strong><a href=\"https:\/\/jundiai.sp.gov.br\/noticias\/2015\/02\/11\/carnaval-2015-caprichosos-canta-os-amores-de-carnaval-na-avenida\/\" target=\"_blank\">Caprichosos de Jundia\u00ed<\/a><\/strong>, escola do grupo de acesso que se apresenta neste domingo (15), na avenida Prefeito Luiz Latorre. A agremia\u00e7\u00e3o vai fechar o desfile e deve entrar na avenida por volta das 23h.<\/p>\n<p>\u201cReuni amigos no Parque da Cidade para homenagear o carnaval jundiaiense e mostrar um pouco do nosso trabalho, que \u00e9 desenvolvido artesanalmente\u201d, afirmou Pedro Giarola.<\/p>\n<p>As fantasias sempre s\u00e3o registradas em fotos e v\u00eddeos. Segundo ele, <strong>a maioria dos materiais usados nas fantasias \u00e9 reaproveitada para o ano seguinte<\/strong>. \u201cComo tenho parentes que moram no exterior, aproveito a oportunidade para mandar fotos e mostrar a eles como \u00e9 o carnaval brasileiro\u201d.<\/p>\n<p>A assessora Fl\u00e1via Curado representou o vereador Gerson Sartori, l\u00edder de governo na <strong><a href=\"http:\/\/www.jundiai.sp.leg.br\/\" target=\"_blank\">C\u00e2mara Municipal<\/a><\/strong>, e parabenizou Pedro Giarola.<\/p>\n<p><strong>Desfiles<\/strong><br \/>\n<strong>Os desfiles de carnaval continuam neste domingo (15), a partir das 19h30, com apresenta\u00e7\u00e3o das escolas do Grupo de Acesso <a href=\"https:\/\/jundiai.sp.gov.br\/noticias\/2015\/02\/11\/carnaval-2015-uniao-do-povo-vem-para-o-carnaval-e-quer-arrepiar\/\" target=\"_blank\">Uni\u00e3o do Povo<\/a>, <a href=\"https:\/\/jundiai.sp.gov.br\/noticias\/2015\/02\/11\/carnaval-cai-cai-vai-falar-do-trabalho-da-amarati\/\" target=\"_blank\">Cai-Cai<\/a>, <a href=\"https:\/\/jundiai.sp.gov.br\/noticias\/2015\/02\/11\/carnaval-2015-marujos-da-zona-sul-leva-a-historia-do-peama-para-a-avenida\/\" target=\"_blank\">Marujos da Zona Sul<\/a>, <a href=\"https:\/\/jundiai.sp.gov.br\/noticias\/2015\/02\/11\/uniao-da-vila-rio-branco-vai-alem-da-imaginacao\/\" target=\"_blank\">Uni\u00e3o da Vila Rio Branco<\/a> e <a href=\"https:\/\/jundiai.sp.gov.br\/noticias\/2015\/02\/11\/carnaval-2015-caprichosos-canta-os-amores-de-carnaval-na-avenida\/\" target=\"_blank\">Caprichosos de Jundia\u00ed<\/a>.<\/strong><\/p>\n<p><strong>A entrada \u00e9 gratuita e o <a href=\"https:\/\/jundiai.sp.gov.br\/noticias\/2015\/02\/10\/carnaval-comeca-a-ganhar-forma-na-avenida-prefeito-luiz-latorre\/\" target=\"_blank\">espa\u00e7o conta com arquibancadas cobertas<\/a><\/strong>. Haver\u00e1 <strong><a href=\"https:\/\/jundiai.sp.gov.br\/noticias\/2015\/02\/13\/tarifa-social-a-r-1-vai-valer-ate-a-madrugada-de-segunda-16\/\" target=\"_blank\">esquema especial de \u00f4nibus<\/a><\/strong>, tanto para a chegada da popula\u00e7\u00e3o na avenida Prefeito Luiz Latorre quanto no t\u00e9rmino das apresenta\u00e7\u00f5es.<\/p>\n<p>Neste domingo, inclusive,<strong> <a href=\"https:\/\/jundiai.sp.gov.br\/noticias\/2015\/02\/15\/tarifa-a-r-1-cai-no-gosto-dos-passageiros-de-onibus-em-jundiai\/\" target=\"_blank\">a passagem de \u00f4nibus custa apenas R$ 1 gra\u00e7as \u00e0 Tarifa Social criada pelo prefeito Pedro Bigardi<\/a><\/strong>.<\/p>\n<div id=\"attachment_119126\" style=\"width: 730px\" class=\"wp-caption aligncenter\"><a href=\"https:\/\/jundiai.sp.gov.br\/noticias\/wp-content\/uploads\/sites\/32\/2015\/02\/pedro_giarola_fantasias_P_16G.jpg\"><img loading=\"lazy\" decoding=\"async\" aria-describedby=\"caption-attachment-119126\" src=\"https:\/\/jundiai.sp.gov.br\/noticias\/wp-content\/uploads\/sites\/32\/2015\/02\/pedro_giarola_fantasias_P_16G-720x488.jpg\" alt=\"Giarola, Fl\u00e1via e T\u00e9rcio Marinho\" width=\"720\" height=\"488\" class=\"size-large wp-image-119126\" srcset=\"https:\/\/jundiai.sp.gov.br\/noticias\/wp-content\/uploads\/sites\/32\/2015\/02\/pedro_giarola_fantasias_P_16G-720x488.jpg 720w, https:\/\/jundiai.sp.gov.br\/noticias\/wp-content\/uploads\/sites\/32\/2015\/02\/pedro_giarola_fantasias_P_16G-300x203.jpg 300w, https:\/\/jundiai.sp.gov.br\/noticias\/wp-content\/uploads\/sites\/32\/2015\/02\/pedro_giarola_fantasias_P_16G.jpg 1240w\" sizes=\"auto, (max-width: 720px) 100vw, 720px\" \/><\/a><p id=\"caption-attachment-119126\" class=\"wp-caption-text\">Giarola, Fl\u00e1via e T\u00e9rcio Marinho<\/p><\/div>\n<p><strong><em>Kadija Rodrigues<br \/>\nFotos: Paulo Gr\u00e9gio<\/em><\/strong><\/p>\n","protected":false},"excerpt":{"rendered":"<p>Os visitantes do parque t\u00eam uma amostra do que as escolas de samba da cidade v\u00e3o levar \u00e0 Luiz Latorre na noite deste domingo (15) <\/p>\n","protected":false},"author":14,"featured_media":119128,"comment_status":"closed","ping_status":"closed","sticky":false,"template":"","format":"standard","meta":{"footnotes":""},"categories":[2],"tags":[13,381,29,47,520,338],"ods":[],"class_list":["post-119123","post","type-post","status-publish","format-standard","has-post-thumbnail","hentry","category-noticias","tag-carnaval","tag-carnaval-2015","tag-cultura","tag-parque-da-cidade","tag-tarifa-de-onibus-social","tag-transportes"],"_links":{"self":[{"href":"https:\/\/jundiai.sp.gov.br\/noticias\/wp-json\/wp\/v2\/posts\/119123","targetHints":{"allow":["GET"]}}],"collection":[{"href":"https:\/\/jundiai.sp.gov.br\/noticias\/wp-json\/wp\/v2\/posts"}],"about":[{"href":"https:\/\/jundiai.sp.gov.br\/noticias\/wp-json\/wp\/v2\/types\/post"}],"author":[{"embeddable":true,"href":"https:\/\/jundiai.sp.gov.br\/noticias\/wp-json\/wp\/v2\/users\/14"}],"replies":[{"embeddable":true,"href":"https:\/\/jundiai.sp.gov.br\/noticias\/wp-json\/wp\/v2\/comments?post=119123"}],"version-history":[{"count":9,"href":"https:\/\/jundiai.sp.gov.br\/noticias\/wp-json\/wp\/v2\/posts\/119123\/revisions"}],"predecessor-version":[{"id":119150,"href":"https:\/\/jundiai.sp.gov.br\/noticias\/wp-json\/wp\/v2\/posts\/119123\/revisions\/119150"}],"wp:featuredmedia":[{"embeddable":true,"href":"https:\/\/jundiai.sp.gov.br\/noticias\/wp-json\/wp\/v2\/media\/119128"}],"wp:attachment":[{"href":"https:\/\/jundiai.sp.gov.br\/noticias\/wp-json\/wp\/v2\/media?parent=119123"}],"wp:term":[{"taxonomy":"category","embeddable":true,"href":"https:\/\/jundiai.sp.gov.br\/noticias\/wp-json\/wp\/v2\/categories?post=119123"},{"taxonomy":"post_tag","embeddable":true,"href":"https:\/\/jundiai.sp.gov.br\/noticias\/wp-json\/wp\/v2\/tags?post=119123"},{"taxonomy":"ods","embeddable":true,"href":"https:\/\/jundiai.sp.gov.br\/noticias\/wp-json\/wp\/v2\/ods?post=119123"}],"curies":[{"name":"wp","href":"https:\/\/api.w.org\/{rel}","templated":true}]}}