{"id":119359,"date":"2015-02-19T17:52:40","date_gmt":"2015-02-19T19:52:40","guid":{"rendered":"https:\/\/jundiai.sp.gov.br\/noticias\/?p=119359"},"modified":"2016-11-04T11:20:51","modified_gmt":"2016-11-04T13:20:51","slug":"inscricoes-para-campeonato-de-volei-de-areia-terminam-nesta-sexta-20","status":"publish","type":"post","link":"https:\/\/jundiai.sp.gov.br\/noticias\/2015\/02\/19\/inscricoes-para-campeonato-de-volei-de-areia-terminam-nesta-sexta-20\/","title":{"rendered":"Inscri\u00e7\u00f5es para campeonato de v\u00f4lei terminam na sexta (20)"},"content":{"rendered":"<p><strong>Se voc\u00ea quer participar do Torneio de V\u00f4lei de Areia promovido pela Secretaria de Esporte e Lazer de Jundia\u00ed, fique ligado no prazo das inscri\u00e7\u00f5es. As duplas t\u00eam at\u00e9 esta sexta-feira (20) para garantir vaga, e devem ter mais de 18 anos. As inscri\u00e7\u00f5es podem ser feitas na secretaria do Centro Esportivo Dr. Niccolino de Lucca, o Bol\u00e3o. Podem participar homens e mulheres.<\/strong><\/p>\n<p>O v\u00f4lei de areia \u00e9 mais uma <strong>modalidade que est\u00e1 sendo bastante incentivada na cidade<\/strong>, e vai ser <strong>mais uma op\u00e7\u00e3o de lazer e entretenimento para a popula\u00e7\u00e3o<\/strong> no ver\u00e3o.<\/p>\n<p><strong>LEIA TAMB\u00c9M<br \/>\n<a href=\"https:\/\/jundiai.sp.gov.br\/noticias\/2015\/02\/18\/jundiai-ocelots-estreiam-com-patati-e-patata-e-shows-musicais\/\" target=\"_blank\">Ocelots estreia com show musical de Patati Patat\u00e1<\/a><br \/>\n<a href=\"https:\/\/jundiai.sp.gov.br\/noticias\/2015\/02\/13\/danca-de-salao-movimenta-centro-esportivo-na-vila-rami\/\" target=\"_blank\">Dan\u00e7a de sal\u00e3o movimenta centro esportivo na Vila Rami<\/a><\/strong><\/p>\n<div id=\"attachment_119360\" style=\"width: 730px\" class=\"wp-caption aligncenter\"><a href=\"https:\/\/jundiai.sp.gov.br\/noticias\/wp-content\/uploads\/sites\/32\/2015\/02\/Volei_g.jpg\"><img loading=\"lazy\" decoding=\"async\" aria-describedby=\"caption-attachment-119360\" class=\"size-large wp-image-119360\" src=\"https:\/\/jundiai.sp.gov.br\/noticias\/wp-content\/uploads\/sites\/32\/2015\/02\/Volei_g-720x499.jpg\" alt=\"Homens e mulheres maiores de 18 anos podem particpar do torneio \" width=\"720\" height=\"499\" srcset=\"https:\/\/jundiai.sp.gov.br\/noticias\/wp-content\/uploads\/sites\/32\/2015\/02\/Volei_g-720x499.jpg 720w, https:\/\/jundiai.sp.gov.br\/noticias\/wp-content\/uploads\/sites\/32\/2015\/02\/Volei_g-300x208.jpg 300w, https:\/\/jundiai.sp.gov.br\/noticias\/wp-content\/uploads\/sites\/32\/2015\/02\/Volei_g.jpg 1240w\" sizes=\"auto, (max-width: 720px) 100vw, 720px\" \/><\/a><p id=\"caption-attachment-119360\" class=\"wp-caption-text\">Homens e mulheres maiores de 18 anos podem particpar do torneio<\/p><\/div>\n<p>O secret\u00e1rio do Esportes e Lazer, Cristiano Lopes, destacou que <strong>a competi\u00e7\u00e3o tamb\u00e9m ser\u00e1 uma oportunidade para observar alguns talentos. \u201cPodemos selecionar alguma dupla para defender Jundia\u00ed nos Jogos Regionais e no Abertos\u201d<\/strong>, disse ele.<\/p>\n<p>O torneio come\u00e7a no<strong> s\u00e1bado (28)<\/strong> no Centro Esportivo Jos\u00e9 Brenna, o <strong>Sororoca<\/strong>, e as competi\u00e7\u00f5es v\u00e3o ocorrer <strong>aos s\u00e1bados e domingos, sempre a partir das 9h<\/strong>.<\/p>\n<p><strong>Futebol <\/strong><br \/>\nSe voc\u00ea prefere a bola nos p\u00e9s, a Secretaria de Esportes tamb\u00e9m pensou em voc\u00ea. Dia <strong>8 de mar\u00e7o come\u00e7a o 3\u00ba Campeonato Regional de Futebol Adulto<\/strong>, e os interessados t\u00eam at\u00e9 <strong>2 de mar\u00e7o para se inscrever. As inscri\u00e7\u00f5es tamb\u00e9m ser\u00e3o feitas no Bol\u00e3o.<\/strong><\/p>\n<p>A competi\u00e7\u00e3o vai seguir o regulamento dos anos anteriores. A equipes ser\u00e3o divididas em quatro regi\u00f5es \u2013 Norte, Sul, Leste e Oeste \u2013 que decidir\u00e3o os campe\u00f5es na primeira fase. Na pr\u00f3xima etapa, os dois primeiros colocados de cada regi\u00e3o se enfrentam em quartas de final, semifinal e, posteriormente, em final que decidir\u00e1 o grande campe\u00e3o. Os confrontos das quartas de final e da semifinal ser\u00e3o definidos por sorteio.<\/p>\n<p>\u201cNosso objetivo \u00e9 o de <strong>promover integra\u00e7\u00e3o entre os bairros e proporcionar atividades nos fins de semana. Trabalhamos para descentralizar o esporte na cidade atendendo a um pedido do prefeito Pedro Bigardi e o futebol tamb\u00e9m faz parte disso<\/strong>\u201d, disse Cristiano.<\/p>\n<p>As inscri\u00e7\u00f5es para o futebol s\u00e3o limitadas para <strong>48 equipes<\/strong>. <strong><a href=\"https:\/\/jundiai.sp.gov.br\/noticias\/2014\/08\/31\/koko-bongo-conquista-o-titulo-do-campeonato-regional-de-futebol\/\" target=\"_blank\">No ano passado, o campe\u00e3o foi o Koko Bongo, do Caxambu<\/a><\/strong>.<\/p>\n<div id=\"attachment_119361\" style=\"width: 730px\" class=\"wp-caption aligncenter\"><a href=\"https:\/\/jundiai.sp.gov.br\/noticias\/wp-content\/uploads\/sites\/32\/2015\/02\/final_futebol_regional_D161g1.jpg\"><img loading=\"lazy\" decoding=\"async\" aria-describedby=\"caption-attachment-119361\" class=\"size-large wp-image-119361\" src=\"https:\/\/jundiai.sp.gov.br\/noticias\/wp-content\/uploads\/sites\/32\/2015\/02\/final_futebol_regional_D161g1-720x516.jpg\" alt=\"Campe\u00f5es do 2\u00ba Campeonato Regional de Futebol Adulto\" width=\"720\" height=\"516\" srcset=\"https:\/\/jundiai.sp.gov.br\/noticias\/wp-content\/uploads\/sites\/32\/2015\/02\/final_futebol_regional_D161g1-720x516.jpg 720w, https:\/\/jundiai.sp.gov.br\/noticias\/wp-content\/uploads\/sites\/32\/2015\/02\/final_futebol_regional_D161g1-300x215.jpg 300w, https:\/\/jundiai.sp.gov.br\/noticias\/wp-content\/uploads\/sites\/32\/2015\/02\/final_futebol_regional_D161g1.jpg 1240w\" sizes=\"auto, (max-width: 720px) 100vw, 720px\" \/><\/a><p id=\"caption-attachment-119361\" class=\"wp-caption-text\">Campe\u00f5es do 2\u00ba Campeonato Regional de Futebol Adulto<\/p><\/div>\n<p><strong><em>Assessoria de Imprensa<br \/>\nFotos: Arquivo PMJ<\/em><\/strong><\/p>\n","protected":false},"excerpt":{"rendered":"<p>Tamb\u00e9m est\u00e3o abertas inscri\u00e7\u00f5es para o futebol adulto. Interessados em ambas as modalidades devem se inscrever no Bol\u00e3o<\/p>\n","protected":false},"author":14,"featured_media":119362,"comment_status":"closed","ping_status":"closed","sticky":false,"template":"","format":"standard","meta":{"footnotes":""},"categories":[2],"tags":[529,35,99,513,514,515],"ods":[],"class_list":["post-119359","post","type-post","status-publish","format-standard","has-post-thumbnail","hentry","category-noticias","tag-3o-campeonato-regional-de-futebol-adulto","tag-esporte-e-lazer","tag-futebol","tag-volei-de-praia","tag-volei-de-praia-feminino","tag-volei-de-praia-masculino"],"_links":{"self":[{"href":"https:\/\/jundiai.sp.gov.br\/noticias\/wp-json\/wp\/v2\/posts\/119359","targetHints":{"allow":["GET"]}}],"collection":[{"href":"https:\/\/jundiai.sp.gov.br\/noticias\/wp-json\/wp\/v2\/posts"}],"about":[{"href":"https:\/\/jundiai.sp.gov.br\/noticias\/wp-json\/wp\/v2\/types\/post"}],"author":[{"embeddable":true,"href":"https:\/\/jundiai.sp.gov.br\/noticias\/wp-json\/wp\/v2\/users\/14"}],"replies":[{"embeddable":true,"href":"https:\/\/jundiai.sp.gov.br\/noticias\/wp-json\/wp\/v2\/comments?post=119359"}],"version-history":[{"count":10,"href":"https:\/\/jundiai.sp.gov.br\/noticias\/wp-json\/wp\/v2\/posts\/119359\/revisions"}],"predecessor-version":[{"id":160749,"href":"https:\/\/jundiai.sp.gov.br\/noticias\/wp-json\/wp\/v2\/posts\/119359\/revisions\/160749"}],"wp:featuredmedia":[{"embeddable":true,"href":"https:\/\/jundiai.sp.gov.br\/noticias\/wp-json\/wp\/v2\/media\/119362"}],"wp:attachment":[{"href":"https:\/\/jundiai.sp.gov.br\/noticias\/wp-json\/wp\/v2\/media?parent=119359"}],"wp:term":[{"taxonomy":"category","embeddable":true,"href":"https:\/\/jundiai.sp.gov.br\/noticias\/wp-json\/wp\/v2\/categories?post=119359"},{"taxonomy":"post_tag","embeddable":true,"href":"https:\/\/jundiai.sp.gov.br\/noticias\/wp-json\/wp\/v2\/tags?post=119359"},{"taxonomy":"ods","embeddable":true,"href":"https:\/\/jundiai.sp.gov.br\/noticias\/wp-json\/wp\/v2\/ods?post=119359"}],"curies":[{"name":"wp","href":"https:\/\/api.w.org\/{rel}","templated":true}]}}