{"id":119372,"date":"2015-02-19T17:37:19","date_gmt":"2015-02-19T19:37:19","guid":{"rendered":"https:\/\/jundiai.sp.gov.br\/noticias\/?p=119372"},"modified":"2016-11-04T11:07:45","modified_gmt":"2016-11-04T13:07:45","slug":"cronograma-do-parque-tecnologico-e-apresentado-a-conselho","status":"publish","type":"post","link":"https:\/\/jundiai.sp.gov.br\/noticias\/2015\/02\/19\/cronograma-do-parque-tecnologico-e-apresentado-a-conselho\/","title":{"rendered":"Cronograma do Parque Tecnol\u00f3gico \u00e9 apresentado"},"content":{"rendered":"<p><strong>O Conselho Municipal de Ci\u00eancia, Tecnologia e Inova\u00e7\u00e3o esteve reunido pela quarta vez na tarde desta quinta-feira (19), no audit\u00f3rio do oitavo andar do Pa\u00e7o Municipal. Composto por 30 membros, entre representantes do poder p\u00fablico, iniciativa privada, sociedade civil, sindicatos, universidades e demais institui\u00e7\u00f5es, o encontro chamou a aten\u00e7\u00e3o at\u00e9 de alguns empres\u00e1rios locais, ligados \u00e0 \u00e1rea tecnol\u00f3gica, que participaram pela primeira vez do evento.<\/strong><\/p>\n<p>Na ocasi\u00e3o, <strong>foram apresentados o cronograma f\u00edsico do futuro Parque Tecnol\u00f3gico de Jundia\u00ed, as futuras etapas da Secretaria Municipal de Desenvolvimento Econ\u00f4mico, Ci\u00eancia e Tecnologia junto \u00e0 libera\u00e7\u00e3o de recursos nos governos Estadual e Federal e alguns desafios que se avizinham<\/strong>, como a terraplanagem de 800 mil m\u00b3 de terra na \u00e1rea de 216 mil m\u00b2 do futuro Parque, na regi\u00e3o do Fazenda Grande, doada \u00e0 Prefeitura pela funda\u00e7\u00e3o Ant\u00f4nio Antonieta Cintra Gordinho.<\/p>\n<p><a href=\"https:\/\/jundiai.sp.gov.br\/noticias\/2014\/09\/16\/prefeitura-anuncia-parque-tecnologico-finalizado-em-dois-anos\/\" target=\"_blank\"><strong>TUDO SOBRE O PARQUE TECNOL\u00d3GICO <\/strong><\/a><\/p>\n<p><strong>Leia tamb\u00e9m<br \/>\n<a href=\"https:\/\/jundiai.sp.gov.br\/noticias\/2015\/02\/12\/feira-de-offertas-vem-ai-com-ainda-mais-novidades-este-ano\/\" target=\"_blank\">Feira de Offertas vem a\u00ed, com ainda mais novidades este ano<\/a><\/strong><\/p>\n<div id=\"attachment_119382\" style=\"width: 730px\" class=\"wp-caption aligncenter\"><a href=\"https:\/\/jundiai.sp.gov.br\/noticias\/wp-content\/uploads\/sites\/32\/2015\/02\/parque_tecnologico_D23g.jpg\"><img loading=\"lazy\" decoding=\"async\" aria-describedby=\"caption-attachment-119382\" class=\"size-large wp-image-119382\" src=\"https:\/\/jundiai.sp.gov.br\/noticias\/wp-content\/uploads\/sites\/32\/2015\/02\/parque_tecnologico_D23g-720x480.jpg\" alt=\"Conselho Municipal se re\u00fane para discutir avan\u00e7os do futuro Parque Tecnol\u00f3gico\" width=\"720\" height=\"480\" srcset=\"https:\/\/jundiai.sp.gov.br\/noticias\/wp-content\/uploads\/sites\/32\/2015\/02\/parque_tecnologico_D23g-720x480.jpg 720w, https:\/\/jundiai.sp.gov.br\/noticias\/wp-content\/uploads\/sites\/32\/2015\/02\/parque_tecnologico_D23g-300x200.jpg 300w, https:\/\/jundiai.sp.gov.br\/noticias\/wp-content\/uploads\/sites\/32\/2015\/02\/parque_tecnologico_D23g.jpg 1240w\" sizes=\"auto, (max-width: 720px) 100vw, 720px\" \/><\/a><p id=\"caption-attachment-119382\" class=\"wp-caption-text\">Conselho Municipal se re\u00fane para discutir avan\u00e7os do futuro Parque Tecnol\u00f3gico<\/p><\/div>\n<p>\u201cO pr\u00f3ximo passo \u00e9 retomar as conversas com o novo secret\u00e1rio estadual de Desenvolvimento Econ\u00f4mico, Ci\u00eancia e Tecnologia, o M\u00e1rcio Fran\u00e7a, que assumiu recentemente. Vamos acompanhar de perto o processo para que a segunda linha de cr\u00e9dito seja liberada\u201d, explicou o secret\u00e1rio da pasta na cidade, Marcelo Cereser.<\/p>\n<p>Outro passo discutido no cronograma apresentado d\u00e1 conta das tratativas com a Companhia de Tecnologia de Saneamento Ambiental (Cetesb), no sentido da licen\u00e7a ambiental, que autoriza o in\u00edcio das atividades no terreno.<\/p>\n<p>Entre os presentes, o professor universit\u00e1rio e diretor da ag\u00eancia <a href=\"http:\/\/www.inovapaulasouza.sp.gov.br\/\" target=\"_blank\">Inova Paulo Souza<\/a>, entidade ligada ao Governo do Estado, Oswaldo Massambani, elogiou o que chamou de \u201c<strong>responsabilidade e preocupa\u00e7\u00e3o muito grande por parte do secret\u00e1rio Cereser em articular a libera\u00e7\u00e3o dos recursos em tempo h\u00e1bil, que v\u00e3o ditar o andamento esperado do cronograma<\/strong>\u201d.<\/p>\n<p>Para o acad\u00eamico, o projeto de Parque Tecnol\u00f3gico de Jundia\u00ed chama a aten\u00e7\u00e3o pelo cuidado no acabamento e pelo \u201cempenho das equipes envolvidas em solucionar os desafios que vir\u00e3o\u201d.<\/p>\n<p>J\u00e1 para um dos membros do Conselho, o engenheiro Marcelo Pess\u00f4a, a proposta \u00e9 muito positiva. &#8220;<strong>Vai colocar Jundia\u00ed em p\u00e9 de igualdade com S\u00e3o Jos\u00e9 dos Campos e Sorocaba nessa \u00e1rea, atraindo empresas de tecnologia e gerando necessidade constante da forma\u00e7\u00e3o de um centro de excel\u00eancia acad\u00eamico em tecnologia e inova\u00e7\u00e3o.<\/strong> O desafio \u00e9 alinhavar com esses atores sociais\u201d, adiantou.<\/p>\n<p>J\u00e1 o jornalista e consultor de empresas, Jayme Martins (tamb\u00e9m secret\u00e1rio de Planejamento e Meio Ambiente da cidade nos anos de 1980), disse estar satisfeito por ter recebido do secret\u00e1rio Marcelo Cereser o projeto do Parque Tecnol\u00f3gico, como maneira de pedir sua colabora\u00e7\u00e3o na confec\u00e7\u00e3o do documento. \u201c<strong>Venho h\u00e1 quase 40 anos lutando para que isso saia do papel. Vamos contribuir para que se torne uma realidade\u201d, finalizou<\/strong>.<\/p>\n<div id=\"attachment_119381\" style=\"width: 410px\" class=\"wp-caption alignleft\"><a href=\"https:\/\/jundiai.sp.gov.br\/noticias\/wp-content\/uploads\/sites\/32\/2015\/02\/parque_tecnologico_D16g.jpg\"><img loading=\"lazy\" decoding=\"async\" aria-describedby=\"caption-attachment-119381\" class=\"size-large wp-image-119381\" src=\"https:\/\/jundiai.sp.gov.br\/noticias\/wp-content\/uploads\/sites\/32\/2015\/02\/parque_tecnologico_D16g-720x534.jpg\" alt=\"O engenheiro Marcelo Pess\u00f4a: &quot;Jundia\u00ed est\u00e1 no caminho certo&quot; \" width=\"400\" height=\"370\" \/><\/a><p id=\"caption-attachment-119381\" class=\"wp-caption-text\">O engenheiro Marcelo Pess\u00f4a: &#8220;Jundia\u00ed est\u00e1 no caminho certo&#8221;<\/p><\/div>\n<p><strong>Cronograma<\/strong><br \/>\nApresentado pelo diretor-geral do Instituto de Tecnologias de Industrializa\u00e7\u00e3o das Edifica\u00e7\u00f5es, Antonio Gilberto de Freitas, o cronograma aponta para a finaliza\u00e7\u00e3o da terraplanagem em at\u00e9 120 dias. O sistema de drenagem e alambrados em 120 dias e o sistema de arruamento e demais instala\u00e7\u00f5es em 150 dias, em trabalhos executados paralelamente.<\/p>\n<p>A previs\u00e3o \u00e9 que, al\u00e9m do <a href=\"http:\/\/www.citjun.com.br\/\" target=\"_blank\">CITJUN<\/a>, outras 150 empresas de base tecnol\u00f3gica poder\u00e3o se instalar no local num primeiro momento, que tamb\u00e9m contar\u00e1 com a Academia de Ensino para forma\u00e7\u00e3o da demanda t\u00e9cnica e a <a href=\"http:\/\/www.cijun.sp.gov.br\/\" target=\"_blank\">Companhia de Inform\u00e1tica de Jundia\u00ed (CIjun)<\/a>, que fornecer\u00e1 toda infraestrutura tecnol\u00f3gica do espa\u00e7o.<\/p>\n<p><strong>O que vem pela frente<\/strong><br \/>\nDentre os pr\u00f3ximos passos, est\u00e3o a confec\u00e7\u00e3o de leis municipais para ocupa\u00e7\u00e3o e defini\u00e7\u00e3o do uso do espa\u00e7o e a lei de incentivo para as empresas instaladas no Parque. Lembrando do aumento significativo conquistado por Sorocaba no IDH (\u00edndice de Desenvolvimento Humano) ap\u00f3s a constru\u00e7\u00e3o do Parque naquela cidade, o presidente do Conselho de Ci\u00eancia, Tecnologia e Inova\u00e7\u00e3o, Jos\u00e9 Dimas Gon\u00e7alves, fechou o encontro lembrando de um lema pessoal, que vem norteando os avan\u00e7os do trabalho. \u201cInova\u00e7\u00e3o n\u00e3o \u00e9 s\u00f3 construir o Parque Tecnol\u00f3gico. Inova\u00e7\u00e3o \u00e9 mudar uma comunidade inteira.\u201d<\/p>\n<p><em><strong>Thiago Secco<br \/>\nFotos: Dorival Pinheiro Filho <\/strong><\/em><\/p>\n","protected":false},"excerpt":{"rendered":"<p>No encontro realizado nesta quinta, foram debatidos os avan\u00e7os e os pr\u00f3ximos desafios do projeto<\/p>\n","protected":false},"author":10,"featured_media":119379,"comment_status":"closed","ping_status":"closed","sticky":false,"template":"","format":"standard","meta":{"footnotes":""},"categories":[2],"tags":[365,572],"ods":[],"class_list":["post-119372","post","type-post","status-publish","format-standard","has-post-thumbnail","hentry","category-noticias","tag-desenvolvimento-economico-ciencia-e-tecnologia","tag-parque-tecnologico"],"_links":{"self":[{"href":"https:\/\/jundiai.sp.gov.br\/noticias\/wp-json\/wp\/v2\/posts\/119372","targetHints":{"allow":["GET"]}}],"collection":[{"href":"https:\/\/jundiai.sp.gov.br\/noticias\/wp-json\/wp\/v2\/posts"}],"about":[{"href":"https:\/\/jundiai.sp.gov.br\/noticias\/wp-json\/wp\/v2\/types\/post"}],"author":[{"embeddable":true,"href":"https:\/\/jundiai.sp.gov.br\/noticias\/wp-json\/wp\/v2\/users\/10"}],"replies":[{"embeddable":true,"href":"https:\/\/jundiai.sp.gov.br\/noticias\/wp-json\/wp\/v2\/comments?post=119372"}],"version-history":[{"count":13,"href":"https:\/\/jundiai.sp.gov.br\/noticias\/wp-json\/wp\/v2\/posts\/119372\/revisions"}],"predecessor-version":[{"id":184866,"href":"https:\/\/jundiai.sp.gov.br\/noticias\/wp-json\/wp\/v2\/posts\/119372\/revisions\/184866"}],"wp:featuredmedia":[{"embeddable":true,"href":"https:\/\/jundiai.sp.gov.br\/noticias\/wp-json\/wp\/v2\/media\/119379"}],"wp:attachment":[{"href":"https:\/\/jundiai.sp.gov.br\/noticias\/wp-json\/wp\/v2\/media?parent=119372"}],"wp:term":[{"taxonomy":"category","embeddable":true,"href":"https:\/\/jundiai.sp.gov.br\/noticias\/wp-json\/wp\/v2\/categories?post=119372"},{"taxonomy":"post_tag","embeddable":true,"href":"https:\/\/jundiai.sp.gov.br\/noticias\/wp-json\/wp\/v2\/tags?post=119372"},{"taxonomy":"ods","embeddable":true,"href":"https:\/\/jundiai.sp.gov.br\/noticias\/wp-json\/wp\/v2\/ods?post=119372"}],"curies":[{"name":"wp","href":"https:\/\/api.w.org\/{rel}","templated":true}]}}