{"id":119451,"date":"2015-02-20T15:13:59","date_gmt":"2015-02-20T17:13:59","guid":{"rendered":"https:\/\/jundiai.sp.gov.br\/noticias\/?p=119451"},"modified":"2016-11-04T11:20:53","modified_gmt":"2016-11-04T13:20:53","slug":"prefeito-anuncia-obras-no-complexo-esportivo-da-vila-comercial","status":"publish","type":"post","link":"https:\/\/jundiai.sp.gov.br\/noticias\/2015\/02\/20\/prefeito-anuncia-obras-no-complexo-esportivo-da-vila-comercial\/","title":{"rendered":"Prefeito anuncia obras no Centro Esportivo da Comercial"},"content":{"rendered":"<p><strong>O prefeito Pedro Bigardi, acompanhado pelos secret\u00e1rios de Obras, Junior Aprillanti, e de Esportes e Lazer, Cristiano Lopes, vistoriou hoje o Complexo Esportivo da Vila Comercial. O espa\u00e7o entra em obras nos pr\u00f3ximos dias para receber a segunda fase de investimentos. A visita contou com a presen\u00e7a de moradores da regi\u00e3o. <\/strong><\/p>\n<p>De acordo com o prefeito, nos pr\u00f3ximos dias, uma <strong>equipe iniciar\u00e1 a pavimenta\u00e7\u00e3o da pista de caminhada do local, que j\u00e1 conta com campo de futebol, parque para as crian\u00e7as e uma \u00e1rea administrativa. H\u00e1 tamb\u00e9m uma arquibancada. \u201cA ideia \u00e9 executar esse servi\u00e7o o quanto antes para que a popula\u00e7\u00e3o comece a usar a \u00e1rea e se aproprie desse local.\u201d<\/strong><\/p>\n<p><strong>LEIA TAMB\u00c9M<br \/>\n<a href=\"https:\/\/jundiai.sp.gov.br\/noticias\/2015\/02\/19\/cronograma-do-parque-tecnologico-e-apresentado-a-conselho\/\" target=\"_blank\">Cronograma do Parque Tecnol\u00f3gico \u00e9 apresentado<\/a><br \/>\n<a href=\"https:\/\/jundiai.sp.gov.br\/noticias\/2015\/02\/19\/prefeito-anuncia-obras-na-rede-de-agua-no-centro\/\" target=\"_blank\">Prefeito anuncia obras na rede de \u00e1gua no Centro<\/a><br \/>\n<a href=\"https:\/\/jundiai.sp.gov.br\/noticias\/2015\/02\/20\/bolao-recebe-novo-material-para-musculacao\/\" target=\"_blank\">Bol\u00e3o recebe novo material para muscula\u00e7\u00e3o<\/a><\/strong><\/p>\n<div id=\"attachment_119454\" style=\"width: 730px\" class=\"wp-caption aligncenter\"><a href=\"https:\/\/jundiai.sp.gov.br\/noticias\/wp-content\/uploads\/sites\/32\/2015\/02\/prefeito_visita_ce_vl_comercial_P_142G.jpg\"><img loading=\"lazy\" decoding=\"async\" aria-describedby=\"caption-attachment-119454\" src=\"https:\/\/jundiai.sp.gov.br\/noticias\/wp-content\/uploads\/sites\/32\/2015\/02\/prefeito_visita_ce_vl_comercial_P_142G-720x432.jpg\" alt=\"Prefeito ouviu a popula\u00e7\u00e3o e falou sobre os projetos para o local \" width=\"720\" height=\"432\" class=\"size-large wp-image-119454\" srcset=\"https:\/\/jundiai.sp.gov.br\/noticias\/wp-content\/uploads\/sites\/32\/2015\/02\/prefeito_visita_ce_vl_comercial_P_142G-720x432.jpg 720w, https:\/\/jundiai.sp.gov.br\/noticias\/wp-content\/uploads\/sites\/32\/2015\/02\/prefeito_visita_ce_vl_comercial_P_142G-300x180.jpg 300w, https:\/\/jundiai.sp.gov.br\/noticias\/wp-content\/uploads\/sites\/32\/2015\/02\/prefeito_visita_ce_vl_comercial_P_142G.jpg 1240w\" sizes=\"auto, (max-width: 720px) 100vw, 720px\" \/><\/a><p id=\"caption-attachment-119454\" class=\"wp-caption-text\">Prefeito ouviu a popula\u00e7\u00e3o e falou sobre os projetos para o local<br \/><\/p><\/div>\n<p>Segundo Bigardi, <strong>al\u00e9m do asfalto, o local vai ganhar academia ao ar livre e pista de skate. \u201cTamb\u00e9m abriremos licita\u00e7\u00e3o para a constru\u00e7\u00e3o dos vesti\u00e1rios. O projeto j\u00e1 est\u00e1 pronto.\u201d<\/strong><\/p>\n<p>O prefeito lembrou que conheceu a \u00e1rea quando ainda era um campo, todo de terra. \u201cEssa \u00e9 uma <strong>demanda muito antiga, de mais de 30 anos, de quem reside na regi\u00e3o, e n\u00f3s fizemos quest\u00e3o de atender. Ser\u00e1 mais um espa\u00e7o de lazer e encontro das fam\u00edlias<\/strong>.\u201d<\/p>\n<p>E a <strong>popula\u00e7\u00e3o que acompanhou a visita<\/strong> do prefeito, al\u00e9m de opinar com rela\u00e7\u00e3o \u00e0s melhorias no espa\u00e7o, tamb\u00e9m <strong>elogiou a iniciativa<\/strong>. \u201cFoi uma conversa esclarecedora para quem mora por aqui. Todos est\u00e3o ansiosos por essa obra, e o <strong>prefeito deixou bem claro o que ser\u00e1 feito<\/strong>\u201d, comentou o presidente da Sociedade de Moradores da Regi\u00e3o Sul, Henrique Pardini.<\/p>\n<p>Assim como ele, Ivan Perine, destacou a <strong>expectativa <\/strong>de todos. \u201cO projeto desse local existe <strong>desde 2004<\/strong>, quando foi aprovado na C\u00e2mara. <strong>Apenas hoje est\u00e1 sendo realizado. Por isso, parabenizamos o prefeito pela iniciativa<\/strong>.\u201d<\/p>\n<p>Tamb\u00e9m participaram da visita t\u00e9cnica o diretor de Assuntos Fundi\u00e1rios, S\u00e9rgio Dutra, o secret\u00e1rio de Rela\u00e7\u00f5es Institucionais, Liraucio Tarini, o chefe de gabinete, Alan Piccolo, e o vereador Gustavo Martinelli.<\/p>\n<div id=\"attachment_119458\" style=\"width: 730px\" class=\"wp-caption aligncenter\"><a href=\"https:\/\/jundiai.sp.gov.br\/noticias\/wp-content\/uploads\/sites\/32\/2015\/02\/prefeito_visita_ce_vl_comercial_P_60G.jpg\"><img loading=\"lazy\" decoding=\"async\" aria-describedby=\"caption-attachment-119458\" src=\"https:\/\/jundiai.sp.gov.br\/noticias\/wp-content\/uploads\/sites\/32\/2015\/02\/prefeito_visita_ce_vl_comercial_P_60G-720x505.jpg\" alt=\"Durante encontro, Pedro Bigardi vistoriou o local\" width=\"720\" height=\"505\" class=\"size-large wp-image-119458\" srcset=\"https:\/\/jundiai.sp.gov.br\/noticias\/wp-content\/uploads\/sites\/32\/2015\/02\/prefeito_visita_ce_vl_comercial_P_60G-720x505.jpg 720w, https:\/\/jundiai.sp.gov.br\/noticias\/wp-content\/uploads\/sites\/32\/2015\/02\/prefeito_visita_ce_vl_comercial_P_60G-300x210.jpg 300w, https:\/\/jundiai.sp.gov.br\/noticias\/wp-content\/uploads\/sites\/32\/2015\/02\/prefeito_visita_ce_vl_comercial_P_60G.jpg 1240w\" sizes=\"auto, (max-width: 720px) 100vw, 720px\" \/><\/a><p id=\"caption-attachment-119458\" class=\"wp-caption-text\">Durante encontro, Pedro Bigardi vistoriou o local<\/p><\/div>\n<p><strong><em>Luana Dias<br \/>\nFotos: Paulo Gr\u00e9gio<\/em><\/strong><\/p>\n<p><strong>Assista \u00e0 reportagem da TVE Jundia\u00ed<\/strong><br \/>\n<iframe loading=\"lazy\" width=\"420\" height=\"315\" src=\"https:\/\/www.youtube.com\/embed\/HTFFPdko5MM\" frameborder=\"0\" allowfullscreen><\/iframe><\/p>\n","protected":false},"excerpt":{"rendered":"<p>Demanda de d\u00e9cadas por melhorias ser\u00e1 finalmente realizada, afirmou Bigardi aos moradores durante visita ao local<\/p>\n","protected":false},"author":14,"featured_media":119456,"comment_status":"closed","ping_status":"closed","sticky":false,"template":"","format":"standard","meta":{"footnotes":""},"categories":[2],"tags":[411,35,347,58],"ods":[],"class_list":["post-119451","post","type-post","status-publish","format-standard","has-post-thumbnail","hentry","category-noticias","tag-centro-esportivo","tag-esporte-e-lazer","tag-obras","tag-prefeito"],"_links":{"self":[{"href":"https:\/\/jundiai.sp.gov.br\/noticias\/wp-json\/wp\/v2\/posts\/119451","targetHints":{"allow":["GET"]}}],"collection":[{"href":"https:\/\/jundiai.sp.gov.br\/noticias\/wp-json\/wp\/v2\/posts"}],"about":[{"href":"https:\/\/jundiai.sp.gov.br\/noticias\/wp-json\/wp\/v2\/types\/post"}],"author":[{"embeddable":true,"href":"https:\/\/jundiai.sp.gov.br\/noticias\/wp-json\/wp\/v2\/users\/14"}],"replies":[{"embeddable":true,"href":"https:\/\/jundiai.sp.gov.br\/noticias\/wp-json\/wp\/v2\/comments?post=119451"}],"version-history":[{"count":12,"href":"https:\/\/jundiai.sp.gov.br\/noticias\/wp-json\/wp\/v2\/posts\/119451\/revisions"}],"predecessor-version":[{"id":119656,"href":"https:\/\/jundiai.sp.gov.br\/noticias\/wp-json\/wp\/v2\/posts\/119451\/revisions\/119656"}],"wp:featuredmedia":[{"embeddable":true,"href":"https:\/\/jundiai.sp.gov.br\/noticias\/wp-json\/wp\/v2\/media\/119456"}],"wp:attachment":[{"href":"https:\/\/jundiai.sp.gov.br\/noticias\/wp-json\/wp\/v2\/media?parent=119451"}],"wp:term":[{"taxonomy":"category","embeddable":true,"href":"https:\/\/jundiai.sp.gov.br\/noticias\/wp-json\/wp\/v2\/categories?post=119451"},{"taxonomy":"post_tag","embeddable":true,"href":"https:\/\/jundiai.sp.gov.br\/noticias\/wp-json\/wp\/v2\/tags?post=119451"},{"taxonomy":"ods","embeddable":true,"href":"https:\/\/jundiai.sp.gov.br\/noticias\/wp-json\/wp\/v2\/ods?post=119451"}],"curies":[{"name":"wp","href":"https:\/\/api.w.org\/{rel}","templated":true}]}}