{"id":119524,"date":"2015-02-20T18:52:53","date_gmt":"2015-02-20T20:52:53","guid":{"rendered":"https:\/\/jundiai.sp.gov.br\/noticias\/?p=119524"},"modified":"2016-11-04T11:20:53","modified_gmt":"2016-11-04T13:20:53","slug":"prefeitura-cria-proposta-contra-demolicao-da-casa-rosa","status":"publish","type":"post","link":"https:\/\/jundiai.sp.gov.br\/noticias\/2015\/02\/20\/prefeitura-cria-proposta-contra-demolicao-da-casa-rosa\/","title":{"rendered":"Prefeitura cria plano contra demoli\u00e7\u00e3o da Casa Rosa"},"content":{"rendered":"<p><strong>A Prefeitura de Jundia\u00ed vai realizar nos pr\u00f3ximos dias uma nova reuni\u00e3o com os detentores da propriedade da Casa Rosa, um casar\u00e3o origin\u00e1rio do estilo ecl\u00e9tico valorizado depois da Proclama\u00e7\u00e3o da Rep\u00fablica no fim do s\u00e9culo 19, presente no conjunto de im\u00f3veis da rua Bar\u00e3o de Jundia\u00ed no trecho entre a rua Secundino Veiga e a Esplanada do Monte Castelo. <\/strong><\/p>\n<p>\u201cO prefeito Pedro Bigardi orientou diretamente esse agendamento logo no in\u00edcio da semana\u201d, afirmou a secret\u00e1ria Daniela da Camara Sutti, do Planejamento e Meio Ambiente, que prestigiou um ato p\u00fablico realizado por jovens nesta sexta-feira (20), no Centro.<\/p>\n<p><strong>LEIA TAMB\u00c9M<br \/>\n<a href=\"https:\/\/jundiai.sp.gov.br\/noticias\/2015\/02\/23\/compac-ve-mudancas-na-luta-pelo-patrimonio-coletivo\/\" target=\"_blank\">Compac v\u00ea mudan\u00e7as na luta pelo patrim\u00f4nio coletivo<\/a><\/strong><\/p>\n<div id=\"attachment_119526\" style=\"width: 730px\" class=\"wp-caption aligncenter\"><a href=\"https:\/\/jundiai.sp.gov.br\/noticias\/wp-content\/uploads\/sites\/32\/2015\/02\/palestra_compaz_ponte_torta_P_67G.jpg\"><img loading=\"lazy\" decoding=\"async\" aria-describedby=\"caption-attachment-119526\" src=\"https:\/\/jundiai.sp.gov.br\/noticias\/wp-content\/uploads\/sites\/32\/2015\/02\/palestra_compaz_ponte_torta_P_67G-720x473.jpg\" alt=\"Secret\u00e1rios e t\u00e9cnicos reuniram-se para o tema do patrim\u00f4nio hist\u00f3rico\" width=\"720\" height=\"473\" class=\"size-large wp-image-119526\" srcset=\"https:\/\/jundiai.sp.gov.br\/noticias\/wp-content\/uploads\/sites\/32\/2015\/02\/palestra_compaz_ponte_torta_P_67G-720x473.jpg 720w, https:\/\/jundiai.sp.gov.br\/noticias\/wp-content\/uploads\/sites\/32\/2015\/02\/palestra_compaz_ponte_torta_P_67G-300x197.jpg 300w, https:\/\/jundiai.sp.gov.br\/noticias\/wp-content\/uploads\/sites\/32\/2015\/02\/palestra_compaz_ponte_torta_P_67G.jpg 1240w\" sizes=\"auto, (max-width: 720px) 100vw, 720px\" \/><\/a><p id=\"caption-attachment-119526\" class=\"wp-caption-text\">Secret\u00e1rios e t\u00e9cnicos reuniram-se para o tema do patrim\u00f4nio hist\u00f3rico<\/p><\/div>\n<p><strong>O assunto foi tratado tamb\u00e9m durante a tarde, em debate promovido pelo projeto A\u00e7\u00f5es de Conserva\u00e7\u00e3o e Zeladoria da Ponte Torta no audit\u00f3rio da Biblioteca P\u00fablica, no Complexo Argos. A palestrante principal e presidente do Conselho Municipal do Patrim\u00f4nio (Compac), Maria Ang\u00e9lica Rodrigues Ribeiro, lembrou que o colegiado decidiu pelo tombamento do im\u00f3vel em outubro de 2014 mas uma liminar obtida pelo propriet\u00e1rio na Justi\u00e7a suspendeu a audi\u00eancia p\u00fablica.<\/strong><\/p>\n<p>De acordo com o especialista Toninho Saras\u00e1, coordenador do <a href=\"http:\/\/pontetorta.jundiai.sp.gov.br\/\" target=\"_blank\">projeto Ponte Torta<\/a> pelo est\u00fadio de mesmo nome, existe um grande desconhecimento sobre as vantagens do tombamento ou da preserva\u00e7\u00e3o arquitet\u00f4nica. \u201cSe existir essa alternativa, o propriet\u00e1rio pode fazer a restaura\u00e7\u00e3o inteira por leis federais como a Rouanet ou estaduais como o Programa de A\u00e7\u00e3o Cultural (Proac). Existem cidades inteiras da Europa que vivem gra\u00e7as ao seu patrim\u00f4nio cultural e precisamos aplicar essas possibilidades aqui\u201d, afirmou, lembrando ainda do valor agregado que provoca a atra\u00e7\u00e3o de grandes bancos e empresas por esse tipo de im\u00f3vel.<\/p>\n<p>O secret\u00e1rio de Cultura, T\u00e9rcio Marinho, lembrou que o Compac est\u00e1 desenvolvendo propostas de aprimoramento da legisla\u00e7\u00e3o municipal para valorizar os im\u00f3veis hist\u00f3ricos conservados. \u201cSomente a isen\u00e7\u00e3o de impostos como o IPTU ainda \u00e9 pouco\u201d, destacou.<\/p>\n<p>Tamb\u00e9m estiveram presentes os secret\u00e1rios Mary Fornari Marinho (de Gest\u00e3o de Pessoas) e Marcelo Lo M\u00f4naco (Escola de Governo).<\/p>\n<div id=\"attachment_119525\" style=\"width: 730px\" class=\"wp-caption aligncenter\"><a href=\"https:\/\/jundiai.sp.gov.br\/noticias\/wp-content\/uploads\/sites\/32\/2015\/02\/manifestacao_casa_rosa_P_54G.jpg\"><img loading=\"lazy\" decoding=\"async\" aria-describedby=\"caption-attachment-119525\" src=\"https:\/\/jundiai.sp.gov.br\/noticias\/wp-content\/uploads\/sites\/32\/2015\/02\/manifestacao_casa_rosa_P_54G-720x530.jpg\" alt=\"Moradores da cidade manifestaram-se contra a demoli\u00e7\u00e3o do im\u00f3vel\" width=\"720\" height=\"530\" class=\"size-large wp-image-119525\" srcset=\"https:\/\/jundiai.sp.gov.br\/noticias\/wp-content\/uploads\/sites\/32\/2015\/02\/manifestacao_casa_rosa_P_54G-720x530.jpg 720w, https:\/\/jundiai.sp.gov.br\/noticias\/wp-content\/uploads\/sites\/32\/2015\/02\/manifestacao_casa_rosa_P_54G-300x220.jpg 300w, https:\/\/jundiai.sp.gov.br\/noticias\/wp-content\/uploads\/sites\/32\/2015\/02\/manifestacao_casa_rosa_P_54G.jpg 1240w\" sizes=\"auto, (max-width: 720px) 100vw, 720px\" \/><\/a><p id=\"caption-attachment-119525\" class=\"wp-caption-text\">Moradores da cidade manifestaram-se contra a demoli\u00e7\u00e3o do im\u00f3vel<\/p><\/div>\n<p><strong>Localizado na altura do n\u00famero 160 da rua Bar\u00e3o de Jundia\u00ed, o casar\u00e3o chamado de Casa Rosa recebeu diversas manifesta\u00e7\u00f5es de moradores desde o ano passado, em atos presenciais ou nas redes sociais. A nova reuni\u00e3o buscada pela Prefeitura de Jundia\u00ed visa estudar os cen\u00e1rios existentes e as alternativas para um equil\u00edbrio entre o uso particular e o interesse p\u00fablico.<\/strong><\/p>\n<p>\u201cNa verdade, o n\u00facleo principal da constru\u00e7\u00e3o deve ocupar pouco mais de 10\/% do terreno. \u00c9 poss\u00edvel conciliar as coisas\u201d, comentou o arquiteto Araken Martinho. E o tamb\u00e9m arquiteto Pier Paolo Bertuzzi Pizzolato acrescenta, em nome do IAB Jundia\u00ed, que \u201cmesmo com uma solu\u00e7\u00e3o conciliadora sendo tratada, cabe a n\u00f3s como entidade defender que seja efetivado um debate mais amplo capaz de trazer luz ao assunto\u201d.<\/p>\n<p><em><strong>Jos\u00e9 Arnaldo de Oliveira<br \/>\nFoto: Paulo Gr\u00e9gio<\/strong><\/em><\/p>\n","protected":false},"excerpt":{"rendered":"<p>Objetivo \u00e9 promover encontro com os propriet\u00e1rios no sentido de sensibiliz\u00e1-los quanto ao valor hist\u00f3rico <\/p>\n","protected":false},"author":10,"featured_media":119529,"comment_status":"closed","ping_status":"closed","sticky":false,"template":"","format":"standard","meta":{"footnotes":""},"categories":[2],"tags":[32],"ods":[],"class_list":["post-119524","post","type-post","status-publish","format-standard","has-post-thumbnail","hentry","category-noticias","tag-planejamento-e-meio-ambiente"],"_links":{"self":[{"href":"https:\/\/jundiai.sp.gov.br\/noticias\/wp-json\/wp\/v2\/posts\/119524","targetHints":{"allow":["GET"]}}],"collection":[{"href":"https:\/\/jundiai.sp.gov.br\/noticias\/wp-json\/wp\/v2\/posts"}],"about":[{"href":"https:\/\/jundiai.sp.gov.br\/noticias\/wp-json\/wp\/v2\/types\/post"}],"author":[{"embeddable":true,"href":"https:\/\/jundiai.sp.gov.br\/noticias\/wp-json\/wp\/v2\/users\/10"}],"replies":[{"embeddable":true,"href":"https:\/\/jundiai.sp.gov.br\/noticias\/wp-json\/wp\/v2\/comments?post=119524"}],"version-history":[{"count":6,"href":"https:\/\/jundiai.sp.gov.br\/noticias\/wp-json\/wp\/v2\/posts\/119524\/revisions"}],"predecessor-version":[{"id":119564,"href":"https:\/\/jundiai.sp.gov.br\/noticias\/wp-json\/wp\/v2\/posts\/119524\/revisions\/119564"}],"wp:featuredmedia":[{"embeddable":true,"href":"https:\/\/jundiai.sp.gov.br\/noticias\/wp-json\/wp\/v2\/media\/119529"}],"wp:attachment":[{"href":"https:\/\/jundiai.sp.gov.br\/noticias\/wp-json\/wp\/v2\/media?parent=119524"}],"wp:term":[{"taxonomy":"category","embeddable":true,"href":"https:\/\/jundiai.sp.gov.br\/noticias\/wp-json\/wp\/v2\/categories?post=119524"},{"taxonomy":"post_tag","embeddable":true,"href":"https:\/\/jundiai.sp.gov.br\/noticias\/wp-json\/wp\/v2\/tags?post=119524"},{"taxonomy":"ods","embeddable":true,"href":"https:\/\/jundiai.sp.gov.br\/noticias\/wp-json\/wp\/v2\/ods?post=119524"}],"curies":[{"name":"wp","href":"https:\/\/api.w.org\/{rel}","templated":true}]}}