{"id":119946,"date":"2015-02-25T13:39:21","date_gmt":"2015-02-25T16:39:21","guid":{"rendered":"https:\/\/jundiai.sp.gov.br\/noticias\/?p=119946"},"modified":"2016-11-04T11:17:30","modified_gmt":"2016-11-04T13:17:30","slug":"operacao-visibilidade-garante-maior-seguranca-no-transito","status":"publish","type":"post","link":"https:\/\/jundiai.sp.gov.br\/noticias\/2015\/02\/25\/operacao-visibilidade-garante-maior-seguranca-no-transito\/","title":{"rendered":"&#8216;Opera\u00e7\u00e3o Visibilidade&#8217; garante maior seguran\u00e7a no tr\u00e2nsito"},"content":{"rendered":"<p><strong>A Secretaria de Transportes iniciou, em fevereiro de 2015, a &#8220;Opera\u00e7\u00e3o Visibilidade&#8221;. A a\u00e7\u00e3o conta com 20 agentes de tr\u00e2nsito realizando o monitoramento em cruzamentos e em pontos de maior movimento da cidade, garantindo seguran\u00e7a de motoristas e pedestres. <\/strong><\/p>\n<p>\u201cN\u00f3s alinhamos com os agentes que a principal fun\u00e7\u00e3o deles \u00e9 <strong>orientar e apoiar a popula\u00e7\u00e3o no tr\u00e2nsito. O objetivo \u00e9 que motoristas e pedestres respeitem e sigam a legisla\u00e7\u00e3o de tr\u00e2nsito<\/strong>\u201d, afirma a diretora de tr\u00e2nsito, Regina Rom\u00e3o. <\/p>\n<p><strong>LEIA TAMB\u00c9M<br \/>\n<a href=\"https:\/\/jundiai.sp.gov.br\/noticias\/2015\/02\/25\/prefeitura-de-jundiai-participa-de-integracao-com-detran\/\" target=\"_blank\">Prefeitura de Jundia\u00ed participa de integra\u00e7\u00e3o com Detran<\/a><br \/>\n<a href=\"https:\/\/jundiai.sp.gov.br\/noticias\/2015\/02\/24\/prefeitura-em-acao-pedro-bigardi-vistoria-obras-no-vetor-oeste\/\" target=\"_blank\">Prefeitura em A\u00e7\u00e3o: Prefeito vistoria obras no Vetor Oeste<\/a><br \/>\n<a href=\"https:\/\/jundiai.sp.gov.br\/noticias\/2015\/02\/23\/prefeitura-prepara-protocolo-de-intencoes-para-volta-dos-trens-de-carga\/\" target=\"_blank\">Prefeitura prepara protocolo para volta dos trens de carga<\/a><\/strong><\/p>\n<div id=\"attachment_119956\" style=\"width: 730px\" class=\"wp-caption aligncenter\"><a href=\"https:\/\/jundiai.sp.gov.br\/noticias\/wp-content\/uploads\/sites\/32\/2015\/02\/transito_operacao_visibilidade_P_3G.jpg\"><img loading=\"lazy\" decoding=\"async\" aria-describedby=\"caption-attachment-119956\" src=\"https:\/\/jundiai.sp.gov.br\/noticias\/wp-content\/uploads\/sites\/32\/2015\/02\/transito_operacao_visibilidade_P_3G-720x427.jpg\" alt=\"&quot;Opera\u00e7\u00e3o Visibilidade&quot; orienta motoristas em cruzamentos da cidade\" width=\"720\" height=\"427\" class=\"size-large wp-image-119956\" srcset=\"https:\/\/jundiai.sp.gov.br\/noticias\/wp-content\/uploads\/sites\/32\/2015\/02\/transito_operacao_visibilidade_P_3G-720x427.jpg 720w, https:\/\/jundiai.sp.gov.br\/noticias\/wp-content\/uploads\/sites\/32\/2015\/02\/transito_operacao_visibilidade_P_3G-300x178.jpg 300w, https:\/\/jundiai.sp.gov.br\/noticias\/wp-content\/uploads\/sites\/32\/2015\/02\/transito_operacao_visibilidade_P_3G.jpg 1240w\" sizes=\"auto, (max-width: 720px) 100vw, 720px\" \/><\/a><p id=\"caption-attachment-119956\" class=\"wp-caption-text\">&#8220;Opera\u00e7\u00e3o Visibilidade&#8221; orienta motoristas em cruzamentos da cidade<\/p><\/div>\n<p>A &#8220;Opera\u00e7\u00e3o Visibilidade&#8221; ocorre em<strong> hor\u00e1rios e locais alternados<\/strong>, especialmente em <strong>hor\u00e1rios de pico<\/strong>, de acordo com o diretor da Divis\u00e3o de Fiscaliza\u00e7\u00e3o de Tr\u00e2nsito, Thiers Costa Marques Neto. \u201cNo hor\u00e1rio de maior movimento os agentes ficam alocados nos pontos estabelecidos, principalmente nas \u00e1reas centrais. Assim, <strong>oferecemos maior seguran\u00e7a e fluidez no tr\u00e2nsito<\/strong>\u201d, explica. <\/p>\n<p><strong>Fiscaliza\u00e7\u00e3o<\/strong><br \/>\nAp\u00f3s estudos, a ideia da Secretaria de Transportes \u00e9 que <strong>100 locais tenham estrutura para receber radares, a partir de julho deste ano. Assim, <a href=\"https:\/\/jundiai.sp.gov.br\/noticias\/2015\/01\/26\/numero-de-radares-vai-cair-quase-40-em-jundiai\/\" target=\"_blank\">os 50 equipamentos podem revezar nos locais que mais demandam aten\u00e7\u00e3o dos motoristas<\/a><\/strong>.<\/p>\n<p>\u201cEssa estrat\u00e9gia \u00e9 <strong>educativa<\/strong>, para que as pessoas fiquem atentas em locais espec\u00edficos, independentemente de ter ou n\u00e3o a fiscaliza\u00e7\u00e3o. O fato de n\u00e3o ter radar n\u00e3o d\u00e1 direito ao motorista de n\u00e3o respeitar a sinaliza\u00e7\u00e3o\u201d, afirma o Secret\u00e1rio de Transportes, Wilson Folgozi.<\/p>\n<p><strong><em>Luiza Ronchi<br \/>\nFoto: Divulga\u00e7\u00e3o<\/em><\/strong><\/p>\n<p><strong>Assista \u00e0 reportagem da TVE Jundia\u00ed<\/strong><br \/>\n<iframe loading=\"lazy\" width=\"420\" height=\"315\" src=\"https:\/\/www.youtube.com\/embed\/TjNFk5Pyfcs\" frameborder=\"0\" allowfullscreen><\/iframe><\/p>\n","protected":false},"excerpt":{"rendered":"<p>Monitoramento visa garantir seguran\u00e7a de motoristas e pedestres, al\u00e9m de orientar e apoiar a popula\u00e7\u00e3o no tr\u00e2nsito<\/p>\n","protected":false},"author":14,"featured_media":119965,"comment_status":"closed","ping_status":"closed","sticky":false,"template":"","format":"standard","meta":{"footnotes":""},"categories":[2],"tags":[544,27,338],"ods":[],"class_list":["post-119946","post","type-post","status-publish","format-standard","has-post-thumbnail","hentry","category-noticias","tag-operacao-visibilidade","tag-transito","tag-transportes"],"_links":{"self":[{"href":"https:\/\/jundiai.sp.gov.br\/noticias\/wp-json\/wp\/v2\/posts\/119946","targetHints":{"allow":["GET"]}}],"collection":[{"href":"https:\/\/jundiai.sp.gov.br\/noticias\/wp-json\/wp\/v2\/posts"}],"about":[{"href":"https:\/\/jundiai.sp.gov.br\/noticias\/wp-json\/wp\/v2\/types\/post"}],"author":[{"embeddable":true,"href":"https:\/\/jundiai.sp.gov.br\/noticias\/wp-json\/wp\/v2\/users\/14"}],"replies":[{"embeddable":true,"href":"https:\/\/jundiai.sp.gov.br\/noticias\/wp-json\/wp\/v2\/comments?post=119946"}],"version-history":[{"count":7,"href":"https:\/\/jundiai.sp.gov.br\/noticias\/wp-json\/wp\/v2\/posts\/119946\/revisions"}],"predecessor-version":[{"id":121607,"href":"https:\/\/jundiai.sp.gov.br\/noticias\/wp-json\/wp\/v2\/posts\/119946\/revisions\/121607"}],"wp:featuredmedia":[{"embeddable":true,"href":"https:\/\/jundiai.sp.gov.br\/noticias\/wp-json\/wp\/v2\/media\/119965"}],"wp:attachment":[{"href":"https:\/\/jundiai.sp.gov.br\/noticias\/wp-json\/wp\/v2\/media?parent=119946"}],"wp:term":[{"taxonomy":"category","embeddable":true,"href":"https:\/\/jundiai.sp.gov.br\/noticias\/wp-json\/wp\/v2\/categories?post=119946"},{"taxonomy":"post_tag","embeddable":true,"href":"https:\/\/jundiai.sp.gov.br\/noticias\/wp-json\/wp\/v2\/tags?post=119946"},{"taxonomy":"ods","embeddable":true,"href":"https:\/\/jundiai.sp.gov.br\/noticias\/wp-json\/wp\/v2\/ods?post=119946"}],"curies":[{"name":"wp","href":"https:\/\/api.w.org\/{rel}","templated":true}]}}