{"id":120079,"date":"2015-02-25T18:39:48","date_gmt":"2015-02-25T21:39:48","guid":{"rendered":"https:\/\/jundiai.sp.gov.br\/noticias\/?p=120079"},"modified":"2016-11-04T11:17:43","modified_gmt":"2016-11-04T13:17:43","slug":"na-rua-8-asfalto-transforma-cotidiano-dos-moradores","status":"publish","type":"post","link":"https:\/\/jundiai.sp.gov.br\/noticias\/2015\/02\/25\/na-rua-8-asfalto-transforma-cotidiano-dos-moradores\/","title":{"rendered":"Na rua 8, asfalto transforma cotidiano dos moradores do vetor Oeste"},"content":{"rendered":"<p><strong>A vida de quem mora em parte da rua Oito, no Jardim Novo Horizonte, contou com uma mudan\u00e7a positiva nos \u00faltimos meses. O passado de terra e lama foi deixado para tr\u00e1s e deu espa\u00e7o \u00e0 drenagem e pavimenta\u00e7\u00e3o. E, nesta quarta-feira (25), o prefeito Pedro Bigardi esteve no local para vistoriar as obras e conversar com moradores. A visita faz parte do programa Prefeitura em A\u00e7\u00e3o, que prossegue nesta quinta (26).<\/strong><\/p>\n<p>Quem reside por ali relatou a alegria ap\u00f3s a melhoria. \u201cEsse asfalto \u00e9 uma b\u00ean\u00e7\u00e3o. Ningu\u00e9m acreditava que um dia pudesse se tornar realidade. Faz toda a diferen\u00e7a na vida de quem mora aqui\u201d, disse Maura Batista Pereira, h\u00e1 17 anos no bairro. Assim como ela, Josenilson da Silva tamb\u00e9m foi s\u00f3 elogios. \u201cPara n\u00f3s \u00e9 uma satisfa\u00e7\u00e3o imensa poder cumprimentar o prefeito ap\u00f3s a conclus\u00e3o desse servi\u00e7o. Foi uma promessa cumprida.\u201d<\/p>\n<p><strong><a href=\"https:\/\/www.flickr.com\/photos\/prefeituradejundiai\/sets\/72157650947484686\/\" target=\"_blank\">CONFIRA AS FOTOS DO PREFEITURA EM A\u00c7\u00c3O<\/a><\/strong><\/p>\n<p><strong>MAIS PREFEITURA EM A\u00c7\u00c3O<br \/>\n<a href=\"https:\/\/jundiai.sp.gov.br\/noticias\/2015\/02\/24\/prefeitura-em-acao-pedro-bigardi-vistoria-obras-no-vetor-oeste\/\" target=\"_blank\">Prefeito vistoria obras no Vetor Oeste<\/strong><\/a><br \/>\n<a href=\"https:\/\/jundiai.sp.gov.br\/noticias\/2015\/02\/24\/programa-prefeitura-em-acao-e-bem-recebido-pela-populacao\/\" target=\"_blank\"><strong>Programa Prefeitura em A\u00e7\u00e3o \u00e9 bem recebido pela popula\u00e7\u00e3o<\/strong><\/a><br \/>\n<a href=\"https:\/\/jundiai.sp.gov.br\/noticias\/2015\/02\/20\/servicos-publicos-mobiliza-equipe-para-limpeza-da-cidade\/\" target=\"_blank\"><strong>Servi\u00e7os P\u00fablicos mobiliza equipe para limpeza da cidade<\/strong><\/a><br \/>\n<a href=\"https:\/\/www.flickr.com\/photos\/prefeituradejundiai\/sets\/72157650947484686\/\" target=\"_blank\"><strong>Veja o \u00e1lbum de fotos do Prefeitura em A\u00e7\u00e3o no Vetor Oeste <\/strong><\/a><\/p>\n<div id=\"attachment_120081\" style=\"width: 730px\" class=\"wp-caption aligncenter\"><a href=\"https:\/\/jundiai.sp.gov.br\/noticias\/wp-content\/uploads\/sites\/32\/2015\/02\/Asfalto-Rua-Oito_D9g.jpg\"><img loading=\"lazy\" decoding=\"async\" aria-describedby=\"caption-attachment-120081\" src=\"https:\/\/jundiai.sp.gov.br\/noticias\/wp-content\/uploads\/sites\/32\/2015\/02\/Asfalto-Rua-Oito_D9g-720x526.jpg\" alt=\"Prefeito conversou com moradores e ouviu sugest\u00f5es \" width=\"720\" height=\"526\" class=\"size-large wp-image-120081\" srcset=\"https:\/\/jundiai.sp.gov.br\/noticias\/wp-content\/uploads\/sites\/32\/2015\/02\/Asfalto-Rua-Oito_D9g-720x526.jpg 720w, https:\/\/jundiai.sp.gov.br\/noticias\/wp-content\/uploads\/sites\/32\/2015\/02\/Asfalto-Rua-Oito_D9g-300x219.jpg 300w, https:\/\/jundiai.sp.gov.br\/noticias\/wp-content\/uploads\/sites\/32\/2015\/02\/Asfalto-Rua-Oito_D9g.jpg 1240w\" sizes=\"auto, (max-width: 720px) 100vw, 720px\" \/><\/a><p id=\"caption-attachment-120081\" class=\"wp-caption-text\">Prefeito conversou com moradores e ouviu sugest\u00f5es<\/p><\/div>\n<p><strong>A obra j\u00e1 contou com duas fases, totalizando dois quil\u00f4metros. No total, foram investidos R$ 1,1 milh\u00e3o. E n\u00e3o para por a\u00ed. Segundo o prefeito, at\u00e9 o final da gest\u00e3o, a via toda, que totaliza oito quil\u00f4metros, ir\u00e1 receber pavimenta\u00e7\u00e3o e drenagem.<\/strong> \u201c\u00c9 uma obra muito esperada por quem mora aqui e fizemos quest\u00e3o de atender.&#8221;<\/p>\n<p><strong>Mais visitas<\/strong><br \/>\nO prefeito, acompanhado pela primeira-dama Margarete Geraldo Bigardi e pela filha Patr\u00edcia Bigardi, ao lado de vereadores e secret\u00e1rios, esteve tamb\u00e9m na Casa da Fonte e Esta\u00e7\u00e3o de Tratamento de Esgoto da Companhia de Saneamento de Jundia\u00ed (CSJ).<\/p>\n<p><strong>Durante a visita na Casa da Fonte, eles acompanharam o trabalho realizado no local. A primeira-dama falou do trabalho desenvolvido ali, sob o comando de Maria Cristina Castilho de Andrade.<\/strong> \u201cEsse local \u00e9 exemplo para toda a cidade. Isso \u00e9 cuidar das pessoas. \u00c9 levar lazer, divers\u00e3o, alimenta\u00e7\u00e3o e educa\u00e7\u00e3o \u00e0 popula\u00e7\u00e3o.\u201d<\/p>\n<p>Maria Cristina Castilho falou da rela\u00e7\u00e3o pr\u00f3xima com o Funss. \u201cO Fundo Social colabora muito conosco, com a estrutura para eventos externos, al\u00e9m de doar alimentos\u201d, explicou. Para ela, o Prefeitura em A\u00e7\u00e3o \u00e9 uma oportunidade de contato direto entre a popula\u00e7\u00e3o e o Poder Executivo. \u201c\u00c9 muito interessante essa intera\u00e7\u00e3o. As pessoas se sentem \u00e0 vontade para reivindicar e falar sobre as demandas do bairro no qual reside.\u201d<\/p>\n<p>J\u00e1 na Companhia de Saneamento de Jundia\u00ed, o prefeito assistiu a um v\u00eddeo sobre o trabalho realizado e parabenizou os diretores pelas atividades executadas no espa\u00e7o. \u201c\u00c9 essencial para o saneamento de Jundia\u00ed.\u201d Hoje, 100% do esgoto de Jundia\u00ed \u00e9 tratado e, segundo o prefeito, j\u00e1 h\u00e1 estudos em andamento para o reuso da \u00e1gua tratada em obras, ind\u00fastrias e servi\u00e7os p\u00fablicos.<\/p>\n<div id=\"attachment_120082\" style=\"width: 730px\" class=\"wp-caption aligncenter\"><a href=\"https:\/\/jundiai.sp.gov.br\/noticias\/wp-content\/uploads\/sites\/32\/2015\/02\/Casa-da-Fonte_D56g.jpg\"><img loading=\"lazy\" decoding=\"async\" aria-describedby=\"caption-attachment-120082\" src=\"https:\/\/jundiai.sp.gov.br\/noticias\/wp-content\/uploads\/sites\/32\/2015\/02\/Casa-da-Fonte_D56g-720x478.jpg\" alt=\"Prefeito tamb\u00e9m esteve na Casa da Fonte\" width=\"720\" height=\"478\" class=\"size-large wp-image-120082\" srcset=\"https:\/\/jundiai.sp.gov.br\/noticias\/wp-content\/uploads\/sites\/32\/2015\/02\/Casa-da-Fonte_D56g-720x478.jpg 720w, https:\/\/jundiai.sp.gov.br\/noticias\/wp-content\/uploads\/sites\/32\/2015\/02\/Casa-da-Fonte_D56g-300x199.jpg 300w, https:\/\/jundiai.sp.gov.br\/noticias\/wp-content\/uploads\/sites\/32\/2015\/02\/Casa-da-Fonte_D56g.jpg 1240w\" sizes=\"auto, (max-width: 720px) 100vw, 720px\" \/><\/a><p id=\"caption-attachment-120082\" class=\"wp-caption-text\">Prefeito tamb\u00e9m esteve na Casa da Fonte<\/p><\/div>\n<p><strong>Programa\u00e7\u00e3o<\/strong><br \/>\n<strong>O prefeito d\u00e1 andamento nesta quinta-feira (26) a outras visitas do Prefeitura em A\u00e7\u00e3o, a partir das 9h. O primeiro espa\u00e7o a ser visitado \u00e9 a obra da Unidade de Pronto Atendimento (UPA) 24 horas. Em seguida, vai at\u00e9 a Unidade B\u00e1sica de Sa\u00fade do Novo Horizonte, ao Centro de Refer\u00eancia de Assit\u00eancia Social (CRAS) tamb\u00e9m do Novo Horizonte e ao Centro Comunit\u00e1rio do Novo Horizonte.<\/strong><\/p>\n<p><em><strong>Luana Dias<br \/>\nFotos: Dorival Pinheiro Filho <\/strong><\/em><\/p>\n<p><strong>Assista \u00e0 reportagem da TVE Jundia\u00ed<\/strong><br \/>\n<iframe loading=\"lazy\" width=\"420\" height=\"315\" src=\"https:\/\/www.youtube.com\/embed\/QwnaB_l27h0\" frameborder=\"0\" allowfullscreen><\/iframe><\/p>\n","protected":false},"excerpt":{"rendered":"<p>Depois de anos, moradores do bairro Novo Horizonte sentem uma mudan\u00e7a positiva na regi\u00e3o; investimento de R$ 1,1 milh\u00e3o  <\/p>\n","protected":false},"author":10,"featured_media":120331,"comment_status":"closed","ping_status":"closed","sticky":false,"template":"","format":"standard","meta":{"footnotes":""},"categories":[2],"tags":[347,615,341],"ods":[],"class_list":["post-120079","post","type-post","status-publish","format-standard","has-post-thumbnail","hentry","category-noticias","tag-obras","tag-prefeitura-em-acao","tag-servicos-publicos"],"_links":{"self":[{"href":"https:\/\/jundiai.sp.gov.br\/noticias\/wp-json\/wp\/v2\/posts\/120079","targetHints":{"allow":["GET"]}}],"collection":[{"href":"https:\/\/jundiai.sp.gov.br\/noticias\/wp-json\/wp\/v2\/posts"}],"about":[{"href":"https:\/\/jundiai.sp.gov.br\/noticias\/wp-json\/wp\/v2\/types\/post"}],"author":[{"embeddable":true,"href":"https:\/\/jundiai.sp.gov.br\/noticias\/wp-json\/wp\/v2\/users\/10"}],"replies":[{"embeddable":true,"href":"https:\/\/jundiai.sp.gov.br\/noticias\/wp-json\/wp\/v2\/comments?post=120079"}],"version-history":[{"count":15,"href":"https:\/\/jundiai.sp.gov.br\/noticias\/wp-json\/wp\/v2\/posts\/120079\/revisions"}],"predecessor-version":[{"id":120334,"href":"https:\/\/jundiai.sp.gov.br\/noticias\/wp-json\/wp\/v2\/posts\/120079\/revisions\/120334"}],"wp:featuredmedia":[{"embeddable":true,"href":"https:\/\/jundiai.sp.gov.br\/noticias\/wp-json\/wp\/v2\/media\/120331"}],"wp:attachment":[{"href":"https:\/\/jundiai.sp.gov.br\/noticias\/wp-json\/wp\/v2\/media?parent=120079"}],"wp:term":[{"taxonomy":"category","embeddable":true,"href":"https:\/\/jundiai.sp.gov.br\/noticias\/wp-json\/wp\/v2\/categories?post=120079"},{"taxonomy":"post_tag","embeddable":true,"href":"https:\/\/jundiai.sp.gov.br\/noticias\/wp-json\/wp\/v2\/tags?post=120079"},{"taxonomy":"ods","embeddable":true,"href":"https:\/\/jundiai.sp.gov.br\/noticias\/wp-json\/wp\/v2\/ods?post=120079"}],"curies":[{"name":"wp","href":"https:\/\/api.w.org\/{rel}","templated":true}]}}