{"id":120587,"date":"2015-02-27T17:24:48","date_gmt":"2015-02-27T20:24:48","guid":{"rendered":"https:\/\/jundiai.sp.gov.br\/noticias\/?p=120587"},"modified":"2016-11-04T11:17:46","modified_gmt":"2016-11-04T13:17:46","slug":"pais-aprovam-nova-forma-de-entrega-do-uniforme-escolar","status":"publish","type":"post","link":"https:\/\/jundiai.sp.gov.br\/noticias\/2015\/02\/27\/pais-aprovam-nova-forma-de-entrega-do-uniforme-escolar\/","title":{"rendered":"Pais aprovam nova forma de entrega do uniforme escolar"},"content":{"rendered":"<p><strong>Os pais dos alunos da Pr\u00e9-Escola e do Ensino Fundamental da rede municipal de Educa\u00e7\u00e3o come\u00e7aram a retirar, nesta sexta-feira (27), o kit de uniforme escolar. O secret\u00e1rio de Educa\u00e7\u00e3o e vice-prefeito Durval Orlato acompanhou de perto a distribui\u00e7\u00e3o, que prossegue neste s\u00e1bado (28) e domingo (1\u00ba) no Parque Comendador Antonio Carbonari (Parque da Uva). Cerca de R$ 27 mil alunos ser\u00e3o beneficiados.<\/strong><\/p>\n<p>A entrega come\u00e7ou \u00e0s 14h. Em menos de uma hora, mais de 1,4 mil pessoas sa\u00edram com as sacolas com os 11 itens que comp\u00f5em o uniforme escolar. \u201cEst\u00e1 tudo muito r\u00e1pido e organizado. O atendimento me surpreendeu. Somos privilegiados por receber este kit. As roupas e o t\u00eanis s\u00e3o de \u00f3tima qualidade. Eu apoio totalmente essa iniciativa da Prefeitura de Jundia\u00ed. Agora, todas as crian\u00e7as v\u00e3o para a escola iguais, acabando com aquilo de uma ir com uma roupa melhor e outra n\u00e3o\u201d, comentou Mariana de Godoy, m\u00e3e da estudante Melissa Godoy da Silva, do 1\u00ba ano da Emeb Alceu de Toledo Pontes, da Vila Municipal.<\/p>\n<p><strong>LEIA TAMB\u00c9M<br \/>\n<a href=\"https:\/\/jundiai.sp.gov.br\/noticias\/2015\/02\/27\/tarifa-social-a-r1-volta-a-valer-neste-domingo-1o\/\" target=\"_blank\">Tarifa Social a R$1 volta a valer neste domingo (1\u00ba)<\/strong><\/a><br \/>\n<a href=\"https:\/\/jundiai.sp.gov.br\/noticias\/2015\/02\/27\/parceria-com-empresa-gera-18-vagas-para-programa-aprendiz\/\" target=\"_blank\"><strong>Parceria com empresa gera 18 vagas para programa aprendiz<\/strong><\/a><\/p>\n<div id=\"attachment_120588\" style=\"width: 730px\" class=\"wp-caption aligncenter\"><a href=\"https:\/\/jundiai.sp.gov.br\/noticias\/wp-content\/uploads\/sites\/32\/2015\/02\/entrega_uniformes_escolares_D22g.jpg\"><img loading=\"lazy\" decoding=\"async\" aria-describedby=\"caption-attachment-120588\" src=\"https:\/\/jundiai.sp.gov.br\/noticias\/wp-content\/uploads\/sites\/32\/2015\/02\/entrega_uniformes_escolares_D22g-720x524.jpg\" alt=\"Em torno de 250 pessoas estiveram envolvidas na a\u00e7\u00e3o\" width=\"720\" height=\"524\" class=\"size-large wp-image-120588\" srcset=\"https:\/\/jundiai.sp.gov.br\/noticias\/wp-content\/uploads\/sites\/32\/2015\/02\/entrega_uniformes_escolares_D22g-720x524.jpg 720w, https:\/\/jundiai.sp.gov.br\/noticias\/wp-content\/uploads\/sites\/32\/2015\/02\/entrega_uniformes_escolares_D22g-300x218.jpg 300w, https:\/\/jundiai.sp.gov.br\/noticias\/wp-content\/uploads\/sites\/32\/2015\/02\/entrega_uniformes_escolares_D22g.jpg 1240w\" sizes=\"auto, (max-width: 720px) 100vw, 720px\" \/><\/a><p id=\"caption-attachment-120588\" class=\"wp-caption-text\">Em torno de 250 pessoas estiveram envolvidas na a\u00e7\u00e3o<\/p><\/div>\n<p>O aposentado Jos\u00e9 Eus\u00e9bio Correia do Nascimento tamb\u00e9m elogiou a forma de distribui\u00e7\u00e3o e a qualidade do kit de uniforme. Neste ano, a Secretaria de Educa\u00e7\u00e3o optou por fazer a entrega em um \u00fanico local. \u201cEm poucos minutos, eu j\u00e1 peguei tudo. O atendimento foi \u00f3timo. Mais uma vez, vamos economizar com isso\u201d, afirmou o av\u00f4 do estudante Vitor Pardo do Nascimento, da Emeb Antonino Messina, do Jardim Bonfiglioli.<\/p>\n<p><strong>Dentro do previsto<\/strong><br \/>\nO secret\u00e1rio de Educa\u00e7\u00e3o confirmou que o processo de retirada do kit est\u00e1 ocorrendo conforme previsto. Em torno de 250 pessoas est\u00e3o envolvidas. \u201cResolvemos n\u00e3o enviar o kit para as escolas porque muitas n\u00e3o t\u00eam espa\u00e7o e elas j\u00e1 est\u00e3o recebendo outros materiais, como os livros. Foi uma mudan\u00e7a que deu certo. Os pais aprovaram. Al\u00e9m disso, conseguiremos atender todos de uma vez s\u00f3\u201d, destacou Durval Orlato.<\/p>\n<p>A entrega continua neste s\u00e1bado, das 8h \u00e0s 17h, e domingo, das 8h \u00e0s 15h. Os pais devem apresentar o vale que foi distribu\u00eddo pela escola e um documento de identidade. Para cada Emeb foi definido um per\u00edodo em que os respons\u00e1veis devem se dirigir ao Parque da Uva. Os hor\u00e1rios est\u00e3o discriminados no vale-uniforme.<\/p>\n<div id=\"attachment_120590\" style=\"width: 730px\" class=\"wp-caption aligncenter\"><a href=\"https:\/\/jundiai.sp.gov.br\/noticias\/wp-content\/uploads\/sites\/32\/2015\/02\/entrega_uniformes_escolares_D29g.jpg\"><img loading=\"lazy\" decoding=\"async\" aria-describedby=\"caption-attachment-120590\" src=\"https:\/\/jundiai.sp.gov.br\/noticias\/wp-content\/uploads\/sites\/32\/2015\/02\/entrega_uniformes_escolares_D29g-720x538.jpg\" alt=\"Secret\u00e1rio de Educa\u00e7\u00e3o acompanhou de perto a entrega dos uniformes\" width=\"720\" height=\"538\" class=\"size-large wp-image-120590\" srcset=\"https:\/\/jundiai.sp.gov.br\/noticias\/wp-content\/uploads\/sites\/32\/2015\/02\/entrega_uniformes_escolares_D29g-720x538.jpg 720w, https:\/\/jundiai.sp.gov.br\/noticias\/wp-content\/uploads\/sites\/32\/2015\/02\/entrega_uniformes_escolares_D29g-300x224.jpg 300w, https:\/\/jundiai.sp.gov.br\/noticias\/wp-content\/uploads\/sites\/32\/2015\/02\/entrega_uniformes_escolares_D29g.jpg 1240w\" sizes=\"auto, (max-width: 720px) 100vw, 720px\" \/><\/a><p id=\"caption-attachment-120590\" class=\"wp-caption-text\">Secret\u00e1rio de Educa\u00e7\u00e3o acompanhou de perto a entrega dos uniformes<\/p><\/div>\n<p><strong>As trocas ser\u00e3o efetuadas a partir de mar\u00e7o na Secretaria de Educa\u00e7\u00e3o, localizada no Complexo Argos (entrada pela rua XV de Novembro \u2013 pr\u00f3ximo ao Supermercado Assa\u00ed), das 9h \u00e0s 16h.<\/strong><\/p>\n<p>Este \u00e9 o segundo ano consecutivo que a Prefeitura de Jundia\u00ed fornece o kit de uniforme aos estudantes da Pr\u00e9-Escola e do Ensino Fundamental. Ao ofertar o uniforme completo, a administra\u00e7\u00e3o municipal atende a uma demanda antiga da popula\u00e7\u00e3o.<\/p>\n<p>O Parque Comendador Antonio Carbonari fica na avenida Jundia\u00ed, ao lado do Complexo Esportivo Dr. Nicolino de Lucca, o Bol\u00e3o, no Anhangaba\u00fa.<\/p>\n<p><em><strong>Roberta de S\u00e1<br \/>\nFoto: Dorival Pinheiro Filho <\/strong><\/em><\/p>\n","protected":false},"excerpt":{"rendered":"<p>Entrega do kit com os uniformes continua neste s\u00e1bado, das 8h \u00e0s 17h, e domingo, das 8h \u00e0s 15h. Saiba mais! <\/p>\n","protected":false},"author":10,"featured_media":120592,"comment_status":"closed","ping_status":"closed","sticky":false,"template":"","format":"standard","meta":{"footnotes":""},"categories":[2],"tags":[6],"ods":[],"class_list":["post-120587","post","type-post","status-publish","format-standard","has-post-thumbnail","hentry","category-noticias","tag-educacao"],"_links":{"self":[{"href":"https:\/\/jundiai.sp.gov.br\/noticias\/wp-json\/wp\/v2\/posts\/120587","targetHints":{"allow":["GET"]}}],"collection":[{"href":"https:\/\/jundiai.sp.gov.br\/noticias\/wp-json\/wp\/v2\/posts"}],"about":[{"href":"https:\/\/jundiai.sp.gov.br\/noticias\/wp-json\/wp\/v2\/types\/post"}],"author":[{"embeddable":true,"href":"https:\/\/jundiai.sp.gov.br\/noticias\/wp-json\/wp\/v2\/users\/10"}],"replies":[{"embeddable":true,"href":"https:\/\/jundiai.sp.gov.br\/noticias\/wp-json\/wp\/v2\/comments?post=120587"}],"version-history":[{"count":5,"href":"https:\/\/jundiai.sp.gov.br\/noticias\/wp-json\/wp\/v2\/posts\/120587\/revisions"}],"predecessor-version":[{"id":120596,"href":"https:\/\/jundiai.sp.gov.br\/noticias\/wp-json\/wp\/v2\/posts\/120587\/revisions\/120596"}],"wp:featuredmedia":[{"embeddable":true,"href":"https:\/\/jundiai.sp.gov.br\/noticias\/wp-json\/wp\/v2\/media\/120592"}],"wp:attachment":[{"href":"https:\/\/jundiai.sp.gov.br\/noticias\/wp-json\/wp\/v2\/media?parent=120587"}],"wp:term":[{"taxonomy":"category","embeddable":true,"href":"https:\/\/jundiai.sp.gov.br\/noticias\/wp-json\/wp\/v2\/categories?post=120587"},{"taxonomy":"post_tag","embeddable":true,"href":"https:\/\/jundiai.sp.gov.br\/noticias\/wp-json\/wp\/v2\/tags?post=120587"},{"taxonomy":"ods","embeddable":true,"href":"https:\/\/jundiai.sp.gov.br\/noticias\/wp-json\/wp\/v2\/ods?post=120587"}],"curies":[{"name":"wp","href":"https:\/\/api.w.org\/{rel}","templated":true}]}}