{"id":120644,"date":"2015-02-27T18:53:09","date_gmt":"2015-02-27T21:53:09","guid":{"rendered":"https:\/\/jundiai.sp.gov.br\/noticias\/?p=120644"},"modified":"2016-11-04T11:17:46","modified_gmt":"2016-11-04T13:17:46","slug":"prefeito-participa-de-reuniao-com-moradores-do-jardim-do-lago","status":"publish","type":"post","link":"https:\/\/jundiai.sp.gov.br\/noticias\/2015\/02\/27\/prefeito-participa-de-reuniao-com-moradores-do-jardim-do-lago\/","title":{"rendered":"Prefeito vai \u00e0 reuni\u00e3o com moradores do Jardim do Lago"},"content":{"rendered":"<p><strong>O prefeito Pedro Bigardi participou da reuni\u00e3o ordin\u00e1ria da Associa\u00e7\u00e3o dos Moradores Organizados Assistencial e Beneficente (Amoab) do Jardim do Lago. Ele foi acompanhado pelos secret\u00e1rios Lu\u00eds Carlos Casarin (Sa\u00fade) e J\u00fanior Aprillanti (Obras) e ainda o diretor-presidente da DAE, Jamil Yatim. O encontro foi realizado na noite desta quinta-feira (26).<\/strong><\/p>\n<p><strong>Um dos principais assuntos abordados foi a mudan\u00e7a da Unidade B\u00e1sica de Sa\u00fade (UBS) do bairro, que funciona h\u00e1 40 anos no mesmo endere\u00e7o e j\u00e1 n\u00e3o comporta mais a demanda.<\/strong> \u201cTemos um projeto pronto. A UBS vai ser constru\u00edda em uma \u00e1rea do parque do Jardim do Lago e ser\u00e1 entregue at\u00e9 o fim deste ano\u201d, afirmou o prefeito.<\/p>\n<p><strong>LEIA TAMB\u00c9M<br \/>\n<a href=\"https:\/\/jundiai.sp.gov.br\/noticias\/2015\/02\/27\/prefeitura-em-acao-prefeito-entrega-pavimentacao-da-daniel-pellizari\/\" target=\"_blank\">Prefeito entrega obra de pavimenta\u00e7\u00e3o no Vetor Oeste<\/strong><\/a><br \/>\n<a href=\"https:\/\/jundiai.sp.gov.br\/noticias\/2015\/02\/27\/tarifa-social-a-r1-volta-a-valer-neste-domingo-1o\/\" target=\"_blank\"><strong>Tarifa Social a R$1 volta a valer neste domingo (1\u00ba)<\/strong><\/a><br \/>\n<a href=\"https:\/\/jundiai.sp.gov.br\/noticias\/2015\/02\/26\/mini-hospital-24-horas-muda-panorama-da-saude-na-cidade\/\" target=\"_blank\"><strong>Mini-hospital 24 horas muda panorama da sa\u00fade na cidade<\/strong><\/a><\/p>\n<div id=\"attachment_120645\" style=\"width: 730px\" class=\"wp-caption aligncenter\"><a href=\"https:\/\/jundiai.sp.gov.br\/noticias\/wp-content\/uploads\/sites\/32\/2015\/02\/prefeito_moradores_jd_lago_D13g.jpg\"><img loading=\"lazy\" decoding=\"async\" aria-describedby=\"caption-attachment-120645\" src=\"https:\/\/jundiai.sp.gov.br\/noticias\/wp-content\/uploads\/sites\/32\/2015\/02\/prefeito_moradores_jd_lago_D13g-720x467.jpg\" alt=\"Aproximadamente 50 moradores participaram da reuni\u00e3o\" width=\"720\" height=\"467\" class=\"size-large wp-image-120645\" srcset=\"https:\/\/jundiai.sp.gov.br\/noticias\/wp-content\/uploads\/sites\/32\/2015\/02\/prefeito_moradores_jd_lago_D13g-720x467.jpg 720w, https:\/\/jundiai.sp.gov.br\/noticias\/wp-content\/uploads\/sites\/32\/2015\/02\/prefeito_moradores_jd_lago_D13g-300x194.jpg 300w, https:\/\/jundiai.sp.gov.br\/noticias\/wp-content\/uploads\/sites\/32\/2015\/02\/prefeito_moradores_jd_lago_D13g.jpg 1240w\" sizes=\"auto, (max-width: 720px) 100vw, 720px\" \/><\/a><p id=\"caption-attachment-120645\" class=\"wp-caption-text\">Aproximadamente 50 moradores participaram da reuni\u00e3o<\/p><\/div>\n<p><strong>Bigardi explicou aos moradores que ocorreram alguns entraves burocr\u00e1ticos, mas que j\u00e1 foram resolvidos e a obra vai come\u00e7ar em breve.<\/strong> \u201cO novo pr\u00e9dio ter\u00e1 500m\u00b2 e ser\u00e1 totalmente modernizado\u201d, destacou. Ele explicou ainda aos moradores o novo modelo que est\u00e1 sendo desenhado para a rede p\u00fablica de sa\u00fade da cidade, com a constru\u00e7\u00e3o de quatro Unidades de Pronto-Atendimento (UPAs).<\/p>\n<p><strong>Outro pedido dos moradores \u00e9 em rela\u00e7\u00e3o \u00e0 mobilidade, com o recapeamento das ruas Leonita Faber Ladeira, Rachid Jorge Curi e Nelson Vila\u00e7a, e a pavimenta\u00e7\u00e3o da rua S\u00e9rgio Aparecido de Souza (antiga rua Projetada). \u201cVamos incluir a Nelson Vila\u00e7a no projeto e iniciar os trabalhos em 30 dias. Al\u00e9m disso, estamos finalizando o estudo para recapeamento da avenida Samuel Martins\u201d, adiantou o prefeito.<\/strong><\/p>\n<p>Sobre o Parque do Jardim do Lago, Pedro Bigardi disse que a Prefeitura vai acelerar as obras e a previs\u00e3o de entrega \u00e9 maio.<\/p>\n<p>O presidente da associa\u00e7\u00e3o, Claudinei Galdino, elogiou a postura da atual gest\u00e3o municipal. \u201cA gente sempre teve muita dificuldade de contato com o poder p\u00fablico, mas, nesta administra\u00e7\u00e3o, conseguimos reuni\u00f5es com diversos secret\u00e1rios, com a primeira-dama e agora temos a presen\u00e7a do prefeito aqui. \u00c9 muito importante para todos n\u00f3s essa proximidade\u201d, disse.<\/p>\n<p><em><strong>Niza Souza<br \/>\nFoto: Dorival Pinheiro Filho <\/strong><\/em><\/p>\n","protected":false},"excerpt":{"rendered":"<p>O prefeito Pedro Bigardi participou da reuni\u00e3o ordin\u00e1ria da Associa\u00e7\u00e3o dos Moradores Organizados Assistencial e Beneficente (Amoab) do Jardim do Lago. Ele foi acompanhado pelos secret\u00e1rios Lu\u00eds Carlos Casarin (Sa\u00fade) e J\u00fanior Aprillanti (Obras) e ainda o diretor-presidente da DAE, Jamil Yatim. O encontro foi realizado na noite desta quinta-feira (26). Um dos principais assuntos [&hellip;]<\/p>\n","protected":false},"author":10,"featured_media":0,"comment_status":"closed","ping_status":"closed","sticky":false,"template":"","format":"standard","meta":{"footnotes":""},"categories":[2],"tags":[66,347,3],"ods":[],"class_list":["post-120644","post","type-post","status-publish","format-standard","hentry","category-noticias","tag-dae","tag-obras","tag-saude"],"_links":{"self":[{"href":"https:\/\/jundiai.sp.gov.br\/noticias\/wp-json\/wp\/v2\/posts\/120644","targetHints":{"allow":["GET"]}}],"collection":[{"href":"https:\/\/jundiai.sp.gov.br\/noticias\/wp-json\/wp\/v2\/posts"}],"about":[{"href":"https:\/\/jundiai.sp.gov.br\/noticias\/wp-json\/wp\/v2\/types\/post"}],"author":[{"embeddable":true,"href":"https:\/\/jundiai.sp.gov.br\/noticias\/wp-json\/wp\/v2\/users\/10"}],"replies":[{"embeddable":true,"href":"https:\/\/jundiai.sp.gov.br\/noticias\/wp-json\/wp\/v2\/comments?post=120644"}],"version-history":[{"count":5,"href":"https:\/\/jundiai.sp.gov.br\/noticias\/wp-json\/wp\/v2\/posts\/120644\/revisions"}],"predecessor-version":[{"id":120748,"href":"https:\/\/jundiai.sp.gov.br\/noticias\/wp-json\/wp\/v2\/posts\/120644\/revisions\/120748"}],"wp:attachment":[{"href":"https:\/\/jundiai.sp.gov.br\/noticias\/wp-json\/wp\/v2\/media?parent=120644"}],"wp:term":[{"taxonomy":"category","embeddable":true,"href":"https:\/\/jundiai.sp.gov.br\/noticias\/wp-json\/wp\/v2\/categories?post=120644"},{"taxonomy":"post_tag","embeddable":true,"href":"https:\/\/jundiai.sp.gov.br\/noticias\/wp-json\/wp\/v2\/tags?post=120644"},{"taxonomy":"ods","embeddable":true,"href":"https:\/\/jundiai.sp.gov.br\/noticias\/wp-json\/wp\/v2\/ods?post=120644"}],"curies":[{"name":"wp","href":"https:\/\/api.w.org\/{rel}","templated":true}]}}