{"id":120669,"date":"2015-02-28T15:52:35","date_gmt":"2015-02-28T18:52:35","guid":{"rendered":"https:\/\/jundiai.sp.gov.br\/noticias\/?p=120669"},"modified":"2016-11-04T11:17:46","modified_gmt":"2016-11-04T13:17:46","slug":"prefeitura-distribui-milhares-de-uniformes-escolares","status":"publish","type":"post","link":"https:\/\/jundiai.sp.gov.br\/noticias\/2015\/02\/28\/prefeitura-distribui-milhares-de-uniformes-escolares\/","title":{"rendered":"Prefeitura distribui milhares de uniformes escolares"},"content":{"rendered":"<p><strong>Com a expectativa de atender 27 mil fam\u00edlias de estudantes da rede municipal de ensino neste fim de semana, a Prefeitura de Jundia\u00ed continuou neste s\u00e1bado (28) a entrega dos kits de uniformes para familiares e respons\u00e1veis no Parque Comendador Antonio Carbonari, o Parque da Uva. E quem faltou na sexta-feira ou no s\u00e1bado pode comparecer ainda neste domingo (1\u00ba), munido de documentos, das 8h \u00e0s 13h. A retirada leva apenas alguns minutos. A Secretaria de Educa\u00e7\u00e3o ainda comunica que as trocas que forem necess\u00e1rias podem ser feitas a partir de 4 de mar\u00e7o, no Complexo Argos, conforme orientado anteriormente.<\/strong><\/p>\n<p>\u201cEssa foi uma de nossas metas de governo. N\u00e3o \u00e9 apenas a economia em si para as fam\u00edlias, mas tamb\u00e9m pela seguran\u00e7a na entrada e sa\u00edda das escolas e tamb\u00e9m para a autoestima dos estudantes, pois todos seguem um mesmo padr\u00e3o\u201d, afirmou o prefeito Pedro Bigardi, lembrando que, al\u00e9m do vestu\u00e1rio completo, o kit tamb\u00e9m envolve o material escolar.<\/p>\n<p><a href=\"https:\/\/jundiai.sp.gov.br\/noticias\/2015\/02\/27\/pais-aprovam-nova-forma-de-entrega-do-uniforme-escolar\/\" target=\"_blank\">Na sexta-feira (27) foram atendidos 5,7 mil estudantes<\/a> e, neste s\u00e1bado, a previs\u00e3o era de 13 mil estudantes.<\/p>\n<p><strong><a href=\"https:\/\/www.flickr.com\/photos\/prefeituradejundiai\/sets\/72157651006141886\/\" target=\"_blank\">CONFIRA AS FOTOS DA ENTREGA DOS UNIFORMES<\/a><\/strong><\/p>\n<p><strong>LEIA TAMB\u00c9M<br \/>\n<a href=\"https:\/\/jundiai.sp.gov.br\/noticias\/2015\/02\/27\/tarifa-social-a-r1-volta-a-valer-neste-domingo-1o\/\" target=\"_blank\">Tarifa Social a R$1 volta a valer neste domingo (1\u00ba)<\/a><br \/>\n<a href=\"https:\/\/jundiai.sp.gov.br\/noticias\/2015\/02\/28\/vetor-oeste-encerra-primeiro-ciclo-do-prefeitura-em-acao\/\" target=\"_blank\">Vetor Oeste encerra primeiro ciclo do \u2018Prefeitura em A\u00e7\u00e3o\u2019<\/a><\/strong><\/p>\n<div id=\"attachment_120670\" style=\"width: 730px\" class=\"wp-caption aligncenter\"><a href=\"https:\/\/jundiai.sp.gov.br\/noticias\/wp-content\/uploads\/sites\/32\/2015\/02\/DPF5026g.jpg\"><img loading=\"lazy\" decoding=\"async\" aria-describedby=\"caption-attachment-120670\" class=\"size-large wp-image-120670\" src=\"https:\/\/jundiai.sp.gov.br\/noticias\/wp-content\/uploads\/sites\/32\/2015\/02\/DPF5026g-720x538.jpg\" alt=\"O prefeito Pedro Bigardi conferiu de perto da entrega dos kits escolares\" width=\"720\" height=\"538\" srcset=\"https:\/\/jundiai.sp.gov.br\/noticias\/wp-content\/uploads\/sites\/32\/2015\/02\/DPF5026g-720x538.jpg 720w, https:\/\/jundiai.sp.gov.br\/noticias\/wp-content\/uploads\/sites\/32\/2015\/02\/DPF5026g-300x224.jpg 300w, https:\/\/jundiai.sp.gov.br\/noticias\/wp-content\/uploads\/sites\/32\/2015\/02\/DPF5026g.jpg 1240w\" sizes=\"auto, (max-width: 720px) 100vw, 720px\" \/><\/a><p id=\"caption-attachment-120670\" class=\"wp-caption-text\">O prefeito Pedro Bigardi conferiu de perto da entrega dos kits escolares<\/p><\/div>\n<p>\u201cFoi uma<strong> grande surpresa<\/strong>. Achei que perderia algum tempo quando vi o movimento, mas <strong>a retirada n\u00e3o demorou nada. Parabenizo a organiza\u00e7\u00e3o<\/strong>\u201d, destacou Cristiane Lamazalis, que compareceu com seu filho.<\/p>\n<p>De acordo com o secret\u00e1rio de Educa\u00e7\u00e3o, Durval Orlato, <strong>a meta \u00e9 padronizar o servi\u00e7o da rede municipal de ensino com uma esp\u00e9cie de li\u00e7\u00e3o de igualdade entre os estudantes<\/strong>. \u201cIsso faz parte da <strong>busca pela qualidade de ensino<\/strong>, que tamb\u00e9m est\u00e1 presente no material escolar e na forma\u00e7\u00e3o do nosso corpo de professores\u201d, afirmou.<\/p>\n<p>O investimento no kit de uniforme escolar oscila <strong>em torno de R$ 250 para cada conjunto, em um patamar de R$ 7 milh\u00f5es<\/strong> incluindo os lotes de conjuntos extras para reposi\u00e7\u00e3o para casos de falhas de informa\u00e7\u00e3o.<\/p>\n<p><strong>\u201cEstamos tendo um retorno muito positivo das fam\u00edlias sobre a ado\u00e7\u00e3o dessa medida\u201d, comentou o prefeito Pedro Bigardi<\/strong>, que prestigiou o evento ao lado da primeira-dama, Margarete Geraldo Bigardi, e da filha Patr\u00edcia.<\/p>\n<div id=\"attachment_120671\" style=\"width: 730px\" class=\"wp-caption aligncenter\"><a href=\"https:\/\/jundiai.sp.gov.br\/noticias\/wp-content\/uploads\/sites\/32\/2015\/02\/DPF4982g.jpg\"><img loading=\"lazy\" decoding=\"async\" aria-describedby=\"caption-attachment-120671\" class=\"size-large wp-image-120671\" src=\"https:\/\/jundiai.sp.gov.br\/noticias\/wp-content\/uploads\/sites\/32\/2015\/02\/DPF4982g-720x528.jpg\" alt=\"A m\u00e3e Cristiane destacou a organiza\u00e7\u00e3o do evento ao secret\u00e1rio Durval Orlato\" width=\"720\" height=\"528\" srcset=\"https:\/\/jundiai.sp.gov.br\/noticias\/wp-content\/uploads\/sites\/32\/2015\/02\/DPF4982g-720x528.jpg 720w, https:\/\/jundiai.sp.gov.br\/noticias\/wp-content\/uploads\/sites\/32\/2015\/02\/DPF4982g-300x220.jpg 300w, https:\/\/jundiai.sp.gov.br\/noticias\/wp-content\/uploads\/sites\/32\/2015\/02\/DPF4982g.jpg 1240w\" sizes=\"auto, (max-width: 720px) 100vw, 720px\" \/><\/a><p id=\"caption-attachment-120671\" class=\"wp-caption-text\">A m\u00e3e Cristiane destacou a organiza\u00e7\u00e3o do evento ao secret\u00e1rio Durval Orlato<\/p><\/div>\n<p><strong><em>Jos\u00e9 Arnaldo de Oliveira<br \/>\nFotos: Dorival Pinheiro Filho<\/em><\/strong><\/p>\n<p><strong>Assista \u00e0 reportagem da TVE Jundia\u00ed<\/strong><br \/>\n<iframe loading=\"lazy\" src=\"https:\/\/www.youtube.com\/embed\/7Lb8ip1xvpg\" width=\"420\" height=\"315\" frameborder=\"0\" allowfullscreen=\"allowfullscreen\"><\/iframe><\/p>\n","protected":false},"excerpt":{"rendered":"<p>Para atender as 27 mil fam\u00edlias de estudantes da rede municipal, distribui\u00e7\u00e3o continua neste domingo (1\u00ba)<\/p>\n","protected":false},"author":14,"featured_media":120675,"comment_status":"closed","ping_status":"closed","sticky":false,"template":"","format":"standard","meta":{"footnotes":""},"categories":[2],"tags":[6,58,615],"ods":[],"class_list":["post-120669","post","type-post","status-publish","format-standard","has-post-thumbnail","hentry","category-noticias","tag-educacao","tag-prefeito","tag-prefeitura-em-acao"],"_links":{"self":[{"href":"https:\/\/jundiai.sp.gov.br\/noticias\/wp-json\/wp\/v2\/posts\/120669","targetHints":{"allow":["GET"]}}],"collection":[{"href":"https:\/\/jundiai.sp.gov.br\/noticias\/wp-json\/wp\/v2\/posts"}],"about":[{"href":"https:\/\/jundiai.sp.gov.br\/noticias\/wp-json\/wp\/v2\/types\/post"}],"author":[{"embeddable":true,"href":"https:\/\/jundiai.sp.gov.br\/noticias\/wp-json\/wp\/v2\/users\/14"}],"replies":[{"embeddable":true,"href":"https:\/\/jundiai.sp.gov.br\/noticias\/wp-json\/wp\/v2\/comments?post=120669"}],"version-history":[{"count":5,"href":"https:\/\/jundiai.sp.gov.br\/noticias\/wp-json\/wp\/v2\/posts\/120669\/revisions"}],"predecessor-version":[{"id":120724,"href":"https:\/\/jundiai.sp.gov.br\/noticias\/wp-json\/wp\/v2\/posts\/120669\/revisions\/120724"}],"wp:featuredmedia":[{"embeddable":true,"href":"https:\/\/jundiai.sp.gov.br\/noticias\/wp-json\/wp\/v2\/media\/120675"}],"wp:attachment":[{"href":"https:\/\/jundiai.sp.gov.br\/noticias\/wp-json\/wp\/v2\/media?parent=120669"}],"wp:term":[{"taxonomy":"category","embeddable":true,"href":"https:\/\/jundiai.sp.gov.br\/noticias\/wp-json\/wp\/v2\/categories?post=120669"},{"taxonomy":"post_tag","embeddable":true,"href":"https:\/\/jundiai.sp.gov.br\/noticias\/wp-json\/wp\/v2\/tags?post=120669"},{"taxonomy":"ods","embeddable":true,"href":"https:\/\/jundiai.sp.gov.br\/noticias\/wp-json\/wp\/v2\/ods?post=120669"}],"curies":[{"name":"wp","href":"https:\/\/api.w.org\/{rel}","templated":true}]}}