{"id":120685,"date":"2015-02-28T17:28:01","date_gmt":"2015-02-28T20:28:01","guid":{"rendered":"https:\/\/jundiai.sp.gov.br\/noticias\/?p=120685"},"modified":"2016-11-04T11:17:47","modified_gmt":"2016-11-04T13:17:47","slug":"galeria-de-arte-traz-novas-exposicoes-em-2015","status":"publish","type":"post","link":"https:\/\/jundiai.sp.gov.br\/noticias\/2015\/02\/28\/galeria-de-arte-traz-novas-exposicoes-em-2015\/","title":{"rendered":"Galeria de Arte traz novas exposi\u00e7\u00f5es para 2015"},"content":{"rendered":"<p><strong>As artes visuais t\u00eam espa\u00e7o garantido na <a href=\"http:\/\/cultura.jundiai.sp.gov.br\/espacos-culturais\/galeria-de-arte-fernanda-perracini-milani\/\" target=\"_blank\">Galeria de Arte Fernanda Perracini Milani<\/a>, anexa ao <a href=\"http:\/\/cultura.jundiai.sp.gov.br\/espacos-culturais\/teatro-polytheama\/\" target=\"_blank\">Teatro Polytheama<\/a>, que retorna com suas exposi\u00e7\u00f5es no dia 7 de abril, com entrada gratuita ao p\u00fablico. Foram selecionados para a temporada 2015 nove projetos, dos quais quatro s\u00e3o de artistas jundiaienses. <\/strong><\/p>\n<p>Participaram do edital 47 projetos dos segmentos de <strong>pintura, gravura, escultura, instala\u00e7\u00e3o, desenho e fotografia<\/strong>. A sele\u00e7\u00e3o foi feita por um corpo de jurados especializados composto por Milene Chiovatto, Augusto Sampaio e Paulo de Tarso Cheida Sans.<\/p>\n<p><strong><a href=\"http:\/\/cultura.jundiai.sp.gov.br\/\" target=\"_blank\">CONHE\u00c7A O NOVO SITE DA CULTURA<\/a><\/strong><\/p>\n<p><strong>MAIS CULTURA<br \/>\n<a href=\"https:\/\/jundiai.sp.gov.br\/noticias\/2015\/02\/27\/festival-imagine-brazil-e-oportunidade-para-jovens-musicos\/\" target=\"_blank\">Festival Imagine Brazil \u00e9 oportunidade para jovens m\u00fasicos<\/a><br \/>\n<a href=\"https:\/\/jundiai.sp.gov.br\/noticias\/2015\/02\/26\/solar-do-barao-abre-exposicao-sobre-o-patrimonio-cultural\/\" target=\"_blank\">Solar abre exposi\u00e7\u00e3o sobre o Patrim\u00f4nio Cultural de Jundia\u00ed<\/a><br \/>\n<a href=\"https:\/\/jundiai.sp.gov.br\/noticias\/2015\/02\/26\/cultura-abre-inscricoes-para-oficinas-gratuitas-no-dia-2-de-marco\/\" target=\"_blank\">Cultura abre inscri\u00e7\u00f5es para oficinas gratuitas no dia 2 de mar\u00e7o<\/a><\/strong><\/p>\n<div id=\"attachment_120686\" style=\"width: 730px\" class=\"wp-caption aligncenter\"><a href=\"https:\/\/jundiai.sp.gov.br\/noticias\/wp-content\/uploads\/sites\/32\/2015\/02\/galeria_fernanda_perracini-41g.jpg\"><img loading=\"lazy\" decoding=\"async\" aria-describedby=\"caption-attachment-120686\" class=\"size-large wp-image-120686\" src=\"https:\/\/jundiai.sp.gov.br\/noticias\/wp-content\/uploads\/sites\/32\/2015\/02\/galeria_fernanda_perracini-41g-720x479.jpg\" alt=\"Galeria recebe nove exposi\u00e7\u00f5es na temporada 2015\" width=\"720\" height=\"479\" srcset=\"https:\/\/jundiai.sp.gov.br\/noticias\/wp-content\/uploads\/sites\/32\/2015\/02\/galeria_fernanda_perracini-41g-720x479.jpg 720w, https:\/\/jundiai.sp.gov.br\/noticias\/wp-content\/uploads\/sites\/32\/2015\/02\/galeria_fernanda_perracini-41g-300x199.jpg 300w, https:\/\/jundiai.sp.gov.br\/noticias\/wp-content\/uploads\/sites\/32\/2015\/02\/galeria_fernanda_perracini-41g.jpg 1240w\" sizes=\"auto, (max-width: 720px) 100vw, 720px\" \/><\/a><p id=\"caption-attachment-120686\" class=\"wp-caption-text\">Galeria recebe nove exposi\u00e7\u00f5es na temporada 2015<\/p><\/div>\n<p>A temporada 2015 prossegue at\u00e9 dezembro, com <strong>exposi\u00e7\u00f5es a partir de abril<\/strong>. Cada mostra ser\u00e1 aberta na <strong>primeira ter\u00e7a-feira do m\u00eas para um per\u00edodo de 20 dias de exposi\u00e7\u00e3o e um workshop gratuito ao p\u00fablico ministrado pelo respectivo artista<\/strong>.<\/p>\n<p><strong>O artista jundiaiense Andrey Zignnatto abre a temporada com a exposi\u00e7\u00e3o \u201cCanteiro de Obras\u201d, no dia 7 de abril, \u00e0s 19h.<\/strong><\/p>\n<p>A Galeria Fernanda Perracine Milani fica em um anexo do Teatro Polytheama, rua Bar\u00e3o de Jundia\u00ed, 176, no Centro. Mais informa\u00e7\u00f5es pelo telefone (11) 4586-2472.<\/p>\n<p><strong>Conhe\u00e7a as exposi\u00e7\u00f5es de 2015:<br \/>\n<em>7 de abril<\/em><\/strong> &#8211; Exposi\u00e7\u00e3o Canteiro de Obras \u2013 Andrey Zignnatto (Jundia\u00ed);<br \/>\n<strong>5 de maio<\/strong> \u2013 Exposi\u00e7\u00e3o Comportamento do Risco \u2013 Maio Tchelo (S\u00e3o Paulo);<br \/>\n<strong>2 de junho<\/strong> \u2013 Corpus in Chronos \u2013 Marco Ant\u00f4nio Scarelli (Jundia\u00ed);<br \/>\n<strong>7 de julho<\/strong> \u2013 Colagens Musicais \u2013 Andr\u00e9 de Miranda (Rio de Janeiro);<br \/>\n<strong>4 de agosto<\/strong> \u2013 Paisagem dominada \u2013 Alexandra Urgern-Sternberg (S\u00e3o Paulo);<br \/>\n<strong>1 de setembro<\/strong> \u2013 Inverine \u2013 Gustavo Torrezan (S\u00e3o Paulo);<br \/>\n<strong>6 de outubro<\/strong> \u2013 Origami \u2013 Daniele Shirozono (Jundia\u00ed);<br \/>\n<strong>3 de novembro <\/strong>\u2013 Surperf\u00edcies \u2013 F\u00e1bio Le\u00e3o (S\u00e3o Paulo);<br \/>\n<strong>1 de dezembro<\/strong> \u2013 Segue o vento \u2013 Pedro Amora (Jundia\u00ed).<\/p>\n<p><strong><em>Assessoria de Imprensa<br \/>\nFoto: Arquivo PMJ<\/em><\/strong><\/p>\n","protected":false},"excerpt":{"rendered":"<p>As artes visuais t\u00eam espa\u00e7o garantido na Galeria de Arte Fernanda Perracini Milani, anexa ao Teatro Polytheama, que retorna com suas exposi\u00e7\u00f5es no dia 7 de abril, com entrada gratuita ao p\u00fablico. Foram selecionados para a temporada 2015 nove projetos, dos quais quatro s\u00e3o de artistas jundiaienses. Participaram do edital 47 projetos dos segmentos de [&hellip;]<\/p>\n","protected":false},"author":14,"featured_media":0,"comment_status":"closed","ping_status":"closed","sticky":false,"template":"","format":"standard","meta":{"footnotes":""},"categories":[2],"tags":[29,423,56],"ods":[],"class_list":["post-120685","post","type-post","status-publish","format-standard","hentry","category-noticias","tag-cultura","tag-exposicao","tag-galeria-de-arte-fernanda-perracini-milani"],"_links":{"self":[{"href":"https:\/\/jundiai.sp.gov.br\/noticias\/wp-json\/wp\/v2\/posts\/120685","targetHints":{"allow":["GET"]}}],"collection":[{"href":"https:\/\/jundiai.sp.gov.br\/noticias\/wp-json\/wp\/v2\/posts"}],"about":[{"href":"https:\/\/jundiai.sp.gov.br\/noticias\/wp-json\/wp\/v2\/types\/post"}],"author":[{"embeddable":true,"href":"https:\/\/jundiai.sp.gov.br\/noticias\/wp-json\/wp\/v2\/users\/14"}],"replies":[{"embeddable":true,"href":"https:\/\/jundiai.sp.gov.br\/noticias\/wp-json\/wp\/v2\/comments?post=120685"}],"version-history":[{"count":4,"href":"https:\/\/jundiai.sp.gov.br\/noticias\/wp-json\/wp\/v2\/posts\/120685\/revisions"}],"predecessor-version":[{"id":160735,"href":"https:\/\/jundiai.sp.gov.br\/noticias\/wp-json\/wp\/v2\/posts\/120685\/revisions\/160735"}],"wp:attachment":[{"href":"https:\/\/jundiai.sp.gov.br\/noticias\/wp-json\/wp\/v2\/media?parent=120685"}],"wp:term":[{"taxonomy":"category","embeddable":true,"href":"https:\/\/jundiai.sp.gov.br\/noticias\/wp-json\/wp\/v2\/categories?post=120685"},{"taxonomy":"post_tag","embeddable":true,"href":"https:\/\/jundiai.sp.gov.br\/noticias\/wp-json\/wp\/v2\/tags?post=120685"},{"taxonomy":"ods","embeddable":true,"href":"https:\/\/jundiai.sp.gov.br\/noticias\/wp-json\/wp\/v2\/ods?post=120685"}],"curies":[{"name":"wp","href":"https:\/\/api.w.org\/{rel}","templated":true}]}}