{"id":120890,"date":"2015-03-02T15:33:13","date_gmt":"2015-03-02T18:33:13","guid":{"rendered":"https:\/\/jundiai.sp.gov.br\/noticias\/?p=120890"},"modified":"2016-11-04T11:17:47","modified_gmt":"2016-11-04T13:17:47","slug":"experiencia-na-rua-torta-mostra-potencial-turistico-de-jundiai","status":"publish","type":"post","link":"https:\/\/jundiai.sp.gov.br\/noticias\/2015\/03\/02\/experiencia-na-rua-torta-mostra-potencial-turistico-de-jundiai\/","title":{"rendered":"Caminhada pela &#8216;Rua Torta&#8217; mostra potencial tur\u00edstico de Jundia\u00ed"},"content":{"rendered":"<p><strong>Um teste de viv\u00eancia do antigo caminho que levava pedestres e cavalos ou carro\u00e7as at\u00e9 a <a href=\"http:\/\/pontetorta.jundiai.sp.gov.br\/\" target=\"_blank\">Ponte Torta<\/a>, feito por um grupo de 40 pessoas na tarde de sexta-feira (27), surpreendeu os participantes. No trajeto envolvendo o monumento &#8211; que est\u00e1 em recupera\u00e7\u00e3o pela Prefeitura de Jundia\u00ed &#8211; pela avenida Paula Penteado, conhecida como Rua Torta, as pessoas chegaram na parte alta do centro hist\u00f3rico praticamente sem esfor\u00e7o.<\/strong><\/p>\n<p>Isso provocou reflex\u00f5es sobre o uso do patrim\u00f4nio para a educa\u00e7\u00e3o e o turismo, temas que ser\u00e3o aprofundados no evento marcado para a pr\u00f3xima sexta-feira (6), no audit\u00f3rio da Biblioteca P\u00fablica Professor Nelson Foot, no Complexo Argos.<\/p>\n<p><strong>LEIA TAMB\u00c9M<br \/>\n<a href=\"https:\/\/jundiai.sp.gov.br\/noticias\/2015\/02\/23\/compac-ve-mudancas-na-luta-pelo-patrimonio-coletivo\/\" target=\"_blank\"><strong>Compac v\u00ea mudan\u00e7as na luta pelo patrim\u00f4nio coletivo<\/strong><\/a><br \/>\n<a href=\"https:\/\/jundiai.sp.gov.br\/noticias\/2015\/02\/26\/projeto-que-preve-acesso-de-animais-a-parques-e-discutido\/\" target=\"_blank\">Projeto que prev\u00ea acesso de animais a parques \u00e9 discutido<\/strong><\/a><br \/>\n<a href=\"https:\/\/jundiai.sp.gov.br\/noticias\/2015\/02\/23\/prefeitura-prepara-protocolo-de-intencoes-para-volta-dos-trens-de-carga\/\" target=\"_blank\"><strong>Prefeitura prepara protocolo para volta dos trens de carga<\/strong><\/a><\/p>\n<div id=\"attachment_120892\" style=\"width: 730px\" class=\"wp-caption aligncenter\"><a href=\"https:\/\/jundiai.sp.gov.br\/noticias\/wp-content\/uploads\/sites\/32\/2015\/03\/caminhada_ponte_torta_D14g.jpg\"><img loading=\"lazy\" decoding=\"async\" aria-describedby=\"caption-attachment-120892\" src=\"https:\/\/jundiai.sp.gov.br\/noticias\/wp-content\/uploads\/sites\/32\/2015\/03\/caminhada_ponte_torta_D14g-720x488.jpg\" alt=\"Participantes usam a Ponte Torta como ponto de partida\" width=\"720\" height=\"488\" class=\"size-large wp-image-120892\" srcset=\"https:\/\/jundiai.sp.gov.br\/noticias\/wp-content\/uploads\/sites\/32\/2015\/03\/caminhada_ponte_torta_D14g-720x488.jpg 720w, https:\/\/jundiai.sp.gov.br\/noticias\/wp-content\/uploads\/sites\/32\/2015\/03\/caminhada_ponte_torta_D14g-300x203.jpg 300w, https:\/\/jundiai.sp.gov.br\/noticias\/wp-content\/uploads\/sites\/32\/2015\/03\/caminhada_ponte_torta_D14g.jpg 1240w\" sizes=\"auto, (max-width: 720px) 100vw, 720px\" \/><\/a><p id=\"caption-attachment-120892\" class=\"wp-caption-text\">Participantes usam a Ponte Torta como ponto de partida<\/p><\/div>\n<p>\u201cEsse \u00e9 mais um reflexo do projeto na cidade\u201d, afirmou Daniela da Camara Sutti, secret\u00e1ria de Planejamento e Meio Ambiente e respons\u00e1vel pelo projeto A\u00e7\u00f5es de Conserva\u00e7\u00e3o e Zeladoria da Ponte Torta.<\/p>\n<p>O roteiro envolveu a sa\u00edda dos participantes a partir do monumento. Depois da retirada do barranco original ao lado da Ponte Torta, tomou-se um rumo quase plano pela avenida Paula Penteado (a antiga Rua Torta). Ao contr\u00e1rio da percep\u00e7\u00e3o comum na cidade, essa via supera o cruzamento triplo com as ruas Senador Fonseca e Secundino Veiga e segue, sempre plana, at\u00e9 a rua Marc\u00edlio Dias (onde uma escadaria leva at\u00e9 o in\u00edcio da antiga Estrada de Pirapora).<\/p>\n<p>Organizado pela arquiteta Andrea Lux (da Secretaria de Planejamento e Meio Ambiente), pelo jornalista e soci\u00f3logo Jos\u00e9 Arnaldo de Oliveira (da Secretaria de Comunica\u00e7\u00e3o Social) e pelo historiador e diretor Jean Camoleze (do Museu Hist\u00f3rico e Cultural), o roteiro chamou a aten\u00e7\u00e3o para um grande n\u00famero de im\u00f3veis ainda residenciais e com tra\u00e7os de diversas \u00e9pocas.<\/p>\n<p><strong>Influ\u00eancias<\/strong><br \/>\nPara o coordenador de projetos especiais da Secretaria de Planejamento, D\u00e9cio Luiz Pinheiro Pradella, o cruzamento triplo indica que a rua Torta era um caminho anterior \u00e0s outras ruas, de tra\u00e7ado reto com marca de influ\u00eancia espanhola sobre seu desenho aparentemente mais portugu\u00eas ou nativo.<\/p>\n<p>O grupo tamb\u00e9m contornou a pra\u00e7a Marechal Floriano Peixoto, atr\u00e1s da Catedral, onde o contraste entre a centen\u00e1ria casa paroquial com a t\u00e9cnica da \u201ctaipa de gaiola\u201d do s\u00e9culo 19 contrasta com as fachadas da rua lateral marcadas pelas \u201cplatibandas\u201d que escondem telhados e calhas do in\u00edcio do s\u00e9culo 20. Depois de um trecho em sentido inverso pela rua Bar\u00e3o de Jundia\u00ed, o grupo chegou at\u00e9 a pra\u00e7a Rui Barbosa.<\/p>\n<p>Ali, onde existiu nos s\u00e9culos 17 e 18 o chamado Largo do Pelourinho, uma s\u00e9rie de placas fotogr\u00e1ficas cedidas pelo Museu Hist\u00f3rico mostrou a antiga Igreja de Nossa Senhora do Ros\u00e1rio, onde terminava a rua de mesmo nome, depois ampliada em 1922, e uma s\u00e9rie de casas com a tradi\u00e7\u00e3o oral de terem um antigo beco ligado com o trecho final da Rua Torta. E depois derrubadas para a constru\u00e7\u00e3o do quartel do Ex\u00e9rcito, depois demolido para o atual estacionamento.<\/p>\n<p>A vis\u00e3o da \u00e1rea central da pra\u00e7a surpreendeu os participantes da caminhada com a vista da linha reta formada, logo abaixo, pela rua Marc\u00edlio Dias (subindo at\u00e9 a rua Bela Vista), exatamente no ponto em que termina a Rua Torta e come\u00e7a a rua Zacarias de Goes (antiga rua Adolfo Gordo).<\/p>\n<p>O ponto final da caminhada foi uma visita ao Gabinete de Leitura Ruy Barbosa, surgida em parte do terreno da antiga Igreja do Ros\u00e1rio. E a surpresa em saber que a institui\u00e7\u00e3o est\u00e1 com processo de tombamento no Conselho Estadual do Patrim\u00f4nio (Condephaat). Um roteiro que ficou marcado nos olhos, no c\u00e9rebro e principalmente nos p\u00e9s dos participantes, surpresos pela descoberta de que a Ponte Torta faz parte de um caminho inteligente para os altos do centro hist\u00f3rico e ainda repleto de hist\u00f3rias.<\/p>\n<div id=\"attachment_120891\" style=\"width: 730px\" class=\"wp-caption aligncenter\"><a href=\"https:\/\/jundiai.sp.gov.br\/noticias\/wp-content\/uploads\/sites\/32\/2015\/03\/caminhada_ponte_torta_1G.jpg\"><img loading=\"lazy\" decoding=\"async\" aria-describedby=\"caption-attachment-120891\" src=\"https:\/\/jundiai.sp.gov.br\/noticias\/wp-content\/uploads\/sites\/32\/2015\/03\/caminhada_ponte_torta_1G-720x540.jpg\" alt=\"Antiga Rua Torta: caminho acess\u00edvel ao Centro\" width=\"720\" height=\"540\" class=\"size-large wp-image-120891\" srcset=\"https:\/\/jundiai.sp.gov.br\/noticias\/wp-content\/uploads\/sites\/32\/2015\/03\/caminhada_ponte_torta_1G-720x540.jpg 720w, https:\/\/jundiai.sp.gov.br\/noticias\/wp-content\/uploads\/sites\/32\/2015\/03\/caminhada_ponte_torta_1G-300x225.jpg 300w, https:\/\/jundiai.sp.gov.br\/noticias\/wp-content\/uploads\/sites\/32\/2015\/03\/caminhada_ponte_torta_1G.jpg 1240w\" sizes=\"auto, (max-width: 720px) 100vw, 720px\" \/><\/a><p id=\"caption-attachment-120891\" class=\"wp-caption-text\">Antiga Rua Torta: caminho acess\u00edvel ao Centro<\/p><\/div>\n<p><strong>Debate<\/strong><br \/>\nO evento de sexta-feira (6), a partir das 14h, na Biblioteca P\u00fablica, vai contar com a diretora de Turismo da Secretaria de Agricultura, Abastecimento e Turismo, Marcela Moro, e com a historiadora Mirza Pelliciota no tema &#8220;Turismo, Educa\u00e7\u00e3o Patrimonial e a Zeladoria&#8221;.<\/p>\n<p>A a\u00e7\u00e3o vai tratar tamb\u00e9m do processo de ilumina\u00e7\u00e3o e sinaliza\u00e7\u00e3o em processo de implementa\u00e7\u00e3o no local da Ponte Torta. Participam tamb\u00e9m t\u00e9cnicos, estudantes, moradores e colaboradores de fotografia, filmagem e auxiliares de conserva\u00e7\u00e3o e restauro do Instituto Saras\u00e1.<\/p>\n<p><em><strong>Assessoria de Imprensa<br \/>\nFotos: PJ<\/strong><\/em><\/p>\n<p><strong>Assista \u00e0 reportagem da TVE Jundia\u00ed<\/strong><br \/>\n<iframe loading=\"lazy\" width=\"420\" height=\"315\" src=\"https:\/\/www.youtube.com\/embed\/4H-Hj3dn0LY\" frameborder=\"0\" allowfullscreen><\/iframe><\/p>\n","protected":false},"excerpt":{"rendered":"<p>Caminhada antecipou as discuss\u00f5es do debate desta sexta-feira (6), \u00e0s 14h, na Biblioteca, sobre educa\u00e7\u00e3o patrimonial e zeladoria<\/p>\n","protected":false},"author":10,"featured_media":121195,"comment_status":"closed","ping_status":"closed","sticky":false,"template":"","format":"standard","meta":{"footnotes":""},"categories":[2],"tags":[32,427],"ods":[],"class_list":["post-120890","post","type-post","status-publish","format-standard","has-post-thumbnail","hentry","category-noticias","tag-planejamento-e-meio-ambiente","tag-ponte-torta"],"_links":{"self":[{"href":"https:\/\/jundiai.sp.gov.br\/noticias\/wp-json\/wp\/v2\/posts\/120890","targetHints":{"allow":["GET"]}}],"collection":[{"href":"https:\/\/jundiai.sp.gov.br\/noticias\/wp-json\/wp\/v2\/posts"}],"about":[{"href":"https:\/\/jundiai.sp.gov.br\/noticias\/wp-json\/wp\/v2\/types\/post"}],"author":[{"embeddable":true,"href":"https:\/\/jundiai.sp.gov.br\/noticias\/wp-json\/wp\/v2\/users\/10"}],"replies":[{"embeddable":true,"href":"https:\/\/jundiai.sp.gov.br\/noticias\/wp-json\/wp\/v2\/comments?post=120890"}],"version-history":[{"count":13,"href":"https:\/\/jundiai.sp.gov.br\/noticias\/wp-json\/wp\/v2\/posts\/120890\/revisions"}],"predecessor-version":[{"id":121199,"href":"https:\/\/jundiai.sp.gov.br\/noticias\/wp-json\/wp\/v2\/posts\/120890\/revisions\/121199"}],"wp:featuredmedia":[{"embeddable":true,"href":"https:\/\/jundiai.sp.gov.br\/noticias\/wp-json\/wp\/v2\/media\/121195"}],"wp:attachment":[{"href":"https:\/\/jundiai.sp.gov.br\/noticias\/wp-json\/wp\/v2\/media?parent=120890"}],"wp:term":[{"taxonomy":"category","embeddable":true,"href":"https:\/\/jundiai.sp.gov.br\/noticias\/wp-json\/wp\/v2\/categories?post=120890"},{"taxonomy":"post_tag","embeddable":true,"href":"https:\/\/jundiai.sp.gov.br\/noticias\/wp-json\/wp\/v2\/tags?post=120890"},{"taxonomy":"ods","embeddable":true,"href":"https:\/\/jundiai.sp.gov.br\/noticias\/wp-json\/wp\/v2\/ods?post=120890"}],"curies":[{"name":"wp","href":"https:\/\/api.w.org\/{rel}","templated":true}]}}