{"id":121200,"date":"2015-03-03T13:34:58","date_gmt":"2015-03-03T16:34:58","guid":{"rendered":"https:\/\/jundiai.sp.gov.br\/noticias\/?p=121200"},"modified":"2016-11-04T11:17:55","modified_gmt":"2016-11-04T13:17:55","slug":"vagas-para-acunpuntura-na-faculdade-de-medicina-se-encerram-em-24-horas","status":"publish","type":"post","link":"https:\/\/jundiai.sp.gov.br\/noticias\/2015\/03\/03\/vagas-para-acunpuntura-na-faculdade-de-medicina-se-encerram-em-24-horas\/","title":{"rendered":"Vagas para acupuntura na FMJ s\u00e3o preenchidas em 24 horas"},"content":{"rendered":"<p><strong>Em aproximadamente 24 horas, a <a href=\"http:\/\/fmj.br\/\" target=\"_blank\">Faculdade de Medicina de Jundia\u00ed (FMJ)<\/a> atingiu o n\u00famero limite de vagas para o tratamento por acupuntura. Foram cadastrados mais de 200 pacientes novos que devem ser atendidos no ambulat\u00f3rio de especialidade nesses pr\u00f3ximos meses.<\/strong><\/p>\n<p>O <strong>preenchimento das vagas s\u00f3 foi poss\u00edvel gra\u00e7as \u00e0 colabora\u00e7\u00e3o dos meios de comunica\u00e7\u00e3o e da Prefeitura de Jundia\u00ed<\/strong>, que divulgaram a abertura do cadastramento.<\/p>\n<p><strong>MAIS SA\u00daDE<br \/>\n<a href=\"https:\/\/jundiai.sp.gov.br\/noticias\/2015\/03\/03\/ubs-santa-gertrudes-encerra-grupo-do-programa-antitabagista\/\" target=\"_blank\">UBS Santa Gertrudes encerra grupo do programa antitabagista<\/a><br \/>\n<a href=\"https:\/\/jundiai.sp.gov.br\/noticias\/2015\/03\/02\/prefeitura-inicia-nesta-terca-3-campanha-de-vacinacao-contra-hpv\/\" target=\"_blank\">Prefeitura inicia nesta ter\u00e7a (3) campanha de vacina\u00e7\u00e3o contra HPV<\/a><\/strong><\/p>\n<p>Os profissionais de sa\u00fade  que far\u00e3o o atendimento s\u00e3o: Jos\u00e9 Luiz Milani, Ary Soares Sobrinho, Vania M. A. Borgonovi Gavros, Ronaldo Moises J\u00fanior, Maria Virginia Ludke de Oliveira e o coordenador da equipe, Jorge Fujio. <\/p>\n<p>O atendimento ser\u00e1 feito \u00e0s<strong> segundas, ter\u00e7as ou quintas-feiras, a partir das 16h30<\/strong>, na rua Francisco Telles, 222, Vila Arens. O <strong>tratamento dever\u00e1 durar no m\u00e1ximo 10 sess\u00f5es<\/strong>. A <strong>\u00fanica despesa do paciente \u00e9 com as agulhas que ser\u00e3o utilizadas<\/strong>.<\/p>\n<p>Os pacientes cadastrados ser\u00e3o convocados por telefone, conforme a disponibilidade de vagas. Os novos pacientes procuraram essa especialidade por conta de problemas como: distens\u00e3o muscular, dor na cervical, dor na coluna e na lombar, psor\u00edases, acne, asma, rinite, enxaqueca, hipertens\u00e3o, ansiedade, depress\u00e3o, ins\u00f4nia, entre outros.<\/p>\n<p>Os especialistas garantem que a<strong> t\u00e9cnica \u00e9 indicada para todos, por\u00e9m em alguns casos s\u00f3 a utiliza\u00e7\u00e3o da acupuntura n\u00e3o \u00e9 suficiente para resolver os problemas &#8211; a t\u00e9cnica precisa ser aliada a um tratamento convencional<\/strong>.<\/p>\n<p><strong><em>Assessoria de Imprensa FMJ<\/em><\/strong><\/p>\n","protected":false},"excerpt":{"rendered":"<p>Em aproximadamente 24 horas, a Faculdade de Medicina de Jundia\u00ed (FMJ) atingiu o n\u00famero limite de vagas para o tratamento por acupuntura. Foram cadastrados mais de 200 pacientes novos que devem ser atendidos no ambulat\u00f3rio de especialidade nesses pr\u00f3ximos meses. O preenchimento das vagas s\u00f3 foi poss\u00edvel gra\u00e7as \u00e0 colabora\u00e7\u00e3o dos meios de comunica\u00e7\u00e3o e [&hellip;]<\/p>\n","protected":false},"author":14,"featured_media":0,"comment_status":"closed","ping_status":"closed","sticky":false,"template":"","format":"standard","meta":{"footnotes":""},"categories":[2],"tags":[378,3],"ods":[],"class_list":["post-121200","post","type-post","status-publish","format-standard","hentry","category-noticias","tag-faculdade-de-medicina-de-jundiai-fmj","tag-saude"],"_links":{"self":[{"href":"https:\/\/jundiai.sp.gov.br\/noticias\/wp-json\/wp\/v2\/posts\/121200","targetHints":{"allow":["GET"]}}],"collection":[{"href":"https:\/\/jundiai.sp.gov.br\/noticias\/wp-json\/wp\/v2\/posts"}],"about":[{"href":"https:\/\/jundiai.sp.gov.br\/noticias\/wp-json\/wp\/v2\/types\/post"}],"author":[{"embeddable":true,"href":"https:\/\/jundiai.sp.gov.br\/noticias\/wp-json\/wp\/v2\/users\/14"}],"replies":[{"embeddable":true,"href":"https:\/\/jundiai.sp.gov.br\/noticias\/wp-json\/wp\/v2\/comments?post=121200"}],"version-history":[{"count":3,"href":"https:\/\/jundiai.sp.gov.br\/noticias\/wp-json\/wp\/v2\/posts\/121200\/revisions"}],"predecessor-version":[{"id":121211,"href":"https:\/\/jundiai.sp.gov.br\/noticias\/wp-json\/wp\/v2\/posts\/121200\/revisions\/121211"}],"wp:attachment":[{"href":"https:\/\/jundiai.sp.gov.br\/noticias\/wp-json\/wp\/v2\/media?parent=121200"}],"wp:term":[{"taxonomy":"category","embeddable":true,"href":"https:\/\/jundiai.sp.gov.br\/noticias\/wp-json\/wp\/v2\/categories?post=121200"},{"taxonomy":"post_tag","embeddable":true,"href":"https:\/\/jundiai.sp.gov.br\/noticias\/wp-json\/wp\/v2\/tags?post=121200"},{"taxonomy":"ods","embeddable":true,"href":"https:\/\/jundiai.sp.gov.br\/noticias\/wp-json\/wp\/v2\/ods?post=121200"}],"curies":[{"name":"wp","href":"https:\/\/api.w.org\/{rel}","templated":true}]}}