{"id":121682,"date":"2015-03-04T17:13:34","date_gmt":"2015-03-04T20:13:34","guid":{"rendered":"https:\/\/jundiai.sp.gov.br\/noticias\/?p=121682"},"modified":"2016-11-04T11:39:49","modified_gmt":"2016-11-04T13:39:49","slug":"prefeito-recebe-visita-de-senador-italiano-e-fala-em-estreitar-relacoes","status":"publish","type":"post","link":"https:\/\/jundiai.sp.gov.br\/noticias\/2015\/03\/04\/prefeito-recebe-visita-de-senador-italiano-e-fala-em-estreitar-relacoes\/","title":{"rendered":"Prefeito recebe visita de Senador Italiano e fala em estreitar rela\u00e7\u00f5es"},"content":{"rendered":"<p><strong>O prefeito Pedro Bigardi recebeu a visita do <a href=\"http:\/\/www.faustolongo.com\/\" target=\"_blank\">arquiteto e senador brasileiro no Parlamento Italiano, Fausto Longo<\/a>. O encontro, organizado pelo <a href=\"http:\/\/www.circolojundiai.com.br\/\" target=\"_blank\">Circolo Italiano di Jundia\u00ed<\/a>, foi realizado na manh\u00e3 desta quarta-feira (4), no gabinete do 8\u00ba andar do Pa\u00e7o Municipal. Participaram da conversa o secret\u00e1rio de <a href=\"http:\/\/cultura.jundiai.sp.gov.br\/\" target=\"_blank\">Cultura<\/a>, T\u00e9rcio Marinho, o diretor-presidente da <a href=\"http:\/\/escoladegoverno.jundiai.sp.gov.br\/\" target=\"_blank\">Escola de Governo e Gest\u00e3o do Munic\u00edpio de Jundia\u00ed (EGGMJ)<\/a>, Marcelo Lo Monaco, e representantes do Circolo.<\/strong><\/p>\n<p><strong>\u201c\u00c9 um prazer receber o senador Longo e estreitar esse relacionamento com a It\u00e1lia, de modo que seja poss\u00edvel gerar riqueza aqui e l\u00e1, com troca de experi\u00eancia, tecnologia e \u00e0 base de coopera\u00e7\u00e3o\u201d, disse Bigardi. <\/strong><\/p>\n<p><strong>LEIA TAMB\u00c9M<br \/>\n<a href=\"https:\/\/jundiai.sp.gov.br\/noticias\/2015\/02\/27\/filhas-reencontram-a-mae-apos-corrente-do-bem-em-jundiai\/\" target=\"_blank\">Filhas reencontram a m\u00e3e com \u2018Corrente do bem\u2019<\/a><br \/>\n<a href=\"https:\/\/jundiai.sp.gov.br\/noticias\/2015\/03\/02\/3a-semana-de-lingua-e-cultura-italiana-comeca-no-dia-9\/\" target=\"_blank\">3\u00aa Semana de L\u00edngua e Cultura Italiana come\u00e7a na segunda (9)<\/a><\/strong><\/p>\n<div id=\"attachment_121684\" style=\"width: 730px\" class=\"wp-caption aligncenter\"><a href=\"https:\/\/jundiai.sp.gov.br\/noticias\/wp-content\/uploads\/sites\/32\/2015\/03\/Visita_Senador_Italiano_ao_Prefeito_c_27_G.jpg\"><img loading=\"lazy\" decoding=\"async\" aria-describedby=\"caption-attachment-121684\" src=\"https:\/\/jundiai.sp.gov.br\/noticias\/wp-content\/uploads\/sites\/32\/2015\/03\/Visita_Senador_Italiano_ao_Prefeito_c_27_G-720x484.jpg\" alt=\"Fausto Longo se encanta com a quantidade de verde em Jundia\u00ed\" width=\"720\" height=\"484\" class=\"size-large wp-image-121684\" srcset=\"https:\/\/jundiai.sp.gov.br\/noticias\/wp-content\/uploads\/sites\/32\/2015\/03\/Visita_Senador_Italiano_ao_Prefeito_c_27_G-720x484.jpg 720w, https:\/\/jundiai.sp.gov.br\/noticias\/wp-content\/uploads\/sites\/32\/2015\/03\/Visita_Senador_Italiano_ao_Prefeito_c_27_G-300x202.jpg 300w, https:\/\/jundiai.sp.gov.br\/noticias\/wp-content\/uploads\/sites\/32\/2015\/03\/Visita_Senador_Italiano_ao_Prefeito_c_27_G.jpg 1240w\" sizes=\"auto, (max-width: 720px) 100vw, 720px\" \/><\/a><p id=\"caption-attachment-121684\" class=\"wp-caption-text\">Fausto Longo se encanta com a quantidade de verde em Jundia\u00ed<\/p><\/div>\n<p>O <strong>prefeito recebeu do senador um livro com a Constitui\u00e7\u00e3o Italiana<\/strong>, ilustrado por obras do Pal\u00e1cio Giustiniani, resid\u00eancia romana oficial do presidente do Senado, de onde \u2013 garantiu Longo &#8211; \u201co presidente italiano n\u00e3o raro costuma despachar\u201d. Depois, Bigardi ainda ganhou um broche que simboliza a presen\u00e7a italiana na Am\u00e9rica do Sul.<\/p>\n<p><strong>O senador<\/strong><br \/>\nNascido em Amparo e criado em Piracicaba, o <strong>representante brasileiro no parlamento italiano ficou surpreso com a vista da cidade<\/strong>. \u201cVeja s\u00f3 a quantidade de verde que tem aqui em Jundia\u00ed\u201d, disse.<\/p>\n<p>Bigardi e Longo falaram sobre <strong>pol\u00edtica e alguns dos principais desafios econ\u00f4micos mundiais, al\u00e9m de vislumbrarem parcerias que envolvam a pen\u00ednsula it\u00e1lica e a terra da uva<\/strong>. \u201cHoje, na It\u00e1lia, temos um \u00edndice de 18% de desempregados. O pa\u00eds passa por uma situa\u00e7\u00e3o dif\u00edcil e, posso afirmar, <strong>sonha se aproximar do Brasil por meio de novas parcerias que v\u00e3o ajudar na sa\u00edda da crise<\/strong>\u201d, garantiu o senador.<\/p>\n<p><strong>\u201cJundia\u00ed \u00e9 constantemente citada na It\u00e1lia como um dos maiores redutos italianos no Estado de S\u00e3o Paulo. \u00c9 uma cidade muito querida por eles\u201d, afirmou Longo, ratificando o convite a Bigardi para a <a href=\"http:\/\/www.expo2015.org\/en\/index.html?packedargs=op=changeLang\" target=\"_blank\">Expo Mil\u00e3o 2015<\/a>, evento que ocorre de maio a outubro em Mil\u00e3o, com o tema \u201cNutrir o planeta, energia para a vida\u201d.<\/strong>    <\/p>\n<p><strong>\u201cPor que n\u00e3o esticar a visita a Padova, cidade-irm\u00e3 de Jundia\u00ed?\u201d, sugeriu Longo, garantindo que Jundia\u00ed tem um \u201csoldado \u00e0 disposi\u00e7\u00e3o\u201d em Roma.<\/strong>      <\/p>\n<p><strong><em>Thiago Secco<br \/>\nFoto: Cleber de Almeida<\/em><\/strong><\/p>\n","protected":false},"excerpt":{"rendered":"<p>Fausto Longo ressaltou para Pedro Bigardi a fama que Jundia\u00ed goza na It\u00e1lia como um dos maiores redutos italianos no Estado<\/p>\n","protected":false},"author":14,"featured_media":121691,"comment_status":"closed","ping_status":"closed","sticky":false,"template":"","format":"standard","meta":{"footnotes":""},"categories":[2],"tags":[29,308,58],"ods":[],"class_list":["post-121682","post","type-post","status-publish","format-standard","has-post-thumbnail","hentry","category-noticias","tag-cultura","tag-escola-de-governo-e-gestao","tag-prefeito"],"_links":{"self":[{"href":"https:\/\/jundiai.sp.gov.br\/noticias\/wp-json\/wp\/v2\/posts\/121682","targetHints":{"allow":["GET"]}}],"collection":[{"href":"https:\/\/jundiai.sp.gov.br\/noticias\/wp-json\/wp\/v2\/posts"}],"about":[{"href":"https:\/\/jundiai.sp.gov.br\/noticias\/wp-json\/wp\/v2\/types\/post"}],"author":[{"embeddable":true,"href":"https:\/\/jundiai.sp.gov.br\/noticias\/wp-json\/wp\/v2\/users\/14"}],"replies":[{"embeddable":true,"href":"https:\/\/jundiai.sp.gov.br\/noticias\/wp-json\/wp\/v2\/comments?post=121682"}],"version-history":[{"count":3,"href":"https:\/\/jundiai.sp.gov.br\/noticias\/wp-json\/wp\/v2\/posts\/121682\/revisions"}],"predecessor-version":[{"id":121692,"href":"https:\/\/jundiai.sp.gov.br\/noticias\/wp-json\/wp\/v2\/posts\/121682\/revisions\/121692"}],"wp:featuredmedia":[{"embeddable":true,"href":"https:\/\/jundiai.sp.gov.br\/noticias\/wp-json\/wp\/v2\/media\/121691"}],"wp:attachment":[{"href":"https:\/\/jundiai.sp.gov.br\/noticias\/wp-json\/wp\/v2\/media?parent=121682"}],"wp:term":[{"taxonomy":"category","embeddable":true,"href":"https:\/\/jundiai.sp.gov.br\/noticias\/wp-json\/wp\/v2\/categories?post=121682"},{"taxonomy":"post_tag","embeddable":true,"href":"https:\/\/jundiai.sp.gov.br\/noticias\/wp-json\/wp\/v2\/tags?post=121682"},{"taxonomy":"ods","embeddable":true,"href":"https:\/\/jundiai.sp.gov.br\/noticias\/wp-json\/wp\/v2\/ods?post=121682"}],"curies":[{"name":"wp","href":"https:\/\/api.w.org\/{rel}","templated":true}]}}