{"id":122774,"date":"2015-03-10T11:24:29","date_gmt":"2015-03-10T14:24:29","guid":{"rendered":"https:\/\/jundiai.sp.gov.br\/noticias\/?p=122774"},"modified":"2016-11-04T11:21:13","modified_gmt":"2016-11-04T13:21:13","slug":"3a-semana-do-consumidor-e-aberta-com-palestra-na-unianchieta","status":"publish","type":"post","link":"https:\/\/jundiai.sp.gov.br\/noticias\/2015\/03\/10\/3a-semana-do-consumidor-e-aberta-com-palestra-na-unianchieta\/","title":{"rendered":"3\u00aa Semana do Consumidor \u00e9 aberta com palestra"},"content":{"rendered":"<p><strong>Os direitos e deveres do consumidor banc\u00e1rio foram os assuntos abordados na palestra que abriu a 3\u00aa Semana do Consumidor, na noite dessa segunda-feira (9), no audit\u00f3rio do Centro Universit\u00e1rio Padre Anchieta (Unianchieta). O evento \u00e9 organizado pelo <a href=\"http:\/\/www.procon.sp.gov.br\/texto.asp?id=202\" target=\"_blank\">Procon Jundia\u00ed<\/a>.<\/strong><\/p>\n<p>Segundo o coordenador do Procon, Ad\u00edlton Garcia, a <strong>atividade \u00e9 uma das celebra\u00e7\u00f5es em comemora\u00e7\u00e3o ao Dia Mundial do Consumidor, festejado dia 15 deste m\u00eas<\/strong>. \u201cE preparamos uma semana para levar <strong>informa\u00e7\u00e3o, servi\u00e7os e palestras para todos os p\u00fablicos consumidores<\/strong>\u201d, explica, ao defender o slogan <strong>Consumidor bem informado \u00e9 consumidor consciente<\/strong>.<\/p>\n<p><strong>LEIA TAMB\u00c9M<br \/>\n<a href=\"https:\/\/jundiai.sp.gov.br\/noticias\/2015\/03\/09\/3a-semana-da-lingua-e-cultura-italiana-e-aberta\/\" target=\"_blank\">3\u00aa Semana da L\u00edngua e Cultura Italiana \u00e9 aberta<\/a><br \/>\n<a href=\"https:\/\/jundiai.sp.gov.br\/noticias\/2015\/03\/09\/vao-comecar-as-oficinas-do-plano-diretor-participativo\/\" target=\"_blank\">V\u00e3o come\u00e7ar as oficinas do Plano Diretor Participativo<\/a><\/strong><\/p>\n<div id=\"attachment_123310\" style=\"width: 730px\" class=\"wp-caption aligncenter\"><a href=\"https:\/\/jundiai.sp.gov.br\/noticias\/wp-content\/uploads\/sites\/32\/2015\/03\/abertura_semana_consumidor_P_38G.jpg\"><img loading=\"lazy\" decoding=\"async\" aria-describedby=\"caption-attachment-123310\" src=\"https:\/\/jundiai.sp.gov.br\/noticias\/wp-content\/uploads\/sites\/32\/2015\/03\/abertura_semana_consumidor_P_38G-720x431.jpg\" alt=\"Ad\u00edlton Garcia, a atividade \u00e9 uma das celebra\u00e7\u00f5es em comemora\u00e7\u00e3o ao Dia Mundial do Consumidor,\" width=\"720\" height=\"431\" class=\"size-large wp-image-123310\" srcset=\"https:\/\/jundiai.sp.gov.br\/noticias\/wp-content\/uploads\/sites\/32\/2015\/03\/abertura_semana_consumidor_P_38G-720x431.jpg 720w, https:\/\/jundiai.sp.gov.br\/noticias\/wp-content\/uploads\/sites\/32\/2015\/03\/abertura_semana_consumidor_P_38G-300x179.jpg 300w, https:\/\/jundiai.sp.gov.br\/noticias\/wp-content\/uploads\/sites\/32\/2015\/03\/abertura_semana_consumidor_P_38G.jpg 1240w\" sizes=\"auto, (max-width: 720px) 100vw, 720px\" \/><\/a><p id=\"caption-attachment-123310\" class=\"wp-caption-text\">Ad\u00edlton Garcia: atividade \u00e9 uma das celebra\u00e7\u00f5es em comemora\u00e7\u00e3o ao Dia Mundial do Consumidor<\/p><\/div>\n<p>Com o anfiteatro do Unianchieta lotado, o palestrante Di\u00f3genes Donizete Silva, coordenador do N\u00facleo de Trabalho do Superendividamento, orientou os alunos e professores dos cursos de direito, engenharia, administra\u00e7\u00e3o, recursos humanos e ci\u00eancias econ\u00f4micas em <strong>como utilizar dos direitos banc\u00e1rios pautados na Lei do Consumidor e nas diretrizes do Banco Central<\/strong>.<\/p>\n<p>\u201cMuita gente desconhece que n\u00e3o \u00e9 obrigat\u00f3rio o pagamento das taxas de contas banc\u00e1rias, desde que n\u00e3o ultrapasse os servi\u00e7os j\u00e1 oferecidos. Por exemplo, depois de sacar quatro vezes ao m\u00eas, o quinto saque voc\u00ea ter\u00e1 de pagar. Mas tudo \u00e9 quest\u00e3o de se organizar\u201d, diz.<\/p>\n<p>Dica que a estudante de engenharia de alimentos Eunice Viviane Oliveira n\u00e3o sabia. \u201cCom certeza vou buscar os meus direitos, porque os bancos nem sequer oferecem essa op\u00e7\u00e3o\u201d, disse. A estudante inclusive j\u00e1 teve problemas com d\u00edvidas e disse que aprendeu a li\u00e7\u00e3o. \u201cParticipei de um mutir\u00e3o de negocia\u00e7\u00e3o e consegui eliminar as minhas contas e limpar o meu nome\u201d.<\/p>\n<p>Al\u00e9m do coordenador do Procon Jundia\u00ed, a mesa tamb\u00e9m foi composta por Jo\u00e3o Guilherme Rodrigues, coordenador geral dos cursos, que representou o Centro Universit\u00e1rio Padre Anchieta; Jos\u00e9 Antonio de Oliveira Junior, secret\u00e1rio executivo do F\u00f3rum de Procons Paulistas; Domingos Paes Vieira Filho, coordenador do Procon de Sorocaba; e Aline Favorito, coordenadora do Procon de Itatiba.<\/p>\n<p><strong>Programa\u00e7\u00e3o<\/strong><br \/>\nNesta <strong>ter\u00e7a-feira (10)<\/strong>, o Procon promove <strong>teatro infantil na Emeb Prof. Jos\u00e9 Leme do Prado, \u00e0s 10h e \u00e0s 14h<\/strong>, com Leda Carolina de Faleiros Costa abordando o tema \u201cNossa \u00c1gua\u201d.<\/p>\n<p>Na <strong>quarta (11)<\/strong> o coordenador <strong>Ad\u00edlton faz uma palestra aos empres\u00e1rios no Centro das Ind\u00fastrias do Estado de S\u00e3o Paulo (Ciesp)<\/strong> para apresentar a ferramenta <strong><a href=\"https:\/\/www.consumidor.gov.br\/pages\/principal\/?1425997183045\" target=\"_blank\">Consumidor.gov.br<\/a><\/strong>. Na <strong>quinta-feira (12)<\/strong> \u00e9 a vez dos <strong>alunos da Universidade Paulista (Unip)<\/strong> receberem a palestra sobre os direitos e deveres do consumidor banc\u00e1rio.<\/p>\n<p>E na <strong>sexta (13) <\/strong>ocorre o <strong>encerramento<\/strong> da terceira edi\u00e7\u00e3o da Semana do Consumidor com a presen\u00e7a da viatura do <strong>Procon nos Bairros, das 8h30 \u00e0s 16h, na Pra\u00e7a Governador Pedro de Toledo (Pra\u00e7a da Matriz)<\/strong> para realizar <strong>atendimento ao cidad\u00e3o e distribui\u00e7\u00e3o de material impresso sobre direitos e deveres do consumidor<\/strong>.<\/p>\n<div id=\"attachment_122777\" style=\"width: 730px\" class=\"wp-caption aligncenter\"><a href=\"https:\/\/jundiai.sp.gov.br\/noticias\/wp-content\/uploads\/sites\/32\/2015\/03\/abertura_semana_consumidor_P_58G.jpg\"><img loading=\"lazy\" decoding=\"async\" aria-describedby=\"caption-attachment-122777\" src=\"https:\/\/jundiai.sp.gov.br\/noticias\/wp-content\/uploads\/sites\/32\/2015\/03\/abertura_semana_consumidor_P_58G-720x551.jpg\" alt=\"Eunice (esquerda.): surpresa com informa\u00e7\u00f5es\" width=\"720\" height=\"551\" class=\"size-large wp-image-122777\" srcset=\"https:\/\/jundiai.sp.gov.br\/noticias\/wp-content\/uploads\/sites\/32\/2015\/03\/abertura_semana_consumidor_P_58G-720x551.jpg 720w, https:\/\/jundiai.sp.gov.br\/noticias\/wp-content\/uploads\/sites\/32\/2015\/03\/abertura_semana_consumidor_P_58G-300x229.jpg 300w, https:\/\/jundiai.sp.gov.br\/noticias\/wp-content\/uploads\/sites\/32\/2015\/03\/abertura_semana_consumidor_P_58G.jpg 1240w\" sizes=\"auto, (max-width: 720px) 100vw, 720px\" \/><\/a><p id=\"caption-attachment-122777\" class=\"wp-caption-text\">Eunice (esquerda.): surpresa com informa\u00e7\u00f5es<\/p><\/div>\n<p><strong><em>Kadija Rodrigues<br \/>\nFotos: Paulo Gr\u00e9gio<\/em><\/strong><\/p>\n","protected":false},"excerpt":{"rendered":"<p>Programa\u00e7\u00e3o continua at\u00e9 sexta (13) com teatro infantil, palestra a universit\u00e1rios e a viatura m\u00f3vel do Procon nos Bairros<\/p>\n","protected":false},"author":14,"featured_media":122775,"comment_status":"closed","ping_status":"closed","sticky":false,"template":"","format":"standard","meta":{"footnotes":""},"categories":[2],"tags":[552,33,489,551],"ods":[],"class_list":["post-122774","post","type-post","status-publish","format-standard","has-post-thumbnail","hentry","category-noticias","tag-3a-semana-do-consumidor","tag-procon","tag-procon-nos-bairros","tag-semana-do-consumidor"],"_links":{"self":[{"href":"https:\/\/jundiai.sp.gov.br\/noticias\/wp-json\/wp\/v2\/posts\/122774","targetHints":{"allow":["GET"]}}],"collection":[{"href":"https:\/\/jundiai.sp.gov.br\/noticias\/wp-json\/wp\/v2\/posts"}],"about":[{"href":"https:\/\/jundiai.sp.gov.br\/noticias\/wp-json\/wp\/v2\/types\/post"}],"author":[{"embeddable":true,"href":"https:\/\/jundiai.sp.gov.br\/noticias\/wp-json\/wp\/v2\/users\/14"}],"replies":[{"embeddable":true,"href":"https:\/\/jundiai.sp.gov.br\/noticias\/wp-json\/wp\/v2\/comments?post=122774"}],"version-history":[{"count":6,"href":"https:\/\/jundiai.sp.gov.br\/noticias\/wp-json\/wp\/v2\/posts\/122774\/revisions"}],"predecessor-version":[{"id":123312,"href":"https:\/\/jundiai.sp.gov.br\/noticias\/wp-json\/wp\/v2\/posts\/122774\/revisions\/123312"}],"wp:featuredmedia":[{"embeddable":true,"href":"https:\/\/jundiai.sp.gov.br\/noticias\/wp-json\/wp\/v2\/media\/122775"}],"wp:attachment":[{"href":"https:\/\/jundiai.sp.gov.br\/noticias\/wp-json\/wp\/v2\/media?parent=122774"}],"wp:term":[{"taxonomy":"category","embeddable":true,"href":"https:\/\/jundiai.sp.gov.br\/noticias\/wp-json\/wp\/v2\/categories?post=122774"},{"taxonomy":"post_tag","embeddable":true,"href":"https:\/\/jundiai.sp.gov.br\/noticias\/wp-json\/wp\/v2\/tags?post=122774"},{"taxonomy":"ods","embeddable":true,"href":"https:\/\/jundiai.sp.gov.br\/noticias\/wp-json\/wp\/v2\/ods?post=122774"}],"curies":[{"name":"wp","href":"https:\/\/api.w.org\/{rel}","templated":true}]}}