{"id":124519,"date":"2015-03-12T16:57:43","date_gmt":"2015-03-12T19:57:43","guid":{"rendered":"https:\/\/jundiai.sp.gov.br\/noticias\/?p=124519"},"modified":"2016-11-04T11:25:02","modified_gmt":"2016-11-04T13:25:02","slug":"biblioteca-sedia-encontro-de-jogos-alem-do-muro-no-sabado-21","status":"publish","type":"post","link":"https:\/\/jundiai.sp.gov.br\/noticias\/2015\/03\/12\/biblioteca-sedia-encontro-de-jogos-alem-do-muro-no-sabado-21\/","title":{"rendered":"Biblioteca sedia encontro de jogos &#8216;Al\u00e9m do Muro&#8217; no dia 21"},"content":{"rendered":"<p><strong>A <a href=\"https:\/\/jundiai.sp.gov.br\/educacao\/complexo-argos\/biblioteca-publica-municipal-prof-nelson-foot\/\" target=\"_blank\">Biblioteca Municipal Professor Nelson Foot<\/a> sedia no s\u00e1bado (21) o 24\u00ba Encontro de Jogos Al\u00e9m do Muro. O evento \u00e9 uma realiza\u00e7\u00e3o do grupo <a href=\"https:\/\/www.facebook.com\/grupoalemdomuro\" target=\"_blank\">Al\u00e9m do Muro<\/a>, em parceria com a Prefeitura de Jundia\u00ed. A entrada \u00e9 gratuita.<\/strong><\/p>\n<p>As atividades come\u00e7am \u00e0s <strong>11h com o pr\u00e9-lan\u00e7amento do livro \u201cO Mago de Naminaroth e A F\u00eanix\u201d<\/strong>, de Bruno Davi Kretzmann. Na sequ\u00eancia, o autor participar\u00e1 de um<strong> bate-papo com os participantes<\/strong> e de uma <strong>sess\u00e3o de aut\u00f3grafos<\/strong>.<\/p>\n<p><strong>LEIA TAMB\u00c9M<br \/>\n<a href=\"https:\/\/jundiai.sp.gov.br\/noticias\/2015\/03\/11\/semana-de-lingua-e-cultura-italiana-recebe-professores-da-italia\/\" target=\"_blank\">Semana de L\u00edngua e Cultura Italiana recebe professores da It\u00e1lia<\/a><\/strong><\/p>\n<div id=\"attachment_124527\" style=\"width: 730px\" class=\"wp-caption aligncenter\"><a href=\"https:\/\/jundiai.sp.gov.br\/noticias\/wp-content\/uploads\/sites\/32\/2015\/03\/biblioteca_12G.jpg\"><img loading=\"lazy\" decoding=\"async\" aria-describedby=\"caption-attachment-124527\" class=\"size-large wp-image-124527\" src=\"https:\/\/jundiai.sp.gov.br\/noticias\/wp-content\/uploads\/sites\/32\/2015\/03\/biblioteca_12G-720x480.jpg\" alt=\"Atividades incluem partidas de RPG e tabuleiros modernos\" width=\"720\" height=\"480\" srcset=\"https:\/\/jundiai.sp.gov.br\/noticias\/wp-content\/uploads\/sites\/32\/2015\/03\/biblioteca_12G-720x480.jpg 720w, https:\/\/jundiai.sp.gov.br\/noticias\/wp-content\/uploads\/sites\/32\/2015\/03\/biblioteca_12G-300x200.jpg 300w, https:\/\/jundiai.sp.gov.br\/noticias\/wp-content\/uploads\/sites\/32\/2015\/03\/biblioteca_12G.jpg 1240w\" sizes=\"auto, (max-width: 720px) 100vw, 720px\" \/><\/a><p id=\"caption-attachment-124527\" class=\"wp-caption-text\">Atividades incluem partidas de RPG e tabuleiros modernos<\/p><\/div>\n<p>A partir das <strong>13h<\/strong>, o grupo inicia as <strong>partidas de RPG e de tabuleiros modernos<\/strong>. O encontro tamb\u00e9m deve reunir a <strong>comunidade de jogadores de Nintendo 3DS e lojas especializadas no mundo de games<\/strong>. Ainda haver\u00e1 a <strong>distribui\u00e7\u00e3o de Pok\u00e9mons, troca, e a arrecada\u00e7\u00e3o de hist\u00f3rias quadrinhos para doa\u00e7\u00e3o<\/strong>.<\/p>\n<p>O grupo \u201cAl\u00e9m do Muro\u201d foi criado em 2008 e desde ent\u00e3o vem expandindo os horizontes da cultura pop e geek na regi\u00e3o. O \u00faltimo evento foi realizado em fevereiro, com mais de 150 amantes de jogos.<\/p>\n<p>A biblioteca fica no Complexo Argos, localizado na avenida Dr. Cavacante, 396, Vila Arens.<\/p>\n<p><strong><em>Roberta de S\u00e1<br \/>\nFoto: Arquivo PMJ<\/em><\/strong><\/p>\n<p><strong>Assista \u00e0 reportagem da TVE Jundia\u00ed<\/strong><br \/>\n<iframe loading=\"lazy\" src=\"https:\/\/www.youtube.com\/embed\/eBzv6LyU_1I\" width=\"420\" height=\"315\" frameborder=\"0\" allowfullscreen=\"allowfullscreen\"><\/iframe><\/p>\n","protected":false},"excerpt":{"rendered":"<p>A Biblioteca Municipal Professor Nelson Foot sedia no s\u00e1bado (21) o 24\u00ba Encontro de Jogos Al\u00e9m do Muro. O evento \u00e9 uma realiza\u00e7\u00e3o do grupo Al\u00e9m do Muro, em parceria com a Prefeitura de Jundia\u00ed. A entrada \u00e9 gratuita. As atividades come\u00e7am \u00e0s 11h com o pr\u00e9-lan\u00e7amento do livro \u201cO Mago de Naminaroth e A [&hellip;]<\/p>\n","protected":false},"author":14,"featured_media":0,"comment_status":"closed","ping_status":"closed","sticky":false,"template":"","format":"standard","meta":{"footnotes":""},"categories":[2],"tags":[505,6],"ods":[],"class_list":["post-124519","post","type-post","status-publish","format-standard","hentry","category-noticias","tag-biblioteca-municipal-professor-nelson-foot","tag-educacao"],"_links":{"self":[{"href":"https:\/\/jundiai.sp.gov.br\/noticias\/wp-json\/wp\/v2\/posts\/124519","targetHints":{"allow":["GET"]}}],"collection":[{"href":"https:\/\/jundiai.sp.gov.br\/noticias\/wp-json\/wp\/v2\/posts"}],"about":[{"href":"https:\/\/jundiai.sp.gov.br\/noticias\/wp-json\/wp\/v2\/types\/post"}],"author":[{"embeddable":true,"href":"https:\/\/jundiai.sp.gov.br\/noticias\/wp-json\/wp\/v2\/users\/14"}],"replies":[{"embeddable":true,"href":"https:\/\/jundiai.sp.gov.br\/noticias\/wp-json\/wp\/v2\/comments?post=124519"}],"version-history":[{"count":5,"href":"https:\/\/jundiai.sp.gov.br\/noticias\/wp-json\/wp\/v2\/posts\/124519\/revisions"}],"predecessor-version":[{"id":160725,"href":"https:\/\/jundiai.sp.gov.br\/noticias\/wp-json\/wp\/v2\/posts\/124519\/revisions\/160725"}],"wp:attachment":[{"href":"https:\/\/jundiai.sp.gov.br\/noticias\/wp-json\/wp\/v2\/media?parent=124519"}],"wp:term":[{"taxonomy":"category","embeddable":true,"href":"https:\/\/jundiai.sp.gov.br\/noticias\/wp-json\/wp\/v2\/categories?post=124519"},{"taxonomy":"post_tag","embeddable":true,"href":"https:\/\/jundiai.sp.gov.br\/noticias\/wp-json\/wp\/v2\/tags?post=124519"},{"taxonomy":"ods","embeddable":true,"href":"https:\/\/jundiai.sp.gov.br\/noticias\/wp-json\/wp\/v2\/ods?post=124519"}],"curies":[{"name":"wp","href":"https:\/\/api.w.org\/{rel}","templated":true}]}}