{"id":125826,"date":"2015-03-17T15:44:09","date_gmt":"2015-03-17T18:44:09","guid":{"rendered":"https:\/\/jundiai.sp.gov.br\/noticias\/?p=125826"},"modified":"2016-11-04T11:25:09","modified_gmt":"2016-11-04T13:25:09","slug":"dia-do-teatro-e-do-circo-inscricoes-ate-esta-quarta-18","status":"publish","type":"post","link":"https:\/\/jundiai.sp.gov.br\/noticias\/2015\/03\/17\/dia-do-teatro-e-do-circo-inscricoes-ate-esta-quarta-18\/","title":{"rendered":"Dia do Teatro e do Circo: inscri\u00e7\u00f5es at\u00e9 esta quarta (18)"},"content":{"rendered":"<div id=\"attachment_123919\" style=\"width: 390px\" class=\"wp-caption alignleft\"><a href=\"https:\/\/jundiai.sp.gov.br\/noticias\/wp-content\/uploads\/sites\/32\/2014\/03\/Apresenta\u00e7\u00f5es-art\u00edsticas-marcam-Dia-do-Teatro-e-do-Circo-1.jpg\"><img loading=\"lazy\" decoding=\"async\" aria-describedby=\"caption-attachment-123919\" class=\"size-large wp-image-123919\" src=\"https:\/\/jundiai.sp.gov.br\/noticias\/wp-content\/uploads\/sites\/32\/2014\/03\/Apresenta\u00e7\u00f5es-art\u00edsticas-marcam-Dia-do-Teatro-e-do-Circo-1-640x960.jpg\" alt=\"Projeto Cubo M\u00e1gico abriu as apresenta\u00e7\u00f5es\" width=\"380\" height=\"410\" \/><\/a><p id=\"caption-attachment-123919\" class=\"wp-caption-text\">Projeto Cubo M\u00e1gico abriu as apresenta\u00e7\u00f5es<\/p><\/div>\n<p><strong>A <a href=\"http:\/\/cultura.jundiai.sp.gov.br\/\" target=\"_blank\">Secretaria de Cultura<\/a> recebe at\u00e9 esta quarta-feira (18) as inscri\u00e7\u00f5es para apresenta\u00e7\u00f5es de grupos ou artistas individuais jundiaienses que queiram atuar no Dia do Teatro e Circo, comemorado na sexta (27). As performances ser\u00e3o apresentadas na pra\u00e7a Governador Pedro de Toledo e marquise da Casa da Cultura, no Centro, das 11h \u00e0s 14h, e no <a href=\"http:\/\/cultura.jundiai.sp.gov.br\/espacos-culturais\/teatro-polytheama\/\" target=\"_blank\">Teatro Polytheama<\/a>, a partir das 19h.<\/strong><\/p>\n<p><strong>MAIS CULTURA<br \/>\n<a href=\"https:\/\/jundiai.sp.gov.br\/noticias\/2015\/03\/16\/museu-historico-e-cultural-comemora-50-anos-de-fundacao\/\" target=\"_blank\">Museu Hist\u00f3rico comemora 50 anos<\/a><br \/>\n<a href=\"https:\/\/jundiai.sp.gov.br\/noticias\/2015\/03\/17\/inscricoes-da-eleicao-do-compac-terminam-nesta-quarta-18\/\" target=\"_blank\">Inscri\u00e7\u00f5es do Compac terminam na quarta<\/a><\/strong><\/p>\n<p>Os grupos e artistas podem inscrever <strong>projetos de apresenta\u00e7\u00f5es teatrais e interven\u00e7\u00f5es de rua e circo<\/strong> com dura\u00e7\u00e3o de 10 a 15 minutos. As iniciativas devem ser de f\u00e1cil montagem e com ilumina\u00e7\u00e3o b\u00e1sica.<\/p>\n<p><strong><a href=\"https:\/\/jundiai.sp.gov.br\/noticias\/2014\/03\/27\/apresentacoes-artisticas-marcam-dia-do-teatro-e-do-circo\/\" target=\"_blank\">No ano passado, quem passou pela pra\u00e7a Governador Pedro de Toledo, dia 27 de mar\u00e7o, se surpreendeu com as interven\u00e7\u00f5es art\u00edsticas<\/a><\/strong>. No total foram <strong>12 grupos<\/strong> que se intercalaram em performances circenses e teatrais das mais variadas vertentes.<\/p>\n<p><strong>Inscri\u00e7\u00f5es<\/strong><br \/>\nOs interessados devem se inscrever at\u00e9 quarta (18) na Casa da Cultura &#8211; rua Bar\u00e3o de Jundia\u00ed, 868, Centro, das 8h \u00e0s 18h. \u00c9 preciso apresentar <strong>ficha de inscri\u00e7\u00e3o preenchida, rider t\u00e9cnico, release, curr\u00edculo dos participantes e fotos<\/strong>.<\/p>\n<p><strong><a href=\"https:\/\/jundiai.sp.gov.br\/noticias\/wp-content\/uploads\/sites\/32\/2015\/03\/INSCRI%C3%87%C3%83O-DIA-DO-TEATRO-E-DO-CIRCO-2015.pdf\" target=\"_blank\">CONFIRA A FICHA DE INSCRI\u00c7\u00c3O<\/a><\/strong><\/p>\n<p>A <strong>lista dos inscritos ser\u00e1 publicada na <a href=\"http:\/\/imprensaoficial.jundiai.sp.gov.br\/\" target=\"_blank\">Imprensa Oficial<\/a> de 20 de mar\u00e7o de 2015<\/strong>. Neste mesmo dia, <strong>todos os inscritos participar\u00e3o de uma reuni\u00e3o, \u00e0s 19h30, na Casa da Cultura, para definir a programa\u00e7\u00e3o do evento. Mais informa\u00e7\u00f5es no (11) 4521 \u2013 6193 com Reviany ou Carina.<\/strong><\/p>\n<p><strong><em>Assessoria de Imprensa<br \/>\nFoto: Arquivo PMJ<\/em><\/strong><\/p>\n<p><strong>Assista \u00e0 reportagem da TVE Jundia\u00ed<\/strong><br \/>\n<iframe loading=\"lazy\" src=\"https:\/\/www.youtube.com\/embed\/C9nk8lh-TL0\" width=\"420\" height=\"315\" frameborder=\"0\" allowfullscreen=\"allowfullscreen\"><\/iframe><\/p>\n","protected":false},"excerpt":{"rendered":"<p>Performances ser\u00e3o apresentadas na pra\u00e7a da Matriz, na marquise da Casa da Cultura e no Teatro Polytheama<\/p>\n","protected":false},"author":14,"featured_media":125859,"comment_status":"closed","ping_status":"closed","sticky":false,"template":"","format":"standard","meta":{"footnotes":""},"categories":[2],"tags":[29,98],"ods":[],"class_list":["post-125826","post","type-post","status-publish","format-standard","has-post-thumbnail","hentry","category-noticias","tag-cultura","tag-teatro-polytheama"],"_links":{"self":[{"href":"https:\/\/jundiai.sp.gov.br\/noticias\/wp-json\/wp\/v2\/posts\/125826","targetHints":{"allow":["GET"]}}],"collection":[{"href":"https:\/\/jundiai.sp.gov.br\/noticias\/wp-json\/wp\/v2\/posts"}],"about":[{"href":"https:\/\/jundiai.sp.gov.br\/noticias\/wp-json\/wp\/v2\/types\/post"}],"author":[{"embeddable":true,"href":"https:\/\/jundiai.sp.gov.br\/noticias\/wp-json\/wp\/v2\/users\/14"}],"replies":[{"embeddable":true,"href":"https:\/\/jundiai.sp.gov.br\/noticias\/wp-json\/wp\/v2\/comments?post=125826"}],"version-history":[{"count":10,"href":"https:\/\/jundiai.sp.gov.br\/noticias\/wp-json\/wp\/v2\/posts\/125826\/revisions"}],"predecessor-version":[{"id":160723,"href":"https:\/\/jundiai.sp.gov.br\/noticias\/wp-json\/wp\/v2\/posts\/125826\/revisions\/160723"}],"wp:featuredmedia":[{"embeddable":true,"href":"https:\/\/jundiai.sp.gov.br\/noticias\/wp-json\/wp\/v2\/media\/125859"}],"wp:attachment":[{"href":"https:\/\/jundiai.sp.gov.br\/noticias\/wp-json\/wp\/v2\/media?parent=125826"}],"wp:term":[{"taxonomy":"category","embeddable":true,"href":"https:\/\/jundiai.sp.gov.br\/noticias\/wp-json\/wp\/v2\/categories?post=125826"},{"taxonomy":"post_tag","embeddable":true,"href":"https:\/\/jundiai.sp.gov.br\/noticias\/wp-json\/wp\/v2\/tags?post=125826"},{"taxonomy":"ods","embeddable":true,"href":"https:\/\/jundiai.sp.gov.br\/noticias\/wp-json\/wp\/v2\/ods?post=125826"}],"curies":[{"name":"wp","href":"https:\/\/api.w.org\/{rel}","templated":true}]}}