{"id":125981,"date":"2015-03-17T17:38:21","date_gmt":"2015-03-17T20:38:21","guid":{"rendered":"https:\/\/jundiai.sp.gov.br\/noticias\/?p=125981"},"modified":"2016-11-04T11:25:19","modified_gmt":"2016-11-04T13:25:19","slug":"novo-superintendente-da-fumas-e-anunciado-em-coletiva","status":"publish","type":"post","link":"https:\/\/jundiai.sp.gov.br\/noticias\/2015\/03\/17\/novo-superintendente-da-fumas-e-anunciado-em-coletiva\/","title":{"rendered":"Novo superintendente da Fumas \u00e9 anunciado em coletiva"},"content":{"rendered":"<p><strong>O prefeito Pedro Bigardi anunciou em coletiva na manh\u00e3 desta ter\u00e7a-feira (17) uma mudan\u00e7a na superintend\u00eancia da <a href=\"http:\/\/fumas.jundiai.sp.gov.br\/\" target=\"_blank\">Funda\u00e7\u00e3o Municipal de A\u00e7\u00e3o Social (Fumas)<\/a>. A partir desta sexta (20), o advogado e consultor Rodrigo Mendes Pereira deixa o posto e vai ser substitu\u00eddo por Waldemar Foelkel, o Cabelo, advogado, docente e membro da diretoria da Faculdade Padre Anchieta.<\/strong> <\/p>\n<p>Bigardi explicou que Rodrigo havia feito o pedido de desligamento no fim de 2014, pela incompatibilidade de conciliar o tempo entre a confec\u00e7\u00e3o da tese de doutorado e o trabalho desenvolvido \u00e0 frente da Funda\u00e7\u00e3o.<\/p>\n<p><strong>LEIA TAMB\u00c9M<br \/>\n<a href=\"https:\/\/jundiai.sp.gov.br\/noticias\/2015\/03\/13\/fumas-lanca-programa-leitura-no-jardim-sorocabana\/\" target=\"_blank\">Fumas lan\u00e7a Programa Leitura no Jardim Sorocabana<\/a><br \/>\n<a href=\"https:\/\/jundiai.sp.gov.br\/noticias\/2015\/03\/07\/fumas-orienta-moradores-do-novo-horizonte-sobre-atualizacao-cadastral\/\" target=\"_blank\">Fumas orienta moradores do Novo Horizonte cadastro<\/a><\/strong><\/p>\n<div id=\"attachment_125982\" style=\"width: 730px\" class=\"wp-caption aligncenter\"><a href=\"https:\/\/jundiai.sp.gov.br\/noticias\/wp-content\/uploads\/sites\/32\/2015\/03\/cabelo_superintendente_fumas_A_42G.jpg\"><img loading=\"lazy\" decoding=\"async\" aria-describedby=\"caption-attachment-125982\" src=\"https:\/\/jundiai.sp.gov.br\/noticias\/wp-content\/uploads\/sites\/32\/2015\/03\/cabelo_superintendente_fumas_A_42G-720x441.jpg\" alt=\"An\u00fancio foi feito na manh\u00e3 desta ter\u00e7a-feira (17)\" width=\"720\" height=\"441\" class=\"size-large wp-image-125982\" srcset=\"https:\/\/jundiai.sp.gov.br\/noticias\/wp-content\/uploads\/sites\/32\/2015\/03\/cabelo_superintendente_fumas_A_42G-720x441.jpg 720w, https:\/\/jundiai.sp.gov.br\/noticias\/wp-content\/uploads\/sites\/32\/2015\/03\/cabelo_superintendente_fumas_A_42G-300x183.jpg 300w, https:\/\/jundiai.sp.gov.br\/noticias\/wp-content\/uploads\/sites\/32\/2015\/03\/cabelo_superintendente_fumas_A_42G.jpg 1240w\" sizes=\"auto, (max-width: 720px) 100vw, 720px\" \/><\/a><p id=\"caption-attachment-125982\" class=\"wp-caption-text\">An\u00fancio foi feito na manh\u00e3 desta ter\u00e7a-feira (17)<\/p><\/div>\n<p>\u201cPedi para que o Rodrigo segurasse por mais algumas semanas, j\u00e1 que havia alguns <strong>desdobramentos de a\u00e7\u00f5es da Fumas que aguardavam por uma conclus\u00e3o mais imediata, como a regulariza\u00e7\u00e3o fundi\u00e1ria na Vila Esperan\u00e7a e Vila Palma, a <a href=\"https:\/\/jundiai.sp.gov.br\/noticias\/2013\/10\/26\/prefeitura-inicia-as-obras-da-nova-vila-ana\/\" target=\"_blank\">entrega dos mais de 100 apartamentos na reurbaniza\u00e7\u00e3o da Vila Ana<\/a>, as <a href=\"https:\/\/jundiai.sp.gov.br\/noticias\/2013\/05\/21\/fumas-e-moradores-do-fazenda-grande-formam-comissao-para-auxiliar-cravos-ii\/\" target=\"_blank\">quase 140 unidades habitacionais do Fazenda Grande<\/a> e as outras <a href=\"https:\/\/jundiai.sp.gov.br\/noticias\/2014\/11\/05\/obras-dos-apartamentos-do-sao-camilo-avancam\/\" target=\"_blank\">400 do Jardim S\u00e3o Camilo<\/a><\/strong>\u201d, disse o prefeito.<\/p>\n<p>J\u00e1 Cabelo garantiu que dar\u00e1 <strong>continuidade em todas as a\u00e7\u00f5es sociais da Fumas e garantiu avan\u00e7ar e aprofundar no trabalho que vem sendo feito, com \u00eanfase na quest\u00e3o habitacional. \u201cO governo do Pedro privilegia as camadas menos favorecidas da sociedade<\/strong>, e \u00e9 justamente a\u00ed que vamos atuar com ainda mais for\u00e7a\u201d, garantiu.<\/p>\n<p>\u201cCom o Cabelo vamos <strong>fortalecer os canais com Bras\u00edlia<\/strong>, no sentido de buscar <strong>recursos para a habita\u00e7\u00e3o popular, mirando o Plano Habitacional da Cidade<\/strong>\u201d, finalizou Bigardi.<\/p>\n<p><strong><em>Thiago Secco<br \/>\nFoto: Fot\u00f3grafos PJ<\/em><\/strong><\/p>\n","protected":false},"excerpt":{"rendered":"<p>O prefeito Pedro Bigardi anunciou em coletiva na manh\u00e3 desta ter\u00e7a-feira (17) uma mudan\u00e7a na superintend\u00eancia da Funda\u00e7\u00e3o Municipal de A\u00e7\u00e3o Social (Fumas). A partir desta sexta (20), o advogado e consultor Rodrigo Mendes Pereira deixa o posto e vai ser substitu\u00eddo por Waldemar Foelkel, o Cabelo, advogado, docente e membro da diretoria da Faculdade [&hellip;]<\/p>\n","protected":false},"author":14,"featured_media":0,"comment_status":"closed","ping_status":"closed","sticky":false,"template":"","format":"standard","meta":{"footnotes":""},"categories":[2],"tags":[49,490,540,58],"ods":[],"class_list":["post-125981","post","type-post","status-publish","format-standard","hentry","category-noticias","tag-fundacao-municipal-de-acao-social-fumas","tag-habitacao","tag-politica-municipal-de-habitacao","tag-prefeito"],"_links":{"self":[{"href":"https:\/\/jundiai.sp.gov.br\/noticias\/wp-json\/wp\/v2\/posts\/125981","targetHints":{"allow":["GET"]}}],"collection":[{"href":"https:\/\/jundiai.sp.gov.br\/noticias\/wp-json\/wp\/v2\/posts"}],"about":[{"href":"https:\/\/jundiai.sp.gov.br\/noticias\/wp-json\/wp\/v2\/types\/post"}],"author":[{"embeddable":true,"href":"https:\/\/jundiai.sp.gov.br\/noticias\/wp-json\/wp\/v2\/users\/14"}],"replies":[{"embeddable":true,"href":"https:\/\/jundiai.sp.gov.br\/noticias\/wp-json\/wp\/v2\/comments?post=125981"}],"version-history":[{"count":4,"href":"https:\/\/jundiai.sp.gov.br\/noticias\/wp-json\/wp\/v2\/posts\/125981\/revisions"}],"predecessor-version":[{"id":125992,"href":"https:\/\/jundiai.sp.gov.br\/noticias\/wp-json\/wp\/v2\/posts\/125981\/revisions\/125992"}],"wp:attachment":[{"href":"https:\/\/jundiai.sp.gov.br\/noticias\/wp-json\/wp\/v2\/media?parent=125981"}],"wp:term":[{"taxonomy":"category","embeddable":true,"href":"https:\/\/jundiai.sp.gov.br\/noticias\/wp-json\/wp\/v2\/categories?post=125981"},{"taxonomy":"post_tag","embeddable":true,"href":"https:\/\/jundiai.sp.gov.br\/noticias\/wp-json\/wp\/v2\/tags?post=125981"},{"taxonomy":"ods","embeddable":true,"href":"https:\/\/jundiai.sp.gov.br\/noticias\/wp-json\/wp\/v2\/ods?post=125981"}],"curies":[{"name":"wp","href":"https:\/\/api.w.org\/{rel}","templated":true}]}}