{"id":125989,"date":"2015-03-17T17:56:02","date_gmt":"2015-03-17T20:56:02","guid":{"rendered":"https:\/\/jundiai.sp.gov.br\/noticias\/?p=125989"},"modified":"2016-11-04T11:25:18","modified_gmt":"2016-11-04T13:25:18","slug":"empresa-nacional-se-instala-em-jundiai-e-traz-mais-de-500-empregos","status":"publish","type":"post","link":"https:\/\/jundiai.sp.gov.br\/noticias\/2015\/03\/17\/empresa-nacional-se-instala-em-jundiai-e-traz-mais-de-500-empregos\/","title":{"rendered":"Empresa se instala em Jundia\u00ed e traz mais de 500 empregos"},"content":{"rendered":"<p><strong>A partir do dia 10 de abril, a empresa <a href=\"http:\/\/www.irmaosperfeito.com.br\/index.php?pag=inicial\" target=\"_blank\">Irm\u00e3os Perfeito<\/a> passa a operar em Jundia\u00ed. O an\u00fancio foi realizado na tarde desta ter\u00e7a-feira (17), na Secretaria de Desenvolvimento Econ\u00f4mico, Ci\u00eancia e Tecnologia. A empresa \u00e9 uma das seis existentes em todo o Pa\u00eds no ramo de acess\u00f3rios de moda, com \u00eanfase na confec\u00e7\u00e3o de bot\u00f5es para camisa.<\/strong><\/p>\n<p>O investimento na mudan\u00e7a da planta, que funcionava em S\u00e3o Paulo h\u00e1 mais de 60 anos, foi de <strong>R$ 3 milh\u00f5es<\/strong>. Ser\u00e3o gerados <strong>120 empregos diretos e mais 400 indiretos<\/strong>. A m\u00e3o de obra ser\u00e1 selecionada com o aux\u00edlio do <strong>Posto de Atendimento ao Trabalhador (PAT)<\/strong>.<\/p>\n<p><strong>LEIA TAMB\u00c9M<br \/>\n<a href=\"https:\/\/jundiai.sp.gov.br\/noticias\/2015\/03\/17\/incubadora-tecnologica-abre-vagas-para-empresas-de-inovacao-e-tecnologia\/\" target=\"_blank\">Incubadora Tecnol\u00f3gica abre vagas para empresas<\/a><br \/>\n<a href=\"https:\/\/jundiai.sp.gov.br\/noticias\/2015\/02\/25\/feira-de-offertas-abre-espaco-para-novos-empreendedores\/\" target=\"_blank\">Feira de Offertas abre espa\u00e7o para novos empreendedores<\/a><\/strong><\/p>\n<div id=\"attachment_125990\" style=\"width: 730px\" class=\"wp-caption aligncenter\"><a href=\"https:\/\/jundiai.sp.gov.br\/noticias\/wp-content\/uploads\/sites\/32\/2015\/03\/nova-empresa-jundiai1_DSC0545_G.jpg\"><img loading=\"lazy\" decoding=\"async\" aria-describedby=\"caption-attachment-125990\" src=\"https:\/\/jundiai.sp.gov.br\/noticias\/wp-content\/uploads\/sites\/32\/2015\/03\/nova-empresa-jundiai1_DSC0545_G-720x504.jpg\" alt=\"Diretores da Prefeitura com empres\u00e1rios: mais empregos para a cidade\" width=\"720\" height=\"504\" class=\"size-large wp-image-125990\" srcset=\"https:\/\/jundiai.sp.gov.br\/noticias\/wp-content\/uploads\/sites\/32\/2015\/03\/nova-empresa-jundiai1_DSC0545_G-720x504.jpg 720w, https:\/\/jundiai.sp.gov.br\/noticias\/wp-content\/uploads\/sites\/32\/2015\/03\/nova-empresa-jundiai1_DSC0545_G-300x210.jpg 300w, https:\/\/jundiai.sp.gov.br\/noticias\/wp-content\/uploads\/sites\/32\/2015\/03\/nova-empresa-jundiai1_DSC0545_G.jpg 1240w\" sizes=\"auto, (max-width: 720px) 100vw, 720px\" \/><\/a><p id=\"caption-attachment-125990\" class=\"wp-caption-text\">Diretores da Prefeitura com empres\u00e1rios: mais empregos para a cidade<\/p><\/div>\n<p><strong><a href=\"http:\/\/exame.abril.com.br\/brasil\/noticias\/as-50-melhores-cidades-do-brasil-para-se-viver-segundo-onu#12\" target=\"_blank\">\u201cDecidimos por Jundia\u00ed ap\u00f3s uma mat\u00e9ria recente na revista Exame, que mostrava o alto \u00cdndice de Desenvolvimento Humano (IDH) do munic\u00edpio<\/a><\/strong>. Outros fatores que pesaram na escolha foram os <strong>bons colaboradores que encontramos aqui, como a Prefeitura, a m\u00e3o de obra local e o f\u00e1cil acesso da cidade<\/strong>\u201d, explicaram os propriet\u00e1rios da empresa, os irm\u00e3os Edevalde e Walter Perfeito.<\/p>\n<p>A nova planta, de <strong>4 mil m\u00b2<\/strong>, fica na Vila Rami, \u00e0s margens da rodovia Anhanguera, o que vai <strong>facilitar o escoamento produtivo<\/strong> &#8211; a empresa abastece todo o mercado brasileiro.<\/p>\n<p>Com capacidade para produ\u00e7\u00e3o de <strong>1,8 milh\u00e3o de bot\u00f5es por dia<\/strong>, a <strong>empresa \u00e9 a \u00fanica do setor no Pa\u00eds a contar com um sistema ambiental de reaproveitamento m\u00e1ximo de \u00e1gua<\/strong>, que \u00e9 usada no polimento do bot\u00e3o. Dentro desse sistema, garantem os propriet\u00e1rios, <strong>o consumo desse recurso \u00e9 quase zero<\/strong>.<\/p>\n<p>\u201c<strong>A aten\u00e7\u00e3o que a Prefeitura de Jundia\u00ed nos deu foi surpreendente<\/strong>. Viemos aqui h\u00e1 seis meses para prospectar a cidade e agora voltamos para firmar neg\u00f3cio. <strong>A efici\u00eancia e o suporte da Secretaria de Desenvolvimento Econ\u00f4mico, Ci\u00eancia e Tecnologia foi outro fator importante na nossa decis\u00e3o<\/strong>\u201d, garantiram os irm\u00e3os.<\/p>\n<p>No an\u00fancio, estiveram presentes o diretor de Fomento \u00e0 Ind\u00fastria, Gilson Pichioli, e o diretor de Fomento \u00e0 Ci\u00eancia e Tecnologia, Jos\u00e9 Dimas Gon\u00e7alves.<\/p>\n<p><strong><em>Thiago Secco<br \/>\nFoto: Fot\u00f3grafos PJ<\/em><\/strong><\/p>\n","protected":false},"excerpt":{"rendered":"<p>LEIA TAMB\u00c9M: Incubadora Tecnol\u00f3gica da cidade abre vagas para novas empresas de inova\u00e7\u00e3o. Confira!<\/p>\n","protected":false},"author":14,"featured_media":126034,"comment_status":"closed","ping_status":"closed","sticky":false,"template":"","format":"standard","meta":{"footnotes":""},"categories":[2],"tags":[365,480,187],"ods":[],"class_list":["post-125989","post","type-post","status-publish","format-standard","has-post-thumbnail","hentry","category-noticias","tag-desenvolvimento-economico-ciencia-e-tecnologia","tag-emprego","tag-posto-de-atendimento-ao-trabalhador-pat"],"_links":{"self":[{"href":"https:\/\/jundiai.sp.gov.br\/noticias\/wp-json\/wp\/v2\/posts\/125989","targetHints":{"allow":["GET"]}}],"collection":[{"href":"https:\/\/jundiai.sp.gov.br\/noticias\/wp-json\/wp\/v2\/posts"}],"about":[{"href":"https:\/\/jundiai.sp.gov.br\/noticias\/wp-json\/wp\/v2\/types\/post"}],"author":[{"embeddable":true,"href":"https:\/\/jundiai.sp.gov.br\/noticias\/wp-json\/wp\/v2\/users\/14"}],"replies":[{"embeddable":true,"href":"https:\/\/jundiai.sp.gov.br\/noticias\/wp-json\/wp\/v2\/comments?post=125989"}],"version-history":[{"count":8,"href":"https:\/\/jundiai.sp.gov.br\/noticias\/wp-json\/wp\/v2\/posts\/125989\/revisions"}],"predecessor-version":[{"id":126006,"href":"https:\/\/jundiai.sp.gov.br\/noticias\/wp-json\/wp\/v2\/posts\/125989\/revisions\/126006"}],"wp:featuredmedia":[{"embeddable":true,"href":"https:\/\/jundiai.sp.gov.br\/noticias\/wp-json\/wp\/v2\/media\/126034"}],"wp:attachment":[{"href":"https:\/\/jundiai.sp.gov.br\/noticias\/wp-json\/wp\/v2\/media?parent=125989"}],"wp:term":[{"taxonomy":"category","embeddable":true,"href":"https:\/\/jundiai.sp.gov.br\/noticias\/wp-json\/wp\/v2\/categories?post=125989"},{"taxonomy":"post_tag","embeddable":true,"href":"https:\/\/jundiai.sp.gov.br\/noticias\/wp-json\/wp\/v2\/tags?post=125989"},{"taxonomy":"ods","embeddable":true,"href":"https:\/\/jundiai.sp.gov.br\/noticias\/wp-json\/wp\/v2\/ods?post=125989"}],"curies":[{"name":"wp","href":"https:\/\/api.w.org\/{rel}","templated":true}]}}