{"id":126552,"date":"2015-03-18T17:24:01","date_gmt":"2015-03-18T20:24:01","guid":{"rendered":"https:\/\/jundiai.sp.gov.br\/noticias\/?p=126552"},"modified":"2016-11-04T11:25:21","modified_gmt":"2016-11-04T13:25:21","slug":"calouros-da-faculdade-de-medicina-de-jundiai-doam-sangue-na-colsan","status":"publish","type":"post","link":"https:\/\/jundiai.sp.gov.br\/noticias\/2015\/03\/18\/calouros-da-faculdade-de-medicina-de-jundiai-doam-sangue-na-colsan\/","title":{"rendered":"Calouros da Faculdade de Medicina doam sangue na Colsan"},"content":{"rendered":"<p><strong>Cerca de 30 alunos do primeiro ano da <a href=\"http:\/\/fmj.br\/\" target=\"_blank\">Faculdade de Medicina de Jundia\u00ed<\/a> e alguns membros do Diret\u00f3rio Acad\u00eamico Professor Alphonso Bovero (DAPAB) participaram de um trote solid\u00e1rio na <a href=\"http:\/\/www.colsan.org.br\/\" target=\"_blank\">Colsan<\/a>. Essa \u00e9 mais uma atividade institu\u00edda pelo Departamento Social do diret\u00f3rio. O objetivo foi conhecer o processo no laborat\u00f3rio e aprender a log\u00edstica destinada \u00e0 coleta de sangue.<\/strong><\/p>\n<p>Ronaldo Geraldi Dias Filho, 20 anos, considerou a <strong>atividade importante para o futuro de um m\u00e9dico<\/strong>. \u201cDoando sangue voc\u00ea pode <strong>ajudar bastante gente. \u00c9 r\u00e1pido e n\u00e3o custa nada<\/strong>\u201d, completa o calouro. J\u00e1 Gabriela Comoto, 19 anos, sempre quis doar mas nunca teve oportunidade. \u201cSomos saud\u00e1veis, temos que ajudar os outros. Pretendo fazer isso mais vezes\u201d.<\/p>\n<p><strong>LEIA TAMB\u00c9M<br \/>\n<a href=\"https:\/\/jundiai.sp.gov.br\/noticias\/2015\/03\/18\/fmj-convida-doadores-de-medula-ossea-para-cadastro\/\" target=\"_blank\">FMJ convida doadores de medula \u00f3ssea para cadastro<\/a><\/strong><\/p>\n<div id=\"attachment_126553\" style=\"width: 730px\" class=\"wp-caption aligncenter\"><a href=\"https:\/\/jundiai.sp.gov.br\/noticias\/wp-content\/uploads\/sites\/32\/2015\/03\/IMG_2086_G.jpg\"><img loading=\"lazy\" decoding=\"async\" aria-describedby=\"caption-attachment-126553\" src=\"https:\/\/jundiai.sp.gov.br\/noticias\/wp-content\/uploads\/sites\/32\/2015\/03\/IMG_2086_G-720x444.jpg\" alt=\"Alunos de Medicina sentem na pele a import\u00e2ncia da doa\u00e7\u00e3o\" width=\"720\" height=\"444\" class=\"size-large wp-image-126553\" srcset=\"https:\/\/jundiai.sp.gov.br\/noticias\/wp-content\/uploads\/sites\/32\/2015\/03\/IMG_2086_G-720x444.jpg 720w, https:\/\/jundiai.sp.gov.br\/noticias\/wp-content\/uploads\/sites\/32\/2015\/03\/IMG_2086_G-300x185.jpg 300w, https:\/\/jundiai.sp.gov.br\/noticias\/wp-content\/uploads\/sites\/32\/2015\/03\/IMG_2086_G.jpg 1240w\" sizes=\"auto, (max-width: 720px) 100vw, 720px\" \/><\/a><p id=\"caption-attachment-126553\" class=\"wp-caption-text\">Alunos de Medicina sentem na pele a import\u00e2ncia da doa\u00e7\u00e3o<\/p><\/div>\n<p>Bruna Alladio, coordenadora da atividade e aluna do 3\u00ba ano, acha fundamental a atividade pois no futuro eles ir\u00e3o prescrever a bolsa de sangue e a transfus\u00e3o.<\/p>\n<p><strong>A\u00e7\u00f5es<\/strong><br \/>\nParalelo \u00e0 atividade de doa\u00e7\u00e3o de sangue, os alunos continuam <strong>arrecadando mantimentos e produtos de higiene em geral para destin\u00e1-los \u00e0 Cidade Vicentina<\/strong>. A popula\u00e7\u00e3o poder\u00e1 contribuir com mantimentos, entregando a doa\u00e7\u00e3o na sede da institui\u00e7\u00e3o, localizada na rua Francisco Telles, 250, Vila Arens. <\/p>\n<p>Al\u00e9m disso, na <strong><a href=\"https:\/\/jundiai.sp.gov.br\/noticias\/2015\/03\/18\/fmj-convida-doadores-de-medula-ossea-para-cadastro\/\" target=\"_blank\">pr\u00f3xima ter\u00e7a-feira (24), \u00e0s 16h, o hemocentro da Unicamp estar\u00e1 na institui\u00e7\u00e3o cadastrando futuros doadores de medula<\/a>. Toda popula\u00e7\u00e3o pode participar<\/strong>. O cadastramento limita-se a 300 pessoas.<\/p>\n<p><strong><em>Assessoria de Imprensa FMJ<br \/>\nFoto: Divulga\u00e7\u00e3o<\/em><\/strong><\/p>\n","protected":false},"excerpt":{"rendered":"<p>Cerca de 30 alunos do primeiro ano da Faculdade de Medicina de Jundia\u00ed e alguns membros do Diret\u00f3rio Acad\u00eamico Professor Alphonso Bovero (DAPAB) participaram de um trote solid\u00e1rio na Colsan. Essa \u00e9 mais uma atividade institu\u00edda pelo Departamento Social do diret\u00f3rio. O objetivo foi conhecer o processo no laborat\u00f3rio e aprender a log\u00edstica destinada \u00e0 [&hellip;]<\/p>\n","protected":false},"author":14,"featured_media":0,"comment_status":"closed","ping_status":"closed","sticky":false,"template":"","format":"standard","meta":{"footnotes":""},"categories":[2],"tags":[378,3],"ods":[],"class_list":["post-126552","post","type-post","status-publish","format-standard","hentry","category-noticias","tag-faculdade-de-medicina-de-jundiai-fmj","tag-saude"],"_links":{"self":[{"href":"https:\/\/jundiai.sp.gov.br\/noticias\/wp-json\/wp\/v2\/posts\/126552","targetHints":{"allow":["GET"]}}],"collection":[{"href":"https:\/\/jundiai.sp.gov.br\/noticias\/wp-json\/wp\/v2\/posts"}],"about":[{"href":"https:\/\/jundiai.sp.gov.br\/noticias\/wp-json\/wp\/v2\/types\/post"}],"author":[{"embeddable":true,"href":"https:\/\/jundiai.sp.gov.br\/noticias\/wp-json\/wp\/v2\/users\/14"}],"replies":[{"embeddable":true,"href":"https:\/\/jundiai.sp.gov.br\/noticias\/wp-json\/wp\/v2\/comments?post=126552"}],"version-history":[{"count":2,"href":"https:\/\/jundiai.sp.gov.br\/noticias\/wp-json\/wp\/v2\/posts\/126552\/revisions"}],"predecessor-version":[{"id":126556,"href":"https:\/\/jundiai.sp.gov.br\/noticias\/wp-json\/wp\/v2\/posts\/126552\/revisions\/126556"}],"wp:attachment":[{"href":"https:\/\/jundiai.sp.gov.br\/noticias\/wp-json\/wp\/v2\/media?parent=126552"}],"wp:term":[{"taxonomy":"category","embeddable":true,"href":"https:\/\/jundiai.sp.gov.br\/noticias\/wp-json\/wp\/v2\/categories?post=126552"},{"taxonomy":"post_tag","embeddable":true,"href":"https:\/\/jundiai.sp.gov.br\/noticias\/wp-json\/wp\/v2\/tags?post=126552"},{"taxonomy":"ods","embeddable":true,"href":"https:\/\/jundiai.sp.gov.br\/noticias\/wp-json\/wp\/v2\/ods?post=126552"}],"curies":[{"name":"wp","href":"https:\/\/api.w.org\/{rel}","templated":true}]}}