{"id":126600,"date":"2015-03-18T18:41:17","date_gmt":"2015-03-18T21:41:17","guid":{"rendered":"https:\/\/jundiai.sp.gov.br\/noticias\/?p=126600"},"modified":"2016-11-04T11:25:24","modified_gmt":"2016-11-04T13:25:24","slug":"ensino-superior-gratuito-comemora-um-ano-em-jundiai","status":"publish","type":"post","link":"https:\/\/jundiai.sp.gov.br\/noticias\/2015\/03\/18\/ensino-superior-gratuito-comemora-um-ano-em-jundiai\/","title":{"rendered":"Ensino superior gratuito comemora um ano em Jundia\u00ed"},"content":{"rendered":"<p><strong>Nesta quarta-feira (18), o <a href=\"http:\/\/www.ifsp.edu.br\/index.php\/jundiai.html\" target=\"_blank\">Campus Avan\u00e7ado Jundia\u00ed<\/a> comemora um ano. O acordo de coopera\u00e7\u00e3o entre o Instituto Federal de S\u00e3o Paulo e a Prefeitura de Jundia\u00ed foi assinado no dia 18 de mar\u00e7o de 2014, marcando o in\u00edcio de uma longa e duradoura parceria para a educa\u00e7\u00e3o do munic\u00edpio.<\/strong><\/p>\n<p><strong>&#8220;Termos conseguido cursos deste tipo para Jundia\u00ed antes mesmo do previsto foi important\u00edssimo para o desenvolvimento educacional da popula\u00e7\u00e3o, sobretudo dos mais jovens que buscam coloca\u00e7\u00e3o no mercado de trabalho&#8221;, destacou o prefeito Pedro Bigardi. <a href=\"https:\/\/jundiai.sp.gov.br\/noticias\/2013\/05\/24\/instituto-federal-e-anunciado-populacao-participara-da-escolha-de-cursos\/\" target=\"_blank\">A vinda para Jundia\u00ed foi anunciada por ele em maio de 2013.<\/a><\/strong><\/p>\n<p><strong>LEIA TAMB\u00c9M<br \/>\n<a href=\"https:\/\/jundiai.sp.gov.br\/noticias\/2015\/03\/18\/vereadores-de-sorocaba-conhecem-gestao-da-merenda-em-jundiai\/\" target=\"_blank\">Vereadores de Sorocaba conhecem gest\u00e3o da merenda<\/a><br \/>\n<a href=\"https:\/\/jundiai.sp.gov.br\/noticias\/2015\/03\/17\/profissionais-de-bibliotecas-da-regiao-participam-de-curso-em-jundiai\/\" target=\"_blank\">Profissionais de bibliotecas da regi\u00e3o participam de curso em Jundia\u00ed<\/a><\/strong><\/p>\n<div id=\"attachment_126612\" style=\"width: 730px\" class=\"wp-caption aligncenter\"><a href=\"https:\/\/jundiai.sp.gov.br\/noticias\/wp-content\/uploads\/sites\/32\/2015\/03\/implantacao_instituto_p_1g.jpg\"><img loading=\"lazy\" decoding=\"async\" aria-describedby=\"caption-attachment-126612\" class=\"size-large wp-image-126612\" src=\"https:\/\/jundiai.sp.gov.br\/noticias\/wp-content\/uploads\/sites\/32\/2015\/03\/implantacao_instituto_p_1g-720x506.jpg\" alt=\"An\u00fancio feito em 2013 pelo prefeito Pedro Bigardi: inova\u00e7\u00e3o\" width=\"720\" height=\"506\" srcset=\"https:\/\/jundiai.sp.gov.br\/noticias\/wp-content\/uploads\/sites\/32\/2015\/03\/implantacao_instituto_p_1g-720x506.jpg 720w, https:\/\/jundiai.sp.gov.br\/noticias\/wp-content\/uploads\/sites\/32\/2015\/03\/implantacao_instituto_p_1g-300x211.jpg 300w, https:\/\/jundiai.sp.gov.br\/noticias\/wp-content\/uploads\/sites\/32\/2015\/03\/implantacao_instituto_p_1g.jpg 1240w\" sizes=\"auto, (max-width: 720px) 100vw, 720px\" \/><\/a><p id=\"caption-attachment-126612\" class=\"wp-caption-text\">An\u00fancio feito em 2013 pelo prefeito Pedro Bigardi: inova\u00e7\u00e3o<\/p><\/div>\n<p>Atualmente o campus conta com <strong>duas turmas de T\u00e9cnico em Com\u00e9rcio, curso escolhido pela popula\u00e7\u00e3o jundiaiense atrav\u00e9s de consulta p\u00fablica feita pela internet<\/strong>.<\/p>\n<p>Al\u00e9m disso, o<strong> campus Jundia\u00ed j\u00e1 formou alunos em outros cinco cursos Fic e <a href=\"http:\/\/pronatec.mec.gov.br\/\" target=\"_blank\">Pronatec<\/a><\/strong>, s\u00e3o eles: Assistente de Vendas, Atendimento ao Cliente, Economia para Jornalistas, Rotinas Administrativas e Capta\u00e7\u00e3o de Recursos para o Terceiro Setor.<\/p>\n<p>A professora Rosana Brandestini, uma das docentes do campus, disse estar feliz pelo trabalho realizado. &#8220;Fazer parte desta equipe desde a primeira turma do Pronatec (assistente administrativo de vendas) e agora das turmas de T\u00e9cnico em Com\u00e9rcio \u00e9 um orgulho\u201d.<\/p>\n<p>Para Solange Longui, respons\u00e1vel pelo Centro Municipal de Educa\u00e7\u00e3o de Jovens e Adultos, \u201c<strong>o Instituto Federal \u00e9 uma importante institui\u00e7\u00e3o que vai muito al\u00e9m de uma simples escola, pois se constituiu uma grande fam\u00edlia<\/strong>\u201d.<\/p>\n<p><strong>Estrutura<\/strong><br \/>\nO campus Jundia\u00ed est\u00e1 instalado dentro do Complexo Argos. A estrutura conta com <strong>quatro salas de aula, quatro laborat\u00f3rios e uma biblioteca<\/strong>.<\/p>\n<p>Dentre as atividades realizadas no campus ao longo deste um ano est\u00e3o: <strong>debates sobre ci\u00eancia e tecnologia, palestras sobre empreendedorismo, campanhas direcionadas ao terceiro setor, exposi\u00e7\u00f5es variadas<\/strong>, entre outras.<\/p>\n<p><strong>O Instituto Federal de Educa\u00e7\u00e3o, Ci\u00eancia e Tecnologia possui 105 anos. No Estado de S\u00e3o Paulo existem 30 campi &#8211; 28 em opera\u00e7\u00e3o. A institui\u00e7\u00e3o tem aproximadamente 22 mil alunos.<\/strong><\/p>\n<p><strong><em>Assessoria de Imprensa<br \/>\nFoto: Arquivo PMJ<\/em><\/strong><\/p>\n<p><strong>Assista \u00e0 reportagem da TVE Jundia\u00ed<\/strong><br \/>\n<iframe loading=\"lazy\" width=\"420\" height=\"315\" src=\"https:\/\/www.youtube.com\/embed\/Y_ckdwr2jfU\" frameborder=\"0\" allowfullscreen><\/iframe><\/p>\n","protected":false},"excerpt":{"rendered":"<p>Cursos oferecidos s\u00e3o escolhidos pela popula\u00e7\u00e3o jundiaiense atrav\u00e9s de consulta p\u00fablica feita pela internet<\/p>\n","protected":false},"author":14,"featured_media":126608,"comment_status":"closed","ping_status":"closed","sticky":false,"template":"","format":"standard","meta":{"footnotes":""},"categories":[2],"tags":[304,419,6,354],"ods":[],"class_list":["post-126600","post","type-post","status-publish","format-standard","has-post-thumbnail","hentry","category-noticias","tag-centro-municipal-de-educacao-de-jovens-e-adultos-cmeja","tag-complexo-argos","tag-educacao","tag-instituto-federal"],"_links":{"self":[{"href":"https:\/\/jundiai.sp.gov.br\/noticias\/wp-json\/wp\/v2\/posts\/126600","targetHints":{"allow":["GET"]}}],"collection":[{"href":"https:\/\/jundiai.sp.gov.br\/noticias\/wp-json\/wp\/v2\/posts"}],"about":[{"href":"https:\/\/jundiai.sp.gov.br\/noticias\/wp-json\/wp\/v2\/types\/post"}],"author":[{"embeddable":true,"href":"https:\/\/jundiai.sp.gov.br\/noticias\/wp-json\/wp\/v2\/users\/14"}],"replies":[{"embeddable":true,"href":"https:\/\/jundiai.sp.gov.br\/noticias\/wp-json\/wp\/v2\/comments?post=126600"}],"version-history":[{"count":5,"href":"https:\/\/jundiai.sp.gov.br\/noticias\/wp-json\/wp\/v2\/posts\/126600\/revisions"}],"predecessor-version":[{"id":143476,"href":"https:\/\/jundiai.sp.gov.br\/noticias\/wp-json\/wp\/v2\/posts\/126600\/revisions\/143476"}],"wp:featuredmedia":[{"embeddable":true,"href":"https:\/\/jundiai.sp.gov.br\/noticias\/wp-json\/wp\/v2\/media\/126608"}],"wp:attachment":[{"href":"https:\/\/jundiai.sp.gov.br\/noticias\/wp-json\/wp\/v2\/media?parent=126600"}],"wp:term":[{"taxonomy":"category","embeddable":true,"href":"https:\/\/jundiai.sp.gov.br\/noticias\/wp-json\/wp\/v2\/categories?post=126600"},{"taxonomy":"post_tag","embeddable":true,"href":"https:\/\/jundiai.sp.gov.br\/noticias\/wp-json\/wp\/v2\/tags?post=126600"},{"taxonomy":"ods","embeddable":true,"href":"https:\/\/jundiai.sp.gov.br\/noticias\/wp-json\/wp\/v2\/ods?post=126600"}],"curies":[{"name":"wp","href":"https:\/\/api.w.org\/{rel}","templated":true}]}}