{"id":127771,"date":"2015-03-20T15:42:38","date_gmt":"2015-03-20T18:42:38","guid":{"rendered":"https:\/\/jundiai.sp.gov.br\/noticias\/?p=127771"},"modified":"2020-11-05T10:57:02","modified_gmt":"2020-11-05T13:57:02","slug":"jundiai-sai-na-frente-com-lancamento-do-plano-de-seguranca","status":"publish","type":"post","link":"https:\/\/jundiai.sp.gov.br\/noticias\/2015\/03\/20\/jundiai-sai-na-frente-com-lancamento-do-plano-de-seguranca\/","title":{"rendered":"Jundia\u00ed sai na frente e lan\u00e7a o Plano de Seguran\u00e7a"},"content":{"rendered":"<p><strong>O lan\u00e7amento do Plano Municipal de Seguran\u00e7a P\u00fablica e Cidadania, realizado pelo prefeito Pedro Bigardi na noite dessa quinta-feira (19), confirmou o ineditismo desta a\u00e7\u00e3o na Aglomera\u00e7\u00e3o Urbana de Jundia\u00ed e, principalmente, demonstrou a ess\u00eancia do trabalho: a integra\u00e7\u00e3o. <\/strong><\/p>\n<p><strong><a href=\"https:\/\/www.flickr.com\/photos\/prefeituradejundiai\/sets\/72157651448195692\/\" target=\"_blank\" rel=\"noopener noreferrer\">VEJA AS FOTOS<\/a><\/strong><\/p>\n<p>Vindos de diversas cidades, <strong>representantes de todas as for\u00e7as de seguran\u00e7a se juntaram a empres\u00e1rios, formadores de opini\u00e3o, especialistas na \u00e1rea e moradores<\/strong>. <strong>Cerca de 400 pessoas<\/strong> lotaram o audit\u00f3rio do <a href=\"http:\/\/www.ciesp.com.br\/jundiai\/\" target=\"_blank\" rel=\"noopener noreferrer\">Centro das Ind\u00fastrias do Estado de S\u00e3o Paulo (Ciesp)<\/a> para acompanhar o in\u00edcio da estrutura\u00e7\u00e3o das pol\u00edticas de seguran\u00e7a no munic\u00edpio.<\/p>\n<p><strong>&#8220;O plano n\u00e3o \u00e9 do governo, mas sim da cidade. Ele passar\u00e1 por audi\u00eancias p\u00fablicas para ampliar a participa\u00e7\u00e3o da popula\u00e7\u00e3o, que entendemos ser essencial para elaborar estruturas e diretrizes que atendam aos anseios de todos. Seguran\u00e7a n\u00e3o se faz sem integra\u00e7\u00e3o\u201d, disse Pedro Bigardi.<\/strong><\/p>\n<p><strong>LEIA TAMB\u00c9M<br \/>\n<\/strong><a href=\"https:\/\/jundiai.sp.gov.br\/noticias\/2015\/03\/18\/ensino-superior-gratuito-comemora-um-ano-em-jundiai\/\" target=\"_blank\" rel=\"noopener noreferrer\">Ensino superior gratuito comemora um ano em Jundia\u00ed<\/a><br \/>\n<a href=\"https:\/\/jundiai.sp.gov.br\/noticias\/2015\/03\/19\/sesc-jundiai-vai-ser-inaugurado-em-abril-e-quer-parceria-com-prefeitura\/\" target=\"_blank\" rel=\"noopener noreferrer\">Sesc vai ser inaugurado e quer parceria com Prefeitura<\/a><br \/>\n<a href=\"https:\/\/jundiai.sp.gov.br\/noticias\/2015\/03\/18\/jundiai-e-destaque-na-radio-estadao-sobre-gestao-hidrica\/\" target=\"_blank\" rel=\"noopener noreferrer\">Jundia\u00ed \u00e9 destaque na R\u00e1dio Estad\u00e3o sobre gest\u00e3o h\u00eddrica<\/a><\/p>\n<div id=\"attachment_127777\" style=\"width: 730px\" class=\"wp-caption aligncenter\"><a href=\"https:\/\/jundiai.sp.gov.br\/noticias\/wp-content\/uploads\/sites\/32\/2015\/03\/Seguranca_Integrada_A_18g.jpg\"><img loading=\"lazy\" decoding=\"async\" aria-describedby=\"caption-attachment-127777\" class=\"size-large wp-image-127777\" src=\"https:\/\/jundiai.sp.gov.br\/noticias\/wp-content\/uploads\/sites\/32\/2015\/03\/Seguranca_Integrada_A_18g-720x477.jpg\" alt=\"Prefeito Pedro Bigardi e representantes das for\u00e7as de seguran\u00e7a\" width=\"720\" height=\"477\" srcset=\"https:\/\/jundiai.sp.gov.br\/noticias\/wp-content\/uploads\/sites\/32\/2015\/03\/Seguranca_Integrada_A_18g-720x477.jpg 720w, https:\/\/jundiai.sp.gov.br\/noticias\/wp-content\/uploads\/sites\/32\/2015\/03\/Seguranca_Integrada_A_18g-300x199.jpg 300w, https:\/\/jundiai.sp.gov.br\/noticias\/wp-content\/uploads\/sites\/32\/2015\/03\/Seguranca_Integrada_A_18g.jpg 1240w\" sizes=\"auto, (max-width: 720px) 100vw, 720px\" \/><\/a><p id=\"caption-attachment-127777\" class=\"wp-caption-text\">Prefeito Pedro Bigardi e representantes das for\u00e7as de seguran\u00e7a<\/p><\/div>\n<p>Segundo o prefeito, trata-se de um mecanismo que define metas e desafios destinados \u00e0 prote\u00e7\u00e3o e cuidado das pessoas, al\u00e9m de facilitar a capta\u00e7\u00e3o de recursos dos governos estadual e federal. O ineditismo do plano se deve ao fato de que as cidades paulistas sequer iniciaram esse tipo de discuss\u00e3o.<\/p>\n<p>Para o comandante da Guarda Municipal, Jos\u00e9 Roberto Ferraz, o plano \u00e9 um marco na cidade. \u201cEsperamos por isso h\u00e1 muito tempo e essa integra\u00e7\u00e3o \u00e9 essencial, porque uma for\u00e7a n\u00e3o consegue resolver o problema da seguran\u00e7a p\u00fablica\u201d, afirmou. &#8220;\u00c9 uma pol\u00edtica de Estado que precisa ser tratada como um dever de todos.&#8221;<\/p>\n<p>O delegado da Seccional de Jundia\u00ed, Luiz Carlos Branco, afirmou que o plano \u00e9 voltado para o futuro e ressaltou que a integra\u00e7\u00e3o entre as for\u00e7as do munic\u00edpio j\u00e1 existe. \u201cCom certeza vamos batalhar para diminuir os \u00edndices de criminalidade da cidade\u201d.<\/p>\n<p>Lourival da Silva Junior, major do 4\u00ba Batalh\u00e3o da Pol\u00edcia Rodovi\u00e1ria de Jundia\u00ed, falou que o plano \u00e9 um grande desafio, mas considera que o trabalho preventivo e de integra\u00e7\u00e3o \u00e9 extremamente importante. J\u00e1 o major do Corpo de Bombeiros, Eduardo Tavares, ressaltou que &#8220;seguran\u00e7a n\u00e3o \u00e9 apenas um problema da pol\u00edcia&#8221;.<\/p>\n<p>O comandante do <a href=\"http:\/\/www.12gac.eb.mil.br\/\" target=\"_blank\" rel=\"noopener noreferrer\">12\u00ba Grupo de Artilharia e Campanha (GAC)<\/a>, o tenente-coronel Messias Siqueira Mendes Barbosa, destacou o apoio que o Ex\u00e9rcito tem dado \u00e0s for\u00e7as e afirmou que &#8220;n\u00e3o tem como trabalhar o plano sem o envolvimento de todos os segmentos&#8221;. Sebasti\u00e3o Pujol, da Pol\u00edcia Federal, ficou &#8220;deslumbrado com todo o conte\u00fado&#8221;.<\/p>\n<p>A presidente do Conselho Municipal dos Direitos da Crian\u00e7a e do Adolescente (CMDCA), Cl\u00e1udia Tofoli Hon\u00f3rio, disse que Jundia\u00ed precisa aproveitar esta porta que o plano abriu para os segmentos que representam a sociedade. \u201c\u00c9 um plano da sociedade de Jundia\u00ed para a cidade de Jundia\u00ed\u201d.<\/p>\n<p>Al\u00e9m dos representantes de associa\u00e7\u00f5es, conselhos e comunidades de Jundia\u00ed, tamb\u00e9m participaram da solenidade as autoridades de seguran\u00e7a de Americana, Campo Limpo Paulista, V\u00e1rzea Paulista, Piracicaba, Campinas, Jarinu, Louveira, Paul\u00ednia, Cabre\u00fava e de S\u00e3o Paulo.<\/p>\n<div id=\"attachment_127779\" style=\"width: 730px\" class=\"wp-caption aligncenter\"><a href=\"https:\/\/jundiai.sp.gov.br\/noticias\/wp-content\/uploads\/sites\/32\/2015\/03\/ALE8399g.jpg\"><img loading=\"lazy\" decoding=\"async\" aria-describedby=\"caption-attachment-127779\" class=\"size-large wp-image-127779\" src=\"https:\/\/jundiai.sp.gov.br\/noticias\/wp-content\/uploads\/sites\/32\/2015\/03\/ALE8399g-720x413.jpg\" alt=\"Audit\u00f3rio lotado para apresenta\u00e7\u00e3o do plano\" width=\"720\" height=\"413\" srcset=\"https:\/\/jundiai.sp.gov.br\/noticias\/wp-content\/uploads\/sites\/32\/2015\/03\/ALE8399g-720x413.jpg 720w, https:\/\/jundiai.sp.gov.br\/noticias\/wp-content\/uploads\/sites\/32\/2015\/03\/ALE8399g-300x172.jpg 300w, https:\/\/jundiai.sp.gov.br\/noticias\/wp-content\/uploads\/sites\/32\/2015\/03\/ALE8399g.jpg 1240w\" sizes=\"auto, (max-width: 720px) 100vw, 720px\" \/><\/a><p id=\"caption-attachment-127779\" class=\"wp-caption-text\">Audit\u00f3rio lotado para apresenta\u00e7\u00e3o do plano<\/p><\/div>\n<p><strong>O plano<\/strong><br \/>\nA apresenta\u00e7\u00e3o ficou a cargo do coordenador-executivo do Gabinete de Gest\u00e3o Integrada Municipal (GGIM), Jos\u00e9 Carlos Pires.<\/p>\n<p>Ele explicou que o plano \u00e9 constitu\u00eddo de 10 desafios e 35 metas, com eixo condutor voltado \u00e0s for\u00e7as de seguran\u00e7a, administra\u00e7\u00e3o p\u00fablica e sociedade. Dentre os desafios, o plano prev\u00ea retirar os jovens de grupos em situa\u00e7\u00e3o de risco; reduzir a popula\u00e7\u00e3o em situa\u00e7\u00e3o de rua; reduzir as \u00e1reas de vulnerabilidade social; prevenir a viol\u00eancia nas escolas; reduzir os crimes contra a vida e contra o patrim\u00f4nio e a integra\u00e7\u00e3o dos diversos entes p\u00fablicos.<\/p>\n<p>Al\u00e9m das metas j\u00e1 atingidas, como a cria\u00e7\u00e3o do Conselho Municipal de Seguran\u00e7a P\u00fablica e Cidadania, e do Fundo Municipal; o Plano ainda prev\u00ea: a realiza\u00e7\u00e3o de audi\u00eancias p\u00fablicas; descentraliza\u00e7\u00e3o da Guarda Municipal; integra\u00e7\u00e3o das for\u00e7as policiais; regulamenta\u00e7\u00e3o dos vigilantes aut\u00f4nomos; conserva\u00e7\u00e3o e manuten\u00e7\u00e3o das ruas e espa\u00e7os p\u00fablicos; constru\u00e7\u00e3o de habita\u00e7\u00f5es sociais e reurbaniza\u00e7\u00f5es de \u00e1reas prec\u00e1rias, entre outras.<\/p>\n<p><strong>Integra\u00e7\u00e3o<\/strong><br \/>\nO vereador Rafael Purgato, representando a <a href=\"http:\/\/www.jundiai.sp.leg.br\/\" target=\"_blank\" rel=\"noopener noreferrer\">C\u00e2mara Municipal<\/a>, disse que seguran\u00e7a \u00e9 um dos assuntos que mais geram demanda no Legislativo. \u201cA C\u00e2mara est\u00e1 \u00e0 disposi\u00e7\u00e3o, porque entendemos que \u00e9 dessa forma que tem que ser constru\u00eddo a seguran\u00e7a em Jundia\u00ed\u201d.<\/p>\n<p>Participaram da solenidade os secret\u00e1rios: de Administra\u00e7\u00e3o e Gest\u00e3o, D\u00eanis Crupe; de Assist\u00eancia e Desenvolvimento Social (Semads), Rita de C\u00e1ssia Marchiore; de Planejamento e Meio Ambiente, Daniela da Camara Sutti; de Esportes e Lazer, Cristiano Lopes; e representando as secretarias e \u00f3rg\u00e3os: de Desenvolvimento Econ\u00f4mico, Ci\u00eancia e Tecnologia, Gilson Pichioli; da Cijun, Gilberto Novaes; do Iprejun, Eudis Urbano; do Procon,<br \/>\nAd\u00edlton Garcia; da Ouvidoria, Eginaldo Hon\u00f3rio; da Defesa Civil, Eduardo Carbonari; da Escola de Governo e Gest\u00e3o, Marcelo Lo M\u00f4naco; o assessor especial Vanderlei Victorino; da Coordenaria da Juventude, Narriman Camargo; da Coordenadoria da Igualdade Racial, Val\u00e9ria Fonseca; da Coordenadoria do Idoso, Cl\u00e1udia Sartori; e os vereadores Marilena Negro, Leandro Palmarini e Jos\u00e9 Dias.<\/p>\n<p><strong>O plano est\u00e1 dispon\u00edvel na \u00edntegra no site da Prefeitura de Jundia\u00ed para que a popula\u00e7\u00e3o tamb\u00e9m possa dar a contribui\u00e7\u00e3o. A consulta p\u00fablica ficar\u00e1 dispon\u00edvel at\u00e9 o fim de maio.<\/strong><\/p>\n<div id=\"attachment_127781\" style=\"width: 730px\" class=\"wp-caption aligncenter\"><a href=\"https:\/\/jundiai.sp.gov.br\/noticias\/wp-content\/uploads\/sites\/32\/2015\/03\/ALE8525g.jpg\"><img loading=\"lazy\" decoding=\"async\" aria-describedby=\"caption-attachment-127781\" class=\"size-large wp-image-127781\" src=\"https:\/\/jundiai.sp.gov.br\/noticias\/wp-content\/uploads\/sites\/32\/2015\/03\/ALE8525g-720x480.jpg\" alt=\"Seguran\u00e7a n\u00e3o se faz sem integra\u00e7\u00e3o\u201d, disse Pedro Bigardi\" width=\"720\" height=\"480\" srcset=\"https:\/\/jundiai.sp.gov.br\/noticias\/wp-content\/uploads\/sites\/32\/2015\/03\/ALE8525g-720x480.jpg 720w, https:\/\/jundiai.sp.gov.br\/noticias\/wp-content\/uploads\/sites\/32\/2015\/03\/ALE8525g-300x200.jpg 300w, https:\/\/jundiai.sp.gov.br\/noticias\/wp-content\/uploads\/sites\/32\/2015\/03\/ALE8525g.jpg 1240w\" sizes=\"auto, (max-width: 720px) 100vw, 720px\" \/><\/a><p id=\"caption-attachment-127781\" class=\"wp-caption-text\">Seguran\u00e7a n\u00e3o se faz sem integra\u00e7\u00e3o\u201d, disse Pedro Bigardi<\/p><\/div>\n<p><strong><em>Kadija Rodrigues<br \/>\nFotos: Alessandro Rosman<\/em><\/strong><\/p>\n<p><strong>Assista \u00e0 reportagem da TVE Jundia\u00ed<\/strong><br \/>\n<iframe loading=\"lazy\" src=\"https:\/\/www.youtube.com\/embed\/9VgIkocBaL8\" width=\"420\" height=\"315\" frameborder=\"0\" allowfullscreen=\"allowfullscreen\"><\/iframe><\/p>\n","protected":false},"excerpt":{"rendered":"<p>Pedro Bigardi confirmou o ineditismo da a\u00e7\u00e3o na Aglomera\u00e7\u00e3o Urbana e sua ess\u00eancia pela integra\u00e7\u00e3o de for\u00e7as<\/p>\n","protected":false},"author":14,"featured_media":127782,"comment_status":"closed","ping_status":"closed","sticky":false,"template":"","format":"standard","meta":{"footnotes":""},"categories":[2],"tags":[593,428,448,847,250,31,560,58],"ods":[],"class_list":["post-127771","post","type-post","status-publish","format-standard","has-post-thumbnail","hentry","category-noticias","tag-aglomeracao-urbana-de-jundiai-auj","tag-camara-municipal","tag-conselho-dos-direitos-da-crianca-e-do-adolescente-cmdca","tag-gabinete-de-gestao-de-risco","tag-gabinete-de-gestao-integrada-municipal-ggim","tag-guarda-municipal","tag-plano-de-seguranca-publica-e-cidadania","tag-prefeito"],"_links":{"self":[{"href":"https:\/\/jundiai.sp.gov.br\/noticias\/wp-json\/wp\/v2\/posts\/127771","targetHints":{"allow":["GET"]}}],"collection":[{"href":"https:\/\/jundiai.sp.gov.br\/noticias\/wp-json\/wp\/v2\/posts"}],"about":[{"href":"https:\/\/jundiai.sp.gov.br\/noticias\/wp-json\/wp\/v2\/types\/post"}],"author":[{"embeddable":true,"href":"https:\/\/jundiai.sp.gov.br\/noticias\/wp-json\/wp\/v2\/users\/14"}],"replies":[{"embeddable":true,"href":"https:\/\/jundiai.sp.gov.br\/noticias\/wp-json\/wp\/v2\/comments?post=127771"}],"version-history":[{"count":12,"href":"https:\/\/jundiai.sp.gov.br\/noticias\/wp-json\/wp\/v2\/posts\/127771\/revisions"}],"predecessor-version":[{"id":257736,"href":"https:\/\/jundiai.sp.gov.br\/noticias\/wp-json\/wp\/v2\/posts\/127771\/revisions\/257736"}],"wp:featuredmedia":[{"embeddable":true,"href":"https:\/\/jundiai.sp.gov.br\/noticias\/wp-json\/wp\/v2\/media\/127782"}],"wp:attachment":[{"href":"https:\/\/jundiai.sp.gov.br\/noticias\/wp-json\/wp\/v2\/media?parent=127771"}],"wp:term":[{"taxonomy":"category","embeddable":true,"href":"https:\/\/jundiai.sp.gov.br\/noticias\/wp-json\/wp\/v2\/categories?post=127771"},{"taxonomy":"post_tag","embeddable":true,"href":"https:\/\/jundiai.sp.gov.br\/noticias\/wp-json\/wp\/v2\/tags?post=127771"},{"taxonomy":"ods","embeddable":true,"href":"https:\/\/jundiai.sp.gov.br\/noticias\/wp-json\/wp\/v2\/ods?post=127771"}],"curies":[{"name":"wp","href":"https:\/\/api.w.org\/{rel}","templated":true}]}}