{"id":129558,"date":"2015-03-24T18:20:33","date_gmt":"2015-03-24T21:20:33","guid":{"rendered":"https:\/\/jundiai.sp.gov.br\/noticias\/?p=129558"},"modified":"2016-11-04T11:10:22","modified_gmt":"2016-11-04T13:10:22","slug":"coordenadora-do-idoso-participa-de-grupo-na-ubs-aparecida","status":"publish","type":"post","link":"https:\/\/jundiai.sp.gov.br\/noticias\/2015\/03\/24\/coordenadora-do-idoso-participa-de-grupo-na-ubs-aparecida\/","title":{"rendered":"Coordenadora do Idoso participa de grupo na UBS Aparecida"},"content":{"rendered":"<p><strong>A titular da Coordenadoria do Idoso, Cl\u00e1udia Sartori, foi a convidada especial do grupo da terceira idade da UBS Aparecida, rec\u00e9m-criado em parceria com o CRAS S\u00e3o Camilo. Ela falou sobre os direitos e o estatuto do idoso.<\/strong><\/p>\n<p>\u201cConversas desse tipo s\u00e3o<strong> fundamentais <\/strong>para que os idosos se sintam valorizados, em primeiro lugar, e ainda merecedores de <strong>a\u00e7\u00f5es e pol\u00edticas<\/strong> voltadas para eles. \u00c9 assim que se concretiza o empoderamento\u201d, destacou Cl\u00e1udia.<\/p>\n<p><strong>MAIS COORDENADORIAS<br \/>\n<a href=\"https:\/\/jundiai.sp.gov.br\/noticias\/2015\/03\/21\/luta-contra-a-discriminacao-racial-tem-flash-mob-no-centro\/\" target=\"_blank\">Luta contra a discrimina\u00e7\u00e3o racial tem flash mob no Centro<\/a><br \/>\n<a href=\"https:\/\/jundiai.sp.gov.br\/noticias\/2015\/03\/23\/comad-promove-prevencao-a-dependencia-quimica-em-empresas\/\" target=\"_blank\">Comad promove preven\u00e7\u00e3o \u00e0 depend\u00eancia qu\u00edmica em empresas<\/a><\/strong><\/p>\n<div id=\"attachment_129560\" style=\"width: 730px\" class=\"wp-caption aligncenter\"><a href=\"https:\/\/jundiai.sp.gov.br\/noticias\/wp-content\/uploads\/sites\/32\/2015\/03\/palestra_idosos_ubs_vl_aparecida_P_9G.jpg\"><img loading=\"lazy\" decoding=\"async\" aria-describedby=\"caption-attachment-129560\" src=\"https:\/\/jundiai.sp.gov.br\/noticias\/wp-content\/uploads\/sites\/32\/2015\/03\/palestra_idosos_ubs_vl_aparecida_P_9G-720x434.jpg\" alt=\"Projeto intersetorial: UBS e CRAS coordenam o grupo\" width=\"720\" height=\"434\" class=\"size-large wp-image-129560\" srcset=\"https:\/\/jundiai.sp.gov.br\/noticias\/wp-content\/uploads\/sites\/32\/2015\/03\/palestra_idosos_ubs_vl_aparecida_P_9G-720x434.jpg 720w, https:\/\/jundiai.sp.gov.br\/noticias\/wp-content\/uploads\/sites\/32\/2015\/03\/palestra_idosos_ubs_vl_aparecida_P_9G-300x180.jpg 300w, https:\/\/jundiai.sp.gov.br\/noticias\/wp-content\/uploads\/sites\/32\/2015\/03\/palestra_idosos_ubs_vl_aparecida_P_9G.jpg 1240w\" sizes=\"auto, (max-width: 720px) 100vw, 720px\" \/><\/a><p id=\"caption-attachment-129560\" class=\"wp-caption-text\">Projeto intersetorial: UBS e CRAS coordenam o grupo<\/p><\/div>\n<p>Segundo ela, o<strong> retorno dos idosos, que participaram da reuni\u00e3o foi muito positivo.<\/strong> \u201cGeralmente, nesse tipo de atividade, eles ficam gratos por ampliarem seu conhecimento e se informar sobre a legisla\u00e7\u00e3o. Isso nos coloca a necessidade de ampliar essas a\u00e7\u00f5es em outros bairros. Todos puderam falar e contar sobre suas experi\u00eancias.\u201d<\/p>\n<p>O coordenador do CRAS S\u00e3o Camilo, Luiz Guilherme Fushini Camargo, explicou que <strong>o trabalho com idosos j\u00e1 \u00e9 realizado h\u00e1 seis meses na UBS S\u00e3o Camilo<\/strong>. \u201cObservamos durante nosso trabalho no CRAS S\u00e3o Camilo que os idosos de nosso territ\u00f3rio de abrang\u00eancia estavam vinculados \u00e0s unidades b\u00e1sicas de sa\u00fade. Desse modo, compreendemos que, <strong>para viabilizar a\u00e7\u00f5es que envolvessem este p\u00fablico era impreter\u00edvel que constitu\u00edssemos um trabalho em parceria com as UBS<\/strong>\u201d, explicou.<\/p>\n<p>E o <strong>trabalho j\u00e1 mostra resultados<\/strong>. \u201cDurante esse tempo de parceria, pudemos constatar que, al\u00e9m de <strong>alinhar e potencializar nossas a\u00e7\u00f5es<\/strong> com o p\u00fablico idoso do territ\u00f3rio, o di\u00e1logo com os colegas das unidades de sa\u00fade permite que outras a\u00e7\u00f5es sejam desenvolvidas\u201d, disse Luiz Guilherme. \u201cEssa parceria tamb\u00e9m facilita a <strong>troca de informa\u00e7\u00f5es sobre fam\u00edlias em situa\u00e7\u00e3o de vulnerabilidade no territ\u00f3rio<\/strong>\u201d, complementou.<\/p>\n<p><strong><em>Niza Souza<br \/>\nFoto: Paulo Gr\u00e9gio<\/em><\/strong><\/p>\n","protected":false},"excerpt":{"rendered":"<p>A titular da Coordenadoria do Idoso, Cl\u00e1udia Sartori, foi a convidada especial do grupo da terceira idade da UBS Aparecida, rec\u00e9m-criado em parceria com o CRAS S\u00e3o Camilo. Ela falou sobre os direitos e o estatuto do idoso. \u201cConversas desse tipo s\u00e3o fundamentais para que os idosos se sintam valorizados, em primeiro lugar, e ainda [&hellip;]<\/p>\n","protected":false},"author":14,"featured_media":0,"comment_status":"closed","ping_status":"closed","sticky":false,"template":"","format":"standard","meta":{"footnotes":""},"categories":[2],"tags":[664,87,3,73,665],"ods":[],"class_list":["post-129558","post","type-post","status-publish","format-standard","hentry","category-noticias","tag-centro-de-referencia-de-assistencia-social-cras","tag-coordenadoria-do-idoso","tag-saude","tag-secretaria-de-assistencia-e-desenvolvimento-social-semads","tag-unidade-basica-de-saude-ubs"],"_links":{"self":[{"href":"https:\/\/jundiai.sp.gov.br\/noticias\/wp-json\/wp\/v2\/posts\/129558","targetHints":{"allow":["GET"]}}],"collection":[{"href":"https:\/\/jundiai.sp.gov.br\/noticias\/wp-json\/wp\/v2\/posts"}],"about":[{"href":"https:\/\/jundiai.sp.gov.br\/noticias\/wp-json\/wp\/v2\/types\/post"}],"author":[{"embeddable":true,"href":"https:\/\/jundiai.sp.gov.br\/noticias\/wp-json\/wp\/v2\/users\/14"}],"replies":[{"embeddable":true,"href":"https:\/\/jundiai.sp.gov.br\/noticias\/wp-json\/wp\/v2\/comments?post=129558"}],"version-history":[{"count":2,"href":"https:\/\/jundiai.sp.gov.br\/noticias\/wp-json\/wp\/v2\/posts\/129558\/revisions"}],"predecessor-version":[{"id":129563,"href":"https:\/\/jundiai.sp.gov.br\/noticias\/wp-json\/wp\/v2\/posts\/129558\/revisions\/129563"}],"wp:attachment":[{"href":"https:\/\/jundiai.sp.gov.br\/noticias\/wp-json\/wp\/v2\/media?parent=129558"}],"wp:term":[{"taxonomy":"category","embeddable":true,"href":"https:\/\/jundiai.sp.gov.br\/noticias\/wp-json\/wp\/v2\/categories?post=129558"},{"taxonomy":"post_tag","embeddable":true,"href":"https:\/\/jundiai.sp.gov.br\/noticias\/wp-json\/wp\/v2\/tags?post=129558"},{"taxonomy":"ods","embeddable":true,"href":"https:\/\/jundiai.sp.gov.br\/noticias\/wp-json\/wp\/v2\/ods?post=129558"}],"curies":[{"name":"wp","href":"https:\/\/api.w.org\/{rel}","templated":true}]}}