{"id":129590,"date":"2015-03-24T18:49:41","date_gmt":"2015-03-24T21:49:41","guid":{"rendered":"https:\/\/jundiai.sp.gov.br\/noticias\/?p=129590"},"modified":"2016-11-04T11:10:24","modified_gmt":"2016-11-04T13:10:24","slug":"cultura-discute-acoes-para-ampliar-acesso-de-deficientes","status":"publish","type":"post","link":"https:\/\/jundiai.sp.gov.br\/noticias\/2015\/03\/24\/cultura-discute-acoes-para-ampliar-acesso-de-deficientes\/","title":{"rendered":"Cultura discute a\u00e7\u00f5es para ampliar acesso de deficientes"},"content":{"rendered":"<p><strong>O secret\u00e1rio de Cultura, T\u00e9rcio Marinho, e o respons\u00e1vel pela Coordenadoria dos Direitos da Pessoa com Defici\u00eancia, Reinaldo Fernandes, participaram de reuni\u00f5es, nesta ter\u00e7a-feira (24), para discutir a amplia\u00e7\u00e3o do acesso de deficientes \u00e0 cultura. <\/strong><\/p>\n<p><strong>Entre as a\u00e7\u00f5es est\u00e1 a aquisi\u00e7\u00e3o, ainda este ano, de uma cabine de audiodescri\u00e7\u00e3o que ser\u00e1 utilizada em espet\u00e1culos apresentados na cidade.<\/strong> Em reuni\u00e3o com a presidente da Associa\u00e7\u00e3o da Mulher Unimed (AMU) Jundia\u00ed, M\u00e1rcia Delamanha, e a coordenadora de Responsabilidade Socioambiental, Nalva Carvalho, foi discutida a capacita\u00e7\u00e3o de funcion\u00e1rios p\u00fablicos para atuar na cabine, j\u00e1 que a entidade desenvolve o projeto Vida Iluminada, voltado \u00e0s pessoas com defici\u00eancia visual, e utiliza a audiodescri\u00e7\u00e3o nos eventos.<\/p>\n<p><strong>LEIA TAMB\u00c9M<br \/>\n<a href=\"https:\/\/jundiai.sp.gov.br\/noticias\/2015\/03\/18\/executivo-e-lesgislativo-se-unem-por-conquistas-a-deficientes-e-idosos\/\" target=\"_blank\">Executivo e Legislativo se unem pelos deficientes e idosos<\/strong><\/a><br \/>\n<a href=\"https:\/\/jundiai.sp.gov.br\/noticias\/2015\/03\/19\/pat-e-coordenadoria-se-juntam-ao-inss-para-reabilitacao-profissional\/\" target=\"_blank\"><strong>PAT e Coordenadoria se juntam ao INSS para reabilita\u00e7\u00e3o<\/strong><\/a><\/p>\n<div id=\"attachment_129595\" style=\"width: 730px\" class=\"wp-caption aligncenter\"><a href=\"https:\/\/jundiai.sp.gov.br\/noticias\/wp-content\/uploads\/sites\/32\/2015\/03\/reuniao_udjrG.jpg\"><img loading=\"lazy\" decoding=\"async\" aria-describedby=\"caption-attachment-129595\" src=\"https:\/\/jundiai.sp.gov.br\/noticias\/wp-content\/uploads\/sites\/32\/2015\/03\/reuniao_udjrG-720x487.jpg\" alt=\"T\u00e9rcio e Reinaldo participaram de reuni\u00e3o na UDJR\" width=\"720\" height=\"487\" class=\"size-large wp-image-129595\" srcset=\"https:\/\/jundiai.sp.gov.br\/noticias\/wp-content\/uploads\/sites\/32\/2015\/03\/reuniao_udjrG-720x487.jpg 720w, https:\/\/jundiai.sp.gov.br\/noticias\/wp-content\/uploads\/sites\/32\/2015\/03\/reuniao_udjrG-300x202.jpg 300w, https:\/\/jundiai.sp.gov.br\/noticias\/wp-content\/uploads\/sites\/32\/2015\/03\/reuniao_udjrG.jpg 1240w\" sizes=\"auto, (max-width: 720px) 100vw, 720px\" \/><\/a><p id=\"caption-attachment-129595\" class=\"wp-caption-text\">T\u00e9rcio e Reinaldo participaram de reuni\u00e3o na UDJR<\/p><\/div>\n<p>\u201cA aquisi\u00e7\u00e3o da cabine de audiodescri\u00e7\u00e3o torna os espet\u00e1culos acess\u00edveis \u00e0s pessoas com defici\u00eancia visual. A proposta \u00e9 fazer uma parceria com a AMU para o treinamento dos funcion\u00e1rios que atuar\u00e3o na cabine\u201d, disse o secret\u00e1rio de Cultura.<\/p>\n<p>Segundo Reinaldo, a cabine atender\u00e1, al\u00e9m da pessoa com defici\u00eancia visual, idosos, disl\u00e9xicos e deficientes intelectuais. \u201cA ideia \u00e9 que a cabine esteja funcionando no segundo semestre. J\u00e1 temos o int\u00e9rprete de libras para as pessoas com defici\u00eancia auditiva e com a audiodescri\u00e7\u00e3o atendemos outras demandas. Nossa inten\u00e7\u00e3o \u00e9 que qualquer pessoa, independentemente da defici\u00eancia, tenha acesso aos espet\u00e1culos culturais.\u201d<\/p>\n<p><strong>Acessibilidade<\/strong><br \/>\nEm reuni\u00e3o realizada na Uni\u00e3o dos Deficientes de Jundia\u00ed e Regi\u00e3o (UDJR), T\u00e9rcio e Reinaldo tamb\u00e9m trataram de a\u00e7\u00f5es para aumentar a acessibilidade das pessoas com defici\u00eancia na cultura.<\/p>\n<p><div id=\"attachment_129594\" style=\"width: 410px\" class=\"wp-caption alignleft\"><a href=\"https:\/\/jundiai.sp.gov.br\/noticias\/wp-content\/uploads\/sites\/32\/2015\/03\/reuniao_amuG.jpg\"><img loading=\"lazy\" decoding=\"async\" aria-describedby=\"caption-attachment-129594\" src=\"https:\/\/jundiai.sp.gov.br\/noticias\/wp-content\/uploads\/sites\/32\/2015\/03\/reuniao_amuG-720x508.jpg\" alt=\"Na AMU, discuss\u00e3o de capacita\u00e7\u00e3o de funcion\u00e1rios\" width=\"400\" height=\"400\" class=\"size-large wp-image-129594\" \/><\/a><p id=\"caption-attachment-129594\" class=\"wp-caption-text\">Na AMU, discuss\u00e3o de capacita\u00e7\u00e3o de funcion\u00e1rios<\/p><\/div>No encontro, que contou com a participa\u00e7\u00e3o de diretores da Secretaria de Cultura, foram definidas algumas a\u00e7\u00f5es como a cess\u00e3o de espa\u00e7os p\u00fablicos para exposi\u00e7\u00f5es da entidade, inclus\u00e3o de atividades voltadas \u00e0s pessoas com defici\u00eancia e estudo para tornar os espa\u00e7os culturais acess\u00edveis, que inclui rampas de acesso, comunica\u00e7\u00e3o em braile e instala\u00e7\u00e3o de cabine de audiodescri\u00e7\u00e3o.<\/p>\n<p>\u201c\u00c9 importante o apoio que a Prefeitura tem dado, a reuni\u00e3o foi muito produtiva. Agora, o pr\u00f3ximo passo \u00e9 alinhar os detalhes para garantir a acessibilidade dos deficientes\u201d, disse o presidente da UDJS, Ariosto Francisco Concei\u00e7\u00e3o.<\/p>\n<p><em><strong>Viviane Rodrigues<br \/>\nFotos: Fot\u00f3grafos PJ <\/strong><\/em><\/p>\n","protected":false},"excerpt":{"rendered":"<p>O secret\u00e1rio de Cultura, T\u00e9rcio Marinho, e o respons\u00e1vel pela Coordenadoria dos Direitos da Pessoa com Defici\u00eancia, Reinaldo Fernandes, participaram de reuni\u00f5es, nesta ter\u00e7a-feira (24), para discutir a amplia\u00e7\u00e3o do acesso de deficientes \u00e0 cultura. Entre as a\u00e7\u00f5es est\u00e1 a aquisi\u00e7\u00e3o, ainda este ano, de uma cabine de audiodescri\u00e7\u00e3o que ser\u00e1 utilizada em espet\u00e1culos apresentados [&hellip;]<\/p>\n","protected":false},"author":10,"featured_media":0,"comment_status":"closed","ping_status":"closed","sticky":false,"template":"","format":"standard","meta":{"footnotes":""},"categories":[2],"tags":[509,29],"ods":[],"class_list":["post-129590","post","type-post","status-publish","format-standard","hentry","category-noticias","tag-coordenadoria-dos-direitos-das-pessoas-com-deficiencia","tag-cultura"],"_links":{"self":[{"href":"https:\/\/jundiai.sp.gov.br\/noticias\/wp-json\/wp\/v2\/posts\/129590","targetHints":{"allow":["GET"]}}],"collection":[{"href":"https:\/\/jundiai.sp.gov.br\/noticias\/wp-json\/wp\/v2\/posts"}],"about":[{"href":"https:\/\/jundiai.sp.gov.br\/noticias\/wp-json\/wp\/v2\/types\/post"}],"author":[{"embeddable":true,"href":"https:\/\/jundiai.sp.gov.br\/noticias\/wp-json\/wp\/v2\/users\/10"}],"replies":[{"embeddable":true,"href":"https:\/\/jundiai.sp.gov.br\/noticias\/wp-json\/wp\/v2\/comments?post=129590"}],"version-history":[{"count":5,"href":"https:\/\/jundiai.sp.gov.br\/noticias\/wp-json\/wp\/v2\/posts\/129590\/revisions"}],"predecessor-version":[{"id":129599,"href":"https:\/\/jundiai.sp.gov.br\/noticias\/wp-json\/wp\/v2\/posts\/129590\/revisions\/129599"}],"wp:attachment":[{"href":"https:\/\/jundiai.sp.gov.br\/noticias\/wp-json\/wp\/v2\/media?parent=129590"}],"wp:term":[{"taxonomy":"category","embeddable":true,"href":"https:\/\/jundiai.sp.gov.br\/noticias\/wp-json\/wp\/v2\/categories?post=129590"},{"taxonomy":"post_tag","embeddable":true,"href":"https:\/\/jundiai.sp.gov.br\/noticias\/wp-json\/wp\/v2\/tags?post=129590"},{"taxonomy":"ods","embeddable":true,"href":"https:\/\/jundiai.sp.gov.br\/noticias\/wp-json\/wp\/v2\/ods?post=129590"}],"curies":[{"name":"wp","href":"https:\/\/api.w.org\/{rel}","templated":true}]}}